{"id":87646,"date":"2025-05-27T07:20:40","date_gmt":"2025-05-27T10:20:40","guid":{"rendered":"https:\/\/noticiasbahia360.com.br\/?p=87646"},"modified":"2025-05-27T07:20:40","modified_gmt":"2025-05-27T10:20:40","slug":"acm-neto-rodrigo-pimentel-e-especialistas-discutem-seguranca-publica-no-evento-sos-bahia-em-salvador","status":"publish","type":"post","link":"https:\/\/noticiasbahia360.com.br\/?p=87646","title":{"rendered":"ACM Neto, Rodrigo Pimentel e especialistas discutem seguran\u00e7a p\u00fablica no evento \u201cSOS Bahia\u201d em Salvador"},"content":{"rendered":"<div>\n<div>\n<figure><img decoding=\"async\" src=\"http:\/\/noticiasbahia360.com.br\/wp-content\/uploads\/2025\/05\/SvPQjMxH-ACM-Neto-1.webp\" alt=\"ACM Neto - lamenta morte de Luiz de Deus\"><figcaption>Foto: Ascom\/ACM Neto <\/figcaption><\/figure>\n<\/div>\n<p>Diante da escalada da <a href=\"https:\/\/www.acordacidade.com.br\/tag\/violencia\/\">viol\u00eancia <\/a>na Bahia, a Funda\u00e7\u00e3o \u00cdndigo realiza no pr\u00f3ximo dia 5 de junho, \u00e0s 18h, no Hotel Fiesta, em <a href=\"https:\/\/www.acordacidade.com.br\/tag\/salvador-3\/\">Salvador<\/a>, o evento \u201cSOS Bahia \u2013 Caminhos para mudar a seguran\u00e7a p\u00fablica do nosso estado\u201d. O encontro re\u00fane nomes de peso da pol\u00edtica e especialistas em seguran\u00e7a p\u00fablica para discutir propostas e solu\u00e7\u00f5es para enfrentar a crise que atinge o estado.<\/p>\n<p>Entre os palestrantes confirmados est\u00e3o o ex-capit\u00e3o do BOPE e especialista em seguran\u00e7a, Rodrigo Pimentel, o comentarista pol\u00edtico Caio Coppolla, o governador de Goi\u00e1s, Ronaldo Caiado, o prefeito de Salvador, Bruno Reis, o deputado federal Capit\u00e3o Alden, o presidente nacional do Uni\u00e3o Brasil, Ant\u00f4nio Rueda, al\u00e9m do ex-prefeito de Salvador e vice-presidente do Uni\u00e3o Brasil, ACM Neto.<\/p>\n<p>A proposta do evento \u00e9 discutir experi\u00eancias bem-sucedidas em outros estados e apontar caminhos vi\u00e1veis para enfrentar o avan\u00e7o da criminalidade na Bahia, que hoje lidera os rankings nacionais de viol\u00eancia.<\/p>\n<p>\u201cA seguran\u00e7a p\u00fablica \u00e9 hoje um dos maiores desafios do Brasil e, aqui na Bahia, essa crise atinge n\u00edveis ainda mais alarmantes. Esse evento \u00e9 uma oportunidade para reunir especialistas e gestores que possam ajudar a construir solu\u00e7\u00f5es efetivas. A Bahia n\u00e3o pode mais conviver com essa realidade de medo e inseguran\u00e7a\u201d, afirmou ACM Neto, que participa do encontro representando a Funda\u00e7\u00e3o \u00cdndigo.<\/p>\n<p>As inscri\u00e7\u00f5es s\u00e3o gratuitas e podem ser feitas pelo site <a href=\"https:\/\/indigo.org.br\/\" target=\"_blank\" rel=\"noreferrer noopener\">indigo.org.br<\/a>.<\/p>\n<p><em>Siga o Acorda Cidade no<\/em><a href=\"https:\/\/news.google.com\/search?q=acorda%20cidade&amp;hl=pt-BR&amp;gl=BR&amp;ceid=BR%3Apt-419\"><strong><em>\u00a0Google Not\u00edcias<\/em><\/strong><\/a><em>\u00a0e receba os principais destaques do dia. Participe tamb\u00e9m dos nossos canais no\u00a0<\/em><a href=\"https:\/\/www.whatsapp.com\/channel\/0029Va6Rb4v3WHTNnsh8WI3N\"><strong><em>WhatsApp<\/em><\/strong><\/a><em>\u00a0e\u00a0<\/em><a href=\"https:\/\/www.youtube.com\/@acordacidadenoticias\/videos\"><strong>Youtube<\/strong><\/a><em>\u00a0e grupo de\u00a0<\/em><a href=\"https:\/\/t.me\/+sSz0khrgARA0ZmRh\"><strong><em>Telegram<\/em><\/strong><\/a><em>.<\/em><\/p>\n<\/div>\n","protected":false},"excerpt":{"rendered":"<div>\n<div>\n<figure><img decoding=\"async\" src=\"https:\/\/uploads.acordacidade.com.br\/2025\/04\/SvPQjMxH-ACM-Neto.webp\" alt=\"ACM Neto - lamenta morte de Luiz de Deus\"><figcaption>Foto: Ascom\/ACM Neto <\/figcaption><\/figure>\n<\/div>\n<p>As inscri\u00e7\u00f5es s\u00e3o gratuitas.<\/p><\/div>\n","protected":false},"author":1,"featured_media":87647,"comment_status":"closed","ping_status":"closed","sticky":false,"template":"","format":"gallery","meta":{"footnotes":""},"categories":[8,9,6,57,56,10],"tags":[],"class_list":["post-87646","post","type-post","status-publish","format-gallery","has-post-thumbnail","hentry","category-bahia","category-brasil","category-feira-de-santana","category-mundo","category-policia","category-politica","post_format-post-format-gallery"],"featured_image_urls":{"full":["https:\/\/noticiasbahia360.com.br\/wp-content\/uploads\/2025\/05\/SvPQjMxH-ACM-Neto-1.webp",1200,665,false],"thumbnail":["https:\/\/noticiasbahia360.com.br\/wp-content\/uploads\/2025\/05\/SvPQjMxH-ACM-Neto-1-150x150.webp",150,150,true],"medium":["https:\/\/noticiasbahia360.com.br\/wp-content\/uploads\/2025\/05\/SvPQjMxH-ACM-Neto-1-300x166.webp",300,166,true],"medium_large":["https:\/\/noticiasbahia360.com.br\/wp-content\/uploads\/2025\/05\/SvPQjMxH-ACM-Neto-1-768x426.webp",640,355,true],"large":["https:\/\/noticiasbahia360.com.br\/wp-content\/uploads\/2025\/05\/SvPQjMxH-ACM-Neto-1-1024x567.webp",640,354,true],"1536x1536":["https:\/\/noticiasbahia360.com.br\/wp-content\/uploads\/2025\/05\/SvPQjMxH-ACM-Neto-1.webp",1200,665,false],"2048x2048":["https:\/\/noticiasbahia360.com.br\/wp-content\/uploads\/2025\/05\/SvPQjMxH-ACM-Neto-1.webp",1200,665,false],"chromenews-featured":["https:\/\/noticiasbahia360.com.br\/wp-content\/uploads\/2025\/05\/SvPQjMxH-ACM-Neto-1-1024x567.webp",1024,567,true],"chromenews-large":["https:\/\/noticiasbahia360.com.br\/wp-content\/uploads\/2025\/05\/SvPQjMxH-ACM-Neto-1-825x575.webp",825,575,true],"chromenews-medium":["https:\/\/noticiasbahia360.com.br\/wp-content\/uploads\/2025\/05\/SvPQjMxH-ACM-Neto-1-590x410.webp",590,410,true]},"author_info":{"display_name":"noticiasbahia360.com.br","author_link":"https:\/\/noticiasbahia360.com.br\/?author=1"},"category_info":"<a href=\"https:\/\/noticiasbahia360.com.br\/?cat=8\" rel=\"category\">Bahia<\/a> <a href=\"https:\/\/noticiasbahia360.com.br\/?cat=9\" rel=\"category\">Brasil<\/a> <a href=\"https:\/\/noticiasbahia360.com.br\/?cat=6\" rel=\"category\">Feira de Santana<\/a> <a href=\"https:\/\/noticiasbahia360.com.br\/?cat=57\" rel=\"category\">Mundo<\/a> <a href=\"https:\/\/noticiasbahia360.com.br\/?cat=56\" rel=\"category\">Pol\u00edcia<\/a> <a href=\"https:\/\/noticiasbahia360.com.br\/?cat=10\" rel=\"category\">Pol\u00edtica<\/a>","tag_info":"Pol\u00edtica","comment_count":"0","_links":{"self":[{"href":"https:\/\/noticiasbahia360.com.br\/index.php?rest_route=\/wp\/v2\/posts\/87646","targetHints":{"allow":["GET"]}}],"collection":[{"href":"https:\/\/noticiasbahia360.com.br\/index.php?rest_route=\/wp\/v2\/posts"}],"about":[{"href":"https:\/\/noticiasbahia360.com.br\/index.php?rest_route=\/wp\/v2\/types\/post"}],"author":[{"embeddable":true,"href":"https:\/\/noticiasbahia360.com.br\/index.php?rest_route=\/wp\/v2\/users\/1"}],"replies":[{"embeddable":true,"href":"https:\/\/noticiasbahia360.com.br\/index.php?rest_route=%2Fwp%2Fv2%2Fcomments&post=87646"}],"version-history":[{"count":0,"href":"https:\/\/noticiasbahia360.com.br\/index.php?rest_route=\/wp\/v2\/posts\/87646\/revisions"}],"wp:featuredmedia":[{"embeddable":true,"href":"https:\/\/noticiasbahia360.com.br\/index.php?rest_route=\/wp\/v2\/media\/87647"}],"wp:attachment":[{"href":"https:\/\/noticiasbahia360.com.br\/index.php?rest_route=%2Fwp%2Fv2%2Fmedia&parent=87646"}],"wp:term":[{"taxonomy":"category","embeddable":true,"href":"https:\/\/noticiasbahia360.com.br\/index.php?rest_route=%2Fwp%2Fv2%2Fcategories&post=87646"},{"taxonomy":"post_tag","embeddable":true,"href":"https:\/\/noticiasbahia360.com.br\/index.php?rest_route=%2Fwp%2Fv2%2Ftags&post=87646"}],"curies":[{"name":"wp","href":"https:\/\/api.w.org\/{rel}","templated":true}]}} 