{"id":87688,"date":"2025-05-27T12:27:19","date_gmt":"2025-05-27T15:27:19","guid":{"rendered":"https:\/\/noticiasbahia360.com.br\/?p=87688"},"modified":"2025-05-27T12:27:19","modified_gmt":"2025-05-27T15:27:19","slug":"pedreiro-e-assassinado-no-distrito-de-matinha-em-feira-de-santana","status":"publish","type":"post","link":"https:\/\/noticiasbahia360.com.br\/?p=87688","title":{"rendered":"Pedreiro \u00e9 assassinado no distrito de Matinha, em Feira de Santana"},"content":{"rendered":"<div>\n<div>\n<figure><img decoding=\"async\" src=\"http:\/\/noticiasbahia360.com.br\/wp-content\/uploads\/2025\/05\/YfQZ3EOM-Homicidio-na-Matinha-.webp\" alt=\"Homic\u00eddio na Matinha -homem morto a tiros\"><figcaption>Foto: Ed Santos\/Acorda Cidade<\/figcaption><\/figure>\n<\/div>\n<p>Um pedreiro de 51 anos foi morto a tiros na manh\u00e3 desta ter\u00e7a-feira (27), no povoado do Baix\u00e3o, nas proximidades do Campo do Fluminense, no <a href=\"https:\/\/www.acordacidade.com.br\/tag\/matinha\/\">distrito de Matinha<\/a>, em Feira de Santana.<\/p>\n<p>De acordo com a 67\u00aa Companhia Independente da Pol\u00edcia Militar (CIPM), por volta das 10h30, a guarni\u00e7\u00e3o foi acionada pelo Cicom ap\u00f3s den\u00fancias de disparos de arma de fogo na regi\u00e3o. Ao chegar ao local, os policiais encontraram a v\u00edtima ca\u00edda ao solo, j\u00e1 sem sinais vitais.<\/p>\n<p>Segundo informa\u00e7\u00f5es apuradas pelo Acorda Cidade, o pedreiro foi identificado como <strong>Carlos Ant\u00f4nio do Carmo Cerqueira<\/strong>, de 51 anos. A autoria e motiva\u00e7\u00e3o do crime ainda s\u00e3o desconhecidas.<\/p>\n<figure class=\"wp-block-image size-large\"><img fetchpriority=\"high\" data-dominant-color=\"a0988f\" data-has-transparency=\"false\" style=\"--dominant-color: #a0988f;\" fetchpriority=\"high\" decoding=\"async\" width=\"1024\" height=\"756\" sizes=\"(max-width: 1024px) 100vw, 1024px\" src=\"http:\/\/noticiasbahia360.com.br\/wp-content\/uploads\/2025\/05\/yP2ngfAm-vitima-Carlos-Antonio-1024x756-1.webp\" alt=\"Homem morto na Matinha - Carlos Ant\u00f4nio do Carmo Cerqueira, de 51 anos\" class=\"wp-image-558641 not-transparent\" srcset=\"https:\/\/uploads.acordacidade.com.br\/2025\/05\/yP2ngfAm-vitima-Carlos-Antonio-300x222.webp 300w, http:\/\/noticiasbahia360.com.br\/wp-content\/uploads\/2025\/05\/yP2ngfAm-vitima-Carlos-Antonio-1024x756-1.webp 1024w, https:\/\/uploads.acordacidade.com.br\/2025\/05\/yP2ngfAm-vitima-Carlos-Antonio-768x567.webp 768w, https:\/\/uploads.acordacidade.com.br\/2025\/05\/yP2ngfAm-vitima-Carlos-Antonio-150x111.webp 150w, https:\/\/uploads.acordacidade.com.br\/2025\/05\/yP2ngfAm-vitima-Carlos-Antonio.webp 1200w\"><figcaption class=\"wp-element-caption\">Carlos Ant\u00f4nio do Carmo Cerqueira, de 51 anos <\/figcaption><\/figure>\n<p>O Departamento de Pol\u00edcia T\u00e9cnica (DPT) esteve no local para realizar a per\u00edcia. O delegado Gustavo Coutinho presidiu o levantamento cadav\u00e9rico.\u00a0<\/p>\n<p>O corpo de Carlos Ant\u00f4nio foi removido e encaminhado para o Instituto M\u00e9dico Legal (IML) de Feira de Santana.<\/p>\n<p>O caso ser\u00e1 investigado pela Pol\u00edcia Civil.<\/p>\n<p><em>Com informa\u00e7\u00f5es do rep\u00f3rter Ed Santos do Acorda Cidade<\/em><\/p>\n<p><em>Siga o Acorda Cidade no<\/em><a href=\"https:\/\/news.google.com\/search?q=acorda%20cidade&amp;hl=pt-BR&amp;gl=BR&amp;ceid=BR%3Apt-419\"><strong><em>\u00a0Google Not\u00edcias<\/em><\/strong><\/a><em>\u00a0e receba os principais destaques do dia. Participe tamb\u00e9m dos nossos canais no\u00a0<\/em><a href=\"https:\/\/www.whatsapp.com\/channel\/0029Va6Rb4v3WHTNnsh8WI3N\"><strong><em>WhatsApp<\/em><\/strong><\/a><em>\u00a0e\u00a0<\/em><a href=\"https:\/\/www.youtube.com\/@acordacidadenoticias\/videos\"><strong>Youtube<\/strong><\/a><em>\u00a0e grupo de\u00a0<\/em><a href=\"https:\/\/t.me\/+sSz0khrgARA0ZmRh\"><strong><em>Telegram<\/em><\/strong><\/a><em>.<\/em><\/p>\n<\/div>\n","protected":false},"excerpt":{"rendered":"<div>\n<div>\n<figure><img decoding=\"async\" src=\"https:\/\/uploads.acordacidade.com.br\/2025\/05\/YfQZ3EOM-Homicidio-na-Matinha-.webp\" alt=\"Homic\u00eddio na Matinha -homem morto a tiros\"><figcaption>Foto: Ed Santos\/Acorda Cidade<\/figcaption><\/figure>\n<\/div>\n<p>Ao chegar ao local, os policiais encontraram a v\u00edtima ca\u00edda ao solo, j\u00e1 sem sinais vitais. Ele foi morto a tiros.<\/p><\/div>\n","protected":false},"author":1,"featured_media":87689,"comment_status":"closed","ping_status":"closed","sticky":false,"template":"","format":"gallery","meta":{"footnotes":""},"categories":[8,9,6,57,56,10],"tags":[],"class_list":["post-87688","post","type-post","status-publish","format-gallery","has-post-thumbnail","hentry","category-bahia","category-brasil","category-feira-de-santana","category-mundo","category-policia","category-politica","post_format-post-format-gallery"],"featured_image_urls":{"full":["https:\/\/noticiasbahia360.com.br\/wp-content\/uploads\/2025\/05\/YfQZ3EOM-Homicidio-na-Matinha-.webp",1200,675,false],"thumbnail":["https:\/\/noticiasbahia360.com.br\/wp-content\/uploads\/2025\/05\/YfQZ3EOM-Homicidio-na-Matinha--150x150.webp",150,150,true],"medium":["https:\/\/noticiasbahia360.com.br\/wp-content\/uploads\/2025\/05\/YfQZ3EOM-Homicidio-na-Matinha--300x169.webp",300,169,true],"medium_large":["https:\/\/noticiasbahia360.com.br\/wp-content\/uploads\/2025\/05\/YfQZ3EOM-Homicidio-na-Matinha--768x432.webp",640,360,true],"large":["https:\/\/noticiasbahia360.com.br\/wp-content\/uploads\/2025\/05\/YfQZ3EOM-Homicidio-na-Matinha--1024x576.webp",640,360,true],"1536x1536":["https:\/\/noticiasbahia360.com.br\/wp-content\/uploads\/2025\/05\/YfQZ3EOM-Homicidio-na-Matinha-.webp",1200,675,false],"2048x2048":["https:\/\/noticiasbahia360.com.br\/wp-content\/uploads\/2025\/05\/YfQZ3EOM-Homicidio-na-Matinha-.webp",1200,675,false],"chromenews-featured":["https:\/\/noticiasbahia360.com.br\/wp-content\/uploads\/2025\/05\/YfQZ3EOM-Homicidio-na-Matinha--1024x576.webp",1024,576,true],"chromenews-large":["https:\/\/noticiasbahia360.com.br\/wp-content\/uploads\/2025\/05\/YfQZ3EOM-Homicidio-na-Matinha--825x575.webp",825,575,true],"chromenews-medium":["https:\/\/noticiasbahia360.com.br\/wp-content\/uploads\/2025\/05\/YfQZ3EOM-Homicidio-na-Matinha--590x410.webp",590,410,true]},"author_info":{"display_name":"noticiasbahia360.com.br","author_link":"https:\/\/noticiasbahia360.com.br\/?author=1"},"category_info":"<a href=\"https:\/\/noticiasbahia360.com.br\/?cat=8\" rel=\"category\">Bahia<\/a> <a href=\"https:\/\/noticiasbahia360.com.br\/?cat=9\" rel=\"category\">Brasil<\/a> <a href=\"https:\/\/noticiasbahia360.com.br\/?cat=6\" rel=\"category\">Feira de Santana<\/a> <a href=\"https:\/\/noticiasbahia360.com.br\/?cat=57\" rel=\"category\">Mundo<\/a> <a href=\"https:\/\/noticiasbahia360.com.br\/?cat=56\" rel=\"category\">Pol\u00edcia<\/a> <a href=\"https:\/\/noticiasbahia360.com.br\/?cat=10\" rel=\"category\">Pol\u00edtica<\/a>","tag_info":"Pol\u00edtica","comment_count":"0","_links":{"self":[{"href":"https:\/\/noticiasbahia360.com.br\/index.php?rest_route=\/wp\/v2\/posts\/87688","targetHints":{"allow":["GET"]}}],"collection":[{"href":"https:\/\/noticiasbahia360.com.br\/index.php?rest_route=\/wp\/v2\/posts"}],"about":[{"href":"https:\/\/noticiasbahia360.com.br\/index.php?rest_route=\/wp\/v2\/types\/post"}],"author":[{"embeddable":true,"href":"https:\/\/noticiasbahia360.com.br\/index.php?rest_route=\/wp\/v2\/users\/1"}],"replies":[{"embeddable":true,"href":"https:\/\/noticiasbahia360.com.br\/index.php?rest_route=%2Fwp%2Fv2%2Fcomments&post=87688"}],"version-history":[{"count":0,"href":"https:\/\/noticiasbahia360.com.br\/index.php?rest_route=\/wp\/v2\/posts\/87688\/revisions"}],"wp:featuredmedia":[{"embeddable":true,"href":"https:\/\/noticiasbahia360.com.br\/index.php?rest_route=\/wp\/v2\/media\/87689"}],"wp:attachment":[{"href":"https:\/\/noticiasbahia360.com.br\/index.php?rest_route=%2Fwp%2Fv2%2Fmedia&parent=87688"}],"wp:term":[{"taxonomy":"category","embeddable":true,"href":"https:\/\/noticiasbahia360.com.br\/index.php?rest_route=%2Fwp%2Fv2%2Fcategories&post=87688"},{"taxonomy":"post_tag","embeddable":true,"href":"https:\/\/noticiasbahia360.com.br\/index.php?rest_route=%2Fwp%2Fv2%2Ftags&post=87688"}],"curies":[{"name":"wp","href":"https:\/\/api.w.org\/{rel}","templated":true}]}}