{"id":87693,"date":"2025-05-27T12:50:48","date_gmt":"2025-05-27T15:50:48","guid":{"rendered":"https:\/\/noticiasbahia360.com.br\/?p=87693"},"modified":"2025-05-27T12:50:48","modified_gmt":"2025-05-27T15:50:48","slug":"sesab-anuncia-convocacao-de-605-profissionais-para-ampliar-atendimento-na-saude","status":"publish","type":"post","link":"https:\/\/noticiasbahia360.com.br\/?p=87693","title":{"rendered":"Sesab anuncia convoca\u00e7\u00e3o de 605 profissionais para ampliar atendimento na sa\u00fade"},"content":{"rendered":"<div>\n<div>\n<figure><img decoding=\"async\" src=\"http:\/\/noticiasbahia360.com.br\/wp-content\/uploads\/2025\/05\/lBJhNH1u-saude-Sesab-.webp\" alt=\"Sa\u00fade Sesab\"><figcaption>Foto: Divulga\u00e7\u00e3o\/Sesab<\/figcaption><\/figure>\n<\/div>\n<p><strong>A Secretaria da Sa\u00fade do Estado da Bahia (<a href=\"https:\/\/www.acordacidade.com.br\/tag\/sesab\/\">Sesab<\/a>) convocou 605 profissionais aprovados no Processo Seletivo Simplificado Reda 001\/2025.<\/strong> A lista foi publicada nesta ter\u00e7a-feira (27), no Di\u00e1rio Oficial do Estado (DOE), e contempla trabalhadores de diversas \u00e1reas de atua\u00e7\u00e3o e regi\u00f5es da Bahia.<\/p>\n<p>Esta \u00e9 a primeira convoca\u00e7\u00e3o do certame, que prev\u00ea, ao todo, 3.778 contrata\u00e7\u00f5es ao longo de 2025. As convoca\u00e7\u00f5es ser\u00e3o realizadas de forma gradativa, obedecendo \u00e0 ordem de classifica\u00e7\u00e3o dos candidatos aptos, conforme os requisitos estabelecidos no edital.<\/p>\n<p>Os convocados dever\u00e3o enviar a documenta\u00e7\u00e3o exigida entre os dias 29 de maio e 9 de junho \u2014 prazo de 12 dias corridos. As instru\u00e7\u00f5es detalhadas e os formul\u00e1rios est\u00e3o dispon\u00edveis no site da Sesab, na aba \u201cProcessos Seletivos\u201d e no banner da p\u00e1gina inicial.<\/p>\n<p>A comunica\u00e7\u00e3o oficial ser\u00e1 feita por e-mail, a partir do endere\u00e7o cpm.reda@ba.gov.br, da Coordena\u00e7\u00e3o de Provimentos e Movimenta\u00e7\u00f5es da Superintend\u00eancia de Recursos Humanos (CPM\/Superh).<\/p>\n<p>N\u00e3o haver\u00e1 cobran\u00e7a de qualquer taxa adicional aos convocados. Em caso de cobran\u00e7as indevidas, a Sesab refor\u00e7a o alerta para poss\u00edveis tentativas de golpe.<\/p>\n<h2 class=\"wp-block-heading\" id=\"h-proximas-convocacoes\">Pr\u00f3ximas convoca\u00e7\u00f5es<\/h2>\n<p>Novas convoca\u00e7\u00f5es ser\u00e3o divulgadas conforme a necessidade do servi\u00e7o e dentro do prazo de validade do processo seletivo. As atualiza\u00e7\u00f5es estar\u00e3o dispon\u00edveis exclusivamente no Di\u00e1rio Oficial do Estado, nos sites oficiais da Sesab e do Instituto de Desenvolvimento e Capacita\u00e7\u00e3o (Idcap).<\/p>\n<p><em>Siga o Acorda Cidade no<\/em><a href=\"https:\/\/news.google.com\/search?q=acorda%20cidade&amp;hl=pt-BR&amp;gl=BR&amp;ceid=BR%3Apt-419\"><strong><em>\u00a0Google Not\u00edcias<\/em><\/strong><\/a><em>\u00a0e receba os principais destaques do dia. Participe tamb\u00e9m dos nossos canais no\u00a0<\/em><a href=\"https:\/\/www.whatsapp.com\/channel\/0029Va6Rb4v3WHTNnsh8WI3N\"><strong><em>WhatsApp<\/em><\/strong><\/a><em>\u00a0e\u00a0<\/em><a href=\"https:\/\/www.youtube.com\/@acordacidadenoticias\/videos\"><strong>Youtube<\/strong><\/a><em>\u00a0e grupo de\u00a0<\/em><a href=\"https:\/\/t.me\/+sSz0khrgARA0ZmRh\"><strong><em>Telegram<\/em><\/strong><\/a><em>.<\/em><\/p>\n<\/div>\n","protected":false},"excerpt":{"rendered":"<div>\n<div>\n<figure><img decoding=\"async\" src=\"https:\/\/uploads.acordacidade.com.br\/2025\/05\/lBJhNH1u-saude-Sesab-.webp\" alt=\"Sa\u00fade Sesab\"><figcaption>Foto: Divulga\u00e7\u00e3o\/Sesab<\/figcaption><\/figure>\n<\/div>\n<p>Segundo a Sesab, esta \u00e9 a primeira convoca\u00e7\u00e3o do certame, que prev\u00ea, ao todo, 3.778 contrata\u00e7\u00f5es ao longo de 2025.<\/p><\/div>\n","protected":false},"author":1,"featured_media":87694,"comment_status":"closed","ping_status":"closed","sticky":false,"template":"","format":"gallery","meta":{"footnotes":""},"categories":[8,9,6,57,56,10],"tags":[],"class_list":["post-87693","post","type-post","status-publish","format-gallery","has-post-thumbnail","hentry","category-bahia","category-brasil","category-feira-de-santana","category-mundo","category-policia","category-politica","post_format-post-format-gallery"],"featured_image_urls":{"full":["https:\/\/noticiasbahia360.com.br\/wp-content\/uploads\/2025\/05\/lBJhNH1u-saude-Sesab-.webp",1200,800,false],"thumbnail":["https:\/\/noticiasbahia360.com.br\/wp-content\/uploads\/2025\/05\/lBJhNH1u-saude-Sesab--150x150.webp",150,150,true],"medium":["https:\/\/noticiasbahia360.com.br\/wp-content\/uploads\/2025\/05\/lBJhNH1u-saude-Sesab--300x200.webp",300,200,true],"medium_large":["https:\/\/noticiasbahia360.com.br\/wp-content\/uploads\/2025\/05\/lBJhNH1u-saude-Sesab--768x512.webp",640,427,true],"large":["https:\/\/noticiasbahia360.com.br\/wp-content\/uploads\/2025\/05\/lBJhNH1u-saude-Sesab--1024x683.webp",640,427,true],"1536x1536":["https:\/\/noticiasbahia360.com.br\/wp-content\/uploads\/2025\/05\/lBJhNH1u-saude-Sesab-.webp",1200,800,false],"2048x2048":["https:\/\/noticiasbahia360.com.br\/wp-content\/uploads\/2025\/05\/lBJhNH1u-saude-Sesab-.webp",1200,800,false],"chromenews-featured":["https:\/\/noticiasbahia360.com.br\/wp-content\/uploads\/2025\/05\/lBJhNH1u-saude-Sesab--1024x683.webp",1024,683,true],"chromenews-large":["https:\/\/noticiasbahia360.com.br\/wp-content\/uploads\/2025\/05\/lBJhNH1u-saude-Sesab--825x575.webp",825,575,true],"chromenews-medium":["https:\/\/noticiasbahia360.com.br\/wp-content\/uploads\/2025\/05\/lBJhNH1u-saude-Sesab--590x410.webp",590,410,true]},"author_info":{"display_name":"noticiasbahia360.com.br","author_link":"https:\/\/noticiasbahia360.com.br\/?author=1"},"category_info":"<a href=\"https:\/\/noticiasbahia360.com.br\/?cat=8\" rel=\"category\">Bahia<\/a> <a href=\"https:\/\/noticiasbahia360.com.br\/?cat=9\" rel=\"category\">Brasil<\/a> <a href=\"https:\/\/noticiasbahia360.com.br\/?cat=6\" rel=\"category\">Feira de Santana<\/a> <a href=\"https:\/\/noticiasbahia360.com.br\/?cat=57\" rel=\"category\">Mundo<\/a> <a href=\"https:\/\/noticiasbahia360.com.br\/?cat=56\" rel=\"category\">Pol\u00edcia<\/a> <a href=\"https:\/\/noticiasbahia360.com.br\/?cat=10\" rel=\"category\">Pol\u00edtica<\/a>","tag_info":"Pol\u00edtica","comment_count":"0","_links":{"self":[{"href":"https:\/\/noticiasbahia360.com.br\/index.php?rest_route=\/wp\/v2\/posts\/87693","targetHints":{"allow":["GET"]}}],"collection":[{"href":"https:\/\/noticiasbahia360.com.br\/index.php?rest_route=\/wp\/v2\/posts"}],"about":[{"href":"https:\/\/noticiasbahia360.com.br\/index.php?rest_route=\/wp\/v2\/types\/post"}],"author":[{"embeddable":true,"href":"https:\/\/noticiasbahia360.com.br\/index.php?rest_route=\/wp\/v2\/users\/1"}],"replies":[{"embeddable":true,"href":"https:\/\/noticiasbahia360.com.br\/index.php?rest_route=%2Fwp%2Fv2%2Fcomments&post=87693"}],"version-history":[{"count":0,"href":"https:\/\/noticiasbahia360.com.br\/index.php?rest_route=\/wp\/v2\/posts\/87693\/revisions"}],"wp:featuredmedia":[{"embeddable":true,"href":"https:\/\/noticiasbahia360.com.br\/index.php?rest_route=\/wp\/v2\/media\/87694"}],"wp:attachment":[{"href":"https:\/\/noticiasbahia360.com.br\/index.php?rest_route=%2Fwp%2Fv2%2Fmedia&parent=87693"}],"wp:term":[{"taxonomy":"category","embeddable":true,"href":"https:\/\/noticiasbahia360.com.br\/index.php?rest_route=%2Fwp%2Fv2%2Fcategories&post=87693"},{"taxonomy":"post_tag","embeddable":true,"href":"https:\/\/noticiasbahia360.com.br\/index.php?rest_route=%2Fwp%2Fv2%2Ftags&post=87693"}],"curies":[{"name":"wp","href":"https:\/\/api.w.org\/{rel}","templated":true}]}}