{"id":88481,"date":"2025-06-02T16:25:23","date_gmt":"2025-06-02T19:25:23","guid":{"rendered":"https:\/\/noticiasbahia360.com.br\/?p=88481"},"modified":"2025-06-02T16:25:23","modified_gmt":"2025-06-02T19:25:23","slug":"mercado-de-arte-popular-sedia-1o-encontro-de-violeiros-repentistas-cordelistas-e-escritores","status":"publish","type":"post","link":"https:\/\/noticiasbahia360.com.br\/?p=88481","title":{"rendered":"Mercado de Arte Popular sedia 1\u00ba encontro de violeiros, repentistas, cordelistas e escritores"},"content":{"rendered":"<div>\n<div>\n<figure><img decoding=\"async\" src=\"http:\/\/noticiasbahia360.com.br\/wp-content\/uploads\/2025\/06\/encontrodevioleiros_mercadodearte_divulgacao-1.jpg\" alt=\"Encontro de Cordelistas\"><figcaption>Foto: Divulga\u00e7\u00e3o<\/figcaption><\/figure>\n<\/div>\n<p>O Mercado de Arte Popular de <a href=\"https:\/\/www.acordacidade.com.br\/tag\/feira-de-santana\/\">Feira de Santana<\/a> receber\u00e1, no pr\u00f3ximo dia 5 de junho, o 1\u00ba Encontro de violeiros, repentistas, cordelistas e escritores. A programa\u00e7\u00e3o tem in\u00edcio \u00e0s 10h, num encontro cultural que inclui apresenta\u00e7\u00f5es de artistas da poesia, literatura de cordel, m\u00fasica de raiz e tamb\u00e9m a presen\u00e7a do artista pl\u00e1stico Ol\u00edvio Pacheco.<\/p>\n<p>A partir das 11h, o p\u00fablico poder\u00e1 participar do Escambo do Cordel, um momento dedicado \u00e0 troca de folhetos de cordel entre os participantes \u2014 basta levar um cordel de casa para trocar por outro.<\/p>\n<figure class=\"wp-block-image size-large is-resized\"><img fetchpriority=\"high\" data-dominant-color=\"d0b182\" data-has-transparency=\"false\" fetchpriority=\"high\" decoding=\"async\" width=\"543\" height=\"768\" sizes=\"(max-width: 543px) 100vw, 543px\" src=\"http:\/\/noticiasbahia360.com.br\/wp-content\/uploads\/2025\/06\/qEs0iYZ8-encontrodevioleiros_mercadodearte_divulgacao-2-543x768-1.webp\" alt=\"Encontro de Cordelistas\" class=\"wp-image-561245 not-transparent\" style=\"--dominant-color: #d0b182; width:840px;height:auto\" srcset=\"https:\/\/uploads.acordacidade.com.br\/2025\/06\/qEs0iYZ8-encontrodevioleiros_mercadodearte_divulgacao-2-258x365.webp 258w, http:\/\/noticiasbahia360.com.br\/wp-content\/uploads\/2025\/06\/qEs0iYZ8-encontrodevioleiros_mercadodearte_divulgacao-2-543x768-1.webp 543w, https:\/\/uploads.acordacidade.com.br\/2025\/06\/qEs0iYZ8-encontrodevioleiros_mercadodearte_divulgacao-2-391x553.webp 391w, https:\/\/uploads.acordacidade.com.br\/2025\/06\/qEs0iYZ8-encontrodevioleiros_mercadodearte_divulgacao-2-1087x1536.webp 1087w, https:\/\/uploads.acordacidade.com.br\/2025\/06\/qEs0iYZ8-encontrodevioleiros_mercadodearte_divulgacao-2-150x212.webp 150w, https:\/\/uploads.acordacidade.com.br\/2025\/06\/qEs0iYZ8-encontrodevioleiros_mercadodearte_divulgacao-2.webp 1200w\"><figcaption class=\"wp-element-caption\">Foto: Divulga\u00e7\u00e3o<\/figcaption><\/figure>\n<p>A atividade ser\u00e1 realizada no pr\u00f3prio Mercado de Arte Popular, localizado na Avenida Get\u00falio Vargas, e \u00e9 aberta a todos os p\u00fablicos. O evento busca fomentar o encontro entre artistas e apreciadores, al\u00e9m de ser uma oportunidade de valorizar e promover a tradicional cultura popular nordestina.<\/p>\n<p><em>Reportagem escrita pelo estagi\u00e1rio de jornalismo Davi Cerqueira sob supervis\u00e3o do jornalista Gabriel Gon\u00e7alves<\/em><\/p>\n<p><em>Siga o Acorda Cidade no<\/em><a href=\"https:\/\/news.google.com\/search?q=acorda%20cidade&amp;hl=pt-BR&amp;gl=BR&amp;ceid=BR%3Apt-419\"><strong><em> Google Not\u00edcias<\/em><\/strong><\/a><em> e receba os principais destaques do dia. Participe tamb\u00e9m dos nossos canais no <\/em><a href=\"https:\/\/whatsapp.com\/channel\/0029Va6Rb4v3WHTNnsh8WI3N\"><strong><em>WhatsApp<\/em><\/strong><\/a><em> e <\/em><a href=\"https:\/\/www.youtube.com\/@acordacidadenoticias\/videos\"><strong>Youtube<\/strong><\/a><em> e grupo de <\/em><a href=\"https:\/\/t.me\/+sSz0khrgARA0ZmRh\"><strong><em>Telegram<\/em><\/strong><\/a><em>.<\/em><\/p>\n<\/div>\n","protected":false},"excerpt":{"rendered":"<div>\n<div>\n<figure><img decoding=\"async\" src=\"https:\/\/uploads.acordacidade.com.br\/2025\/06\/encontrodevioleiros_mercadodearte_divulgacao-1.jpg\" alt=\"Encontro de Cordelistas\"><figcaption>Foto: Divulga\u00e7\u00e3o<\/figcaption><\/figure>\n<\/div>\n<p>Encontro reunir\u00e1 representantes da cultura popular nordestina no dia 5 de junho com programa\u00e7\u00e3o aberta ao p\u00fablico<\/p><\/div>\n","protected":false},"author":1,"featured_media":88482,"comment_status":"closed","ping_status":"closed","sticky":false,"template":"","format":"gallery","meta":{"footnotes":""},"categories":[8,9,6,57,56,10],"tags":[],"class_list":["post-88481","post","type-post","status-publish","format-gallery","has-post-thumbnail","hentry","category-bahia","category-brasil","category-feira-de-santana","category-mundo","category-policia","category-politica","post_format-post-format-gallery"],"featured_image_urls":{"full":["https:\/\/noticiasbahia360.com.br\/wp-content\/uploads\/2025\/06\/encontrodevioleiros_mercadodearte_divulgacao-1.jpg",1200,800,false],"thumbnail":["https:\/\/noticiasbahia360.com.br\/wp-content\/uploads\/2025\/06\/encontrodevioleiros_mercadodearte_divulgacao-1-150x150.jpg",150,150,true],"medium":["https:\/\/noticiasbahia360.com.br\/wp-content\/uploads\/2025\/06\/encontrodevioleiros_mercadodearte_divulgacao-1-300x200.jpg",300,200,true],"medium_large":["https:\/\/noticiasbahia360.com.br\/wp-content\/uploads\/2025\/06\/encontrodevioleiros_mercadodearte_divulgacao-1-768x512.jpg",640,427,true],"large":["https:\/\/noticiasbahia360.com.br\/wp-content\/uploads\/2025\/06\/encontrodevioleiros_mercadodearte_divulgacao-1-1024x683.jpg",640,427,true],"1536x1536":["https:\/\/noticiasbahia360.com.br\/wp-content\/uploads\/2025\/06\/encontrodevioleiros_mercadodearte_divulgacao-1.jpg",1200,800,false],"2048x2048":["https:\/\/noticiasbahia360.com.br\/wp-content\/uploads\/2025\/06\/encontrodevioleiros_mercadodearte_divulgacao-1.jpg",1200,800,false],"chromenews-featured":["https:\/\/noticiasbahia360.com.br\/wp-content\/uploads\/2025\/06\/encontrodevioleiros_mercadodearte_divulgacao-1-1024x683.jpg",1024,683,true],"chromenews-large":["https:\/\/noticiasbahia360.com.br\/wp-content\/uploads\/2025\/06\/encontrodevioleiros_mercadodearte_divulgacao-1-825x575.jpg",825,575,true],"chromenews-medium":["https:\/\/noticiasbahia360.com.br\/wp-content\/uploads\/2025\/06\/encontrodevioleiros_mercadodearte_divulgacao-1-590x410.jpg",590,410,true]},"author_info":{"display_name":"noticiasbahia360.com.br","author_link":"https:\/\/noticiasbahia360.com.br\/?author=1"},"category_info":"<a href=\"https:\/\/noticiasbahia360.com.br\/?cat=8\" rel=\"category\">Bahia<\/a> <a href=\"https:\/\/noticiasbahia360.com.br\/?cat=9\" rel=\"category\">Brasil<\/a> <a href=\"https:\/\/noticiasbahia360.com.br\/?cat=6\" rel=\"category\">Feira de Santana<\/a> <a href=\"https:\/\/noticiasbahia360.com.br\/?cat=57\" rel=\"category\">Mundo<\/a> <a href=\"https:\/\/noticiasbahia360.com.br\/?cat=56\" rel=\"category\">Pol\u00edcia<\/a> <a href=\"https:\/\/noticiasbahia360.com.br\/?cat=10\" rel=\"category\">Pol\u00edtica<\/a>","tag_info":"Pol\u00edtica","comment_count":"0","_links":{"self":[{"href":"https:\/\/noticiasbahia360.com.br\/index.php?rest_route=\/wp\/v2\/posts\/88481","targetHints":{"allow":["GET"]}}],"collection":[{"href":"https:\/\/noticiasbahia360.com.br\/index.php?rest_route=\/wp\/v2\/posts"}],"about":[{"href":"https:\/\/noticiasbahia360.com.br\/index.php?rest_route=\/wp\/v2\/types\/post"}],"author":[{"embeddable":true,"href":"https:\/\/noticiasbahia360.com.br\/index.php?rest_route=\/wp\/v2\/users\/1"}],"replies":[{"embeddable":true,"href":"https:\/\/noticiasbahia360.com.br\/index.php?rest_route=%2Fwp%2Fv2%2Fcomments&post=88481"}],"version-history":[{"count":0,"href":"https:\/\/noticiasbahia360.com.br\/index.php?rest_route=\/wp\/v2\/posts\/88481\/revisions"}],"wp:featuredmedia":[{"embeddable":true,"href":"https:\/\/noticiasbahia360.com.br\/index.php?rest_route=\/wp\/v2\/media\/88482"}],"wp:attachment":[{"href":"https:\/\/noticiasbahia360.com.br\/index.php?rest_route=%2Fwp%2Fv2%2Fmedia&parent=88481"}],"wp:term":[{"taxonomy":"category","embeddable":true,"href":"https:\/\/noticiasbahia360.com.br\/index.php?rest_route=%2Fwp%2Fv2%2Fcategories&post=88481"},{"taxonomy":"post_tag","embeddable":true,"href":"https:\/\/noticiasbahia360.com.br\/index.php?rest_route=%2Fwp%2Fv2%2Ftags&post=88481"}],"curies":[{"name":"wp","href":"https:\/\/api.w.org\/{rel}","templated":true}]}}