{"id":88535,"date":"2025-06-03T08:00:35","date_gmt":"2025-06-03T11:00:35","guid":{"rendered":"https:\/\/noticiasbahia360.com.br\/?p=88535"},"modified":"2025-06-03T08:00:35","modified_gmt":"2025-06-03T11:00:35","slug":"detran-ba-tem-cerca-de-2-mil-lotes-contendo-veiculos-e-sucatas-aproveitaveis-em-leiloes","status":"publish","type":"post","link":"https:\/\/noticiasbahia360.com.br\/?p=88535","title":{"rendered":"Detran-BA tem cerca de 2 mil lotes contendo ve\u00edculos e sucatas aproveit\u00e1veis em leil\u00f5es"},"content":{"rendered":"<div>\n<div>\n<figure><img decoding=\"async\" src=\"http:\/\/noticiasbahia360.com.br\/wp-content\/uploads\/2025\/06\/veiculos_detran_bahia-1.jpg\" alt=\"Detran Bahia\"><figcaption>Foto: Divulga\u00e7\u00e3o<\/figcaption><\/figure>\n<\/div>\n<p>Nova oportunidade para quem deseja adquirir ve\u00edculo com pre\u00e7o abaixo do valor de mercado e em boas condi\u00e7\u00f5es. O <a href=\"https:\/\/www.acordacidade.com.br\/tag\/detran-ba\/\">Detran<\/a>-BA (Departamento Estadual de Tr\u00e2nsito) est\u00e1 com seis editais abertos, com 1738 lotes, divididos em 23 cidades baianas. Os ve\u00edculos e as sucatas aproveit\u00e1veis j\u00e1 est\u00e3o \u00e0 disposi\u00e7\u00e3o para visita\u00e7\u00e3o, respeitando as datas contidas em cada edital. Para maiores informa\u00e7\u00f5es, os interessados devem acessar o site <a href=\"http:\/\/www.detran.ba.gov.br\/\">www.detran.ba.gov.br<\/a> e clicar na aba \u2018leil\u00f5es\/edital\u2019. O \u00f3rg\u00e3o alerta para que o cidad\u00e3o observe as regras e busque somente fontes oficiais.<\/p>\n<p>Pre\u00e7os abaixo da m\u00e9dia de mercado, ve\u00edculos desembara\u00e7ados, sucatas para empresas do segmento. Ap\u00f3s a leitura dos editais, os sites dos leiloeiros tamb\u00e9m apresentam mais detalhes e informa\u00e7\u00f5es sobre cada lote. Os editais abertos est\u00e3o entre o 06\/2025 at\u00e9 o 11\/2025 e os sites dos leiloeiros oficiais s\u00e3o, respectivamente: www.kildareleiloes.com.br, <a href=\"http:\/\/www.cravoleiloes.com.br\/\" target=\"_blank\" rel=\"noreferrer noopener\">www.cravoleiloes.com.br<\/a>, <a href=\"http:\/\/www.kcleiloes.com.br\/\" target=\"_blank\" rel=\"noreferrer noopener\">www.kcleiloes.com.br<\/a>, <a href=\"http:\/\/www.patiorochaleiloes.com.br\/\" target=\"_blank\" rel=\"noreferrer noopener\">www.patiorochaleiloes.com.br<\/a>, <a href=\"http:\/\/www.rjleiloes.com.br\/\" target=\"_blank\" rel=\"noreferrer noopener\">www.rjleiloes.com.br<\/a> e <a href=\"http:\/\/www.danielgarcialeiloes.com.br\/\" target=\"_blank\" rel=\"noreferrer noopener\">www.danielgarcialeiloes.com.br<\/a>.<\/p>\n<figure class=\"wp-block-image size-full\"><img fetchpriority=\"high\" data-dominant-color=\"646e83\" data-has-transparency=\"false\" style=\"--dominant-color: #646e83;\" fetchpriority=\"high\" decoding=\"async\" width=\"1200\" height=\"675\" sizes=\"(max-width: 1200px) 100vw, 1200px\" src=\"http:\/\/noticiasbahia360.com.br\/wp-content\/uploads\/2025\/06\/aRS8w6Y6-veiculos_detran_bahia-2.webp\" alt=\"Detran Bahia\" class=\"wp-image-561459 not-transparent\" srcset=\"https:\/\/uploads.acordacidade.com.br\/2025\/06\/aRS8w6Y6-veiculos_detran_bahia-2-648x365.webp 648w, https:\/\/uploads.acordacidade.com.br\/2025\/06\/aRS8w6Y6-veiculos_detran_bahia-2-150x84.webp 150w, http:\/\/noticiasbahia360.com.br\/wp-content\/uploads\/2025\/06\/aRS8w6Y6-veiculos_detran_bahia-2.webp 1200w\"><figcaption class=\"wp-element-caption\">Foto: Divulga\u00e7\u00e3o<\/figcaption><\/figure>\n<p>Pessoas f\u00edsicas e jur\u00eddicas podem participar dos certames oferecidos pelo Departamento, desde que preencham os requisitos contidos nos editais. Os certames acontecem de forma online. Datas e hor\u00e1rios dispon\u00edveis nos editais. Durante a disputa, acontece a transmiss\u00e3o simult\u00e2nea com a imagem do respons\u00e1vel pela condu\u00e7\u00e3o do certame na plataforma do leiloeiro oficial.<\/p>\n<p><strong>Maior seguran\u00e7a<\/strong><\/p>\n<p>Esse ano, algumas altera\u00e7\u00f5es est\u00e3o sendo divulgadas para a participa\u00e7\u00e3o nos leil\u00f5es, a partir das novas regras de licita\u00e7\u00f5es. Os lotes est\u00e3o dispon\u00edveis para verifica\u00e7\u00e3o das fotos e para consulta de informa\u00e7\u00f5es adicionais no site de cada leiloeiro desde a publica\u00e7\u00e3o dos editais e a visita\u00e7\u00e3o ocorre nos 5 dias \u00fateis que antecedem o dia da abertura da sess\u00e3o p\u00fablica.<\/p>\n<p>Outro detalhe que pode ser considerado como um obst\u00e1culo para os golpistas \u00e9 que os editais no site oficial j\u00e1 trazem os dados financeiros de cada leiloeiro oficial com a indica\u00e7\u00e3o de institui\u00e7\u00e3o financeira, conta banc\u00e1ria e chave pix.<\/p>\n<p><strong>Op\u00e7\u00f5es nos editais<\/strong><\/p>\n<p>Em Salvador, um Ford Edge 2012\/2013, est\u00e1 com lance inicial de R$ 7.000,00. J\u00e1 em Itabuna, um Peugeot\/207 Passion, 2012\/2013, tem lance inicial de R$ 2.200. Em Santo Ant\u00f4nio de Jesus, uma Yamaha\/F225 Fazer, 2021\/2021 aparece com lance de R$ 2 mil. A visita\u00e7\u00e3o na capital ser\u00e1 aberta na quarta (4) e os lotes do Edital 10\/2025 podem ser conferidos no endere\u00e7o: Rua Martiniano Bonfim, 09, Retiro. Tamb\u00e9m no bairro Cassange atrav\u00e9s do Edital 08\/2025 est\u00e3o 32 lotes na Rodovia BA 526, n\u00ba 17, CEP n\u00ba 41.505-630, em frente \u00e0 Battre.<\/p>\n<p>A pesquisa nos sites oficiais com fotos e informa\u00e7\u00f5es sobre os ve\u00edculos al\u00e9m da visita\u00e7\u00e3o presencial s\u00e3o indispens\u00e1veis para o interessado acompanhar as condi\u00e7\u00f5es dos ve\u00edculos e optar pelo neg\u00f3cio, ap\u00f3s sanadas todas as d\u00favidas.<\/p>\n<p><em>Siga o Acorda Cidade no<\/em><a href=\"https:\/\/news.google.com\/search?q=acorda%20cidade&amp;hl=pt-BR&amp;gl=BR&amp;ceid=BR%3Apt-419\"><strong><em> Google Not\u00edcias<\/em><\/strong><\/a><em> e receba os principais destaques do dia. Participe tamb\u00e9m dos nossos canais no <\/em><a href=\"https:\/\/whatsapp.com\/channel\/0029Va6Rb4v3WHTNnsh8WI3N\"><strong><em>WhatsApp<\/em><\/strong><\/a><em> e <\/em><a href=\"https:\/\/www.youtube.com\/@acordacidadenoticias\/videos\"><strong>Youtube<\/strong><\/a><em> e grupo de <\/em><a href=\"https:\/\/t.me\/+sSz0khrgARA0ZmRh\"><strong><em>Telegram<\/em><\/strong><\/a><em>.<\/em><\/p>\n<\/div>\n","protected":false},"excerpt":{"rendered":"<div>\n<div>\n<figure><img decoding=\"async\" src=\"https:\/\/uploads.acordacidade.com.br\/2025\/06\/veiculos_detran_bahia-1.jpg\" alt=\"Detran Bahia\"><figcaption>Foto: Divulga\u00e7\u00e3o<\/figcaption><\/figure>\n<\/div>\n<p>Departamento disp\u00f5e de lotes em 23 cidades da Bahia.<\/p><\/div>\n","protected":false},"author":1,"featured_media":88536,"comment_status":"closed","ping_status":"closed","sticky":false,"template":"","format":"gallery","meta":{"footnotes":""},"categories":[8,9,6,57,56,10],"tags":[],"class_list":["post-88535","post","type-post","status-publish","format-gallery","has-post-thumbnail","hentry","category-bahia","category-brasil","category-feira-de-santana","category-mundo","category-policia","category-politica","post_format-post-format-gallery"],"featured_image_urls":{"full":["https:\/\/noticiasbahia360.com.br\/wp-content\/uploads\/2025\/06\/veiculos_detran_bahia-1.jpg",1200,689,false],"thumbnail":["https:\/\/noticiasbahia360.com.br\/wp-content\/uploads\/2025\/06\/veiculos_detran_bahia-1-150x150.jpg",150,150,true],"medium":["https:\/\/noticiasbahia360.com.br\/wp-content\/uploads\/2025\/06\/veiculos_detran_bahia-1-300x172.jpg",300,172,true],"medium_large":["https:\/\/noticiasbahia360.com.br\/wp-content\/uploads\/2025\/06\/veiculos_detran_bahia-1-768x441.jpg",640,368,true],"large":["https:\/\/noticiasbahia360.com.br\/wp-content\/uploads\/2025\/06\/veiculos_detran_bahia-1-1024x588.jpg",640,368,true],"1536x1536":["https:\/\/noticiasbahia360.com.br\/wp-content\/uploads\/2025\/06\/veiculos_detran_bahia-1.jpg",1200,689,false],"2048x2048":["https:\/\/noticiasbahia360.com.br\/wp-content\/uploads\/2025\/06\/veiculos_detran_bahia-1.jpg",1200,689,false],"chromenews-featured":["https:\/\/noticiasbahia360.com.br\/wp-content\/uploads\/2025\/06\/veiculos_detran_bahia-1-1024x588.jpg",1024,588,true],"chromenews-large":["https:\/\/noticiasbahia360.com.br\/wp-content\/uploads\/2025\/06\/veiculos_detran_bahia-1-825x575.jpg",825,575,true],"chromenews-medium":["https:\/\/noticiasbahia360.com.br\/wp-content\/uploads\/2025\/06\/veiculos_detran_bahia-1-590x410.jpg",590,410,true]},"author_info":{"display_name":"noticiasbahia360.com.br","author_link":"https:\/\/noticiasbahia360.com.br\/?author=1"},"category_info":"<a href=\"https:\/\/noticiasbahia360.com.br\/?cat=8\" rel=\"category\">Bahia<\/a> <a href=\"https:\/\/noticiasbahia360.com.br\/?cat=9\" rel=\"category\">Brasil<\/a> <a href=\"https:\/\/noticiasbahia360.com.br\/?cat=6\" rel=\"category\">Feira de Santana<\/a> <a href=\"https:\/\/noticiasbahia360.com.br\/?cat=57\" rel=\"category\">Mundo<\/a> <a href=\"https:\/\/noticiasbahia360.com.br\/?cat=56\" rel=\"category\">Pol\u00edcia<\/a> <a href=\"https:\/\/noticiasbahia360.com.br\/?cat=10\" rel=\"category\">Pol\u00edtica<\/a>","tag_info":"Pol\u00edtica","comment_count":"0","_links":{"self":[{"href":"https:\/\/noticiasbahia360.com.br\/index.php?rest_route=\/wp\/v2\/posts\/88535","targetHints":{"allow":["GET"]}}],"collection":[{"href":"https:\/\/noticiasbahia360.com.br\/index.php?rest_route=\/wp\/v2\/posts"}],"about":[{"href":"https:\/\/noticiasbahia360.com.br\/index.php?rest_route=\/wp\/v2\/types\/post"}],"author":[{"embeddable":true,"href":"https:\/\/noticiasbahia360.com.br\/index.php?rest_route=\/wp\/v2\/users\/1"}],"replies":[{"embeddable":true,"href":"https:\/\/noticiasbahia360.com.br\/index.php?rest_route=%2Fwp%2Fv2%2Fcomments&post=88535"}],"version-history":[{"count":0,"href":"https:\/\/noticiasbahia360.com.br\/index.php?rest_route=\/wp\/v2\/posts\/88535\/revisions"}],"wp:featuredmedia":[{"embeddable":true,"href":"https:\/\/noticiasbahia360.com.br\/index.php?rest_route=\/wp\/v2\/media\/88536"}],"wp:attachment":[{"href":"https:\/\/noticiasbahia360.com.br\/index.php?rest_route=%2Fwp%2Fv2%2Fmedia&parent=88535"}],"wp:term":[{"taxonomy":"category","embeddable":true,"href":"https:\/\/noticiasbahia360.com.br\/index.php?rest_route=%2Fwp%2Fv2%2Fcategories&post=88535"},{"taxonomy":"post_tag","embeddable":true,"href":"https:\/\/noticiasbahia360.com.br\/index.php?rest_route=%2Fwp%2Fv2%2Ftags&post=88535"}],"curies":[{"name":"wp","href":"https:\/\/api.w.org\/{rel}","templated":true}]}}