{"id":88540,"date":"2025-06-03T08:14:58","date_gmt":"2025-06-03T11:14:58","guid":{"rendered":"https:\/\/noticiasbahia360.com.br\/?p=88540"},"modified":"2025-06-03T08:14:58","modified_gmt":"2025-06-03T11:14:58","slug":"a-nova-descoberta-sobre-sono-e-emagrecimento-que-pode-mudar-sua-rotina-hoje-mesmo","status":"publish","type":"post","link":"https:\/\/noticiasbahia360.com.br\/?p=88540","title":{"rendered":"A nova descoberta sobre sono e emagrecimento que pode mudar sua rotina hoje mesmo"},"content":{"rendered":"<div>\n<div>\n<figure><img decoding=\"async\" src=\"http:\/\/noticiasbahia360.com.br\/wp-content\/uploads\/2025\/06\/ryIRg4iA-A-nova-descoberta-sobre-sono-e-emagrecimento-que-pode-mudar-sua-rotina-.webp\" alt=\"A nova descoberta sobre sono e emagrecimento que pode mudar sua rotina\"><figcaption>A nova descoberta sobre sono e emagrecimento que pode mudar sua rotina <\/figcaption><\/figure>\n<\/div>\n<p>Voc\u00ea pode estar sabotando seu emagrecimento sem perceber \u2014 e tudo come\u00e7a quando deita a cabe\u00e7a no travesseiro. Uma nova descoberta cient\u00edfica vem causando alvoro\u00e7o entre m\u00e9dicos e <a href=\"https:\/\/www.acordacidade.com.br\/tag\/dicas-de-saude\/\">nutricionistas<\/a>: o sono, ou melhor, a falta dele, pode ser um dos maiores sabotadores da sua perda de peso. Mais do que dieta e exerc\u00edcio, dormir bem passou a ser considerado um verdadeiro pilar no controle de peso e metabolismo. E a explica\u00e7\u00e3o vai al\u00e9m da velha hist\u00f3ria de \u201cdescansar o corpo\u201d. Prepare-se para rever sua rotina noturna com outros olhos.<\/p>\n<h2 class=\"wp-block-heading\" id=\"h-como-o-sono-afeta-o-emagrecimento-segundo-a-ciencia\">Como o sono afeta o emagrecimento, segundo a ci\u00eancia<\/h2>\n<p>Durante o sono, especialmente nas fases mais profundas como o sono REM, o corpo realiza ajustes hormonais essenciais. Um estudo recente publicado no <em>Journal of Clinical Endocrinology<\/em> revelou que noites mal dormidas aumentam os n\u00edveis de grelina (horm\u00f4nio da fome) e reduzem a leptina (horm\u00f4nio da saciedade). Ou seja, quando voc\u00ea dorme pouco, tem mais fome no dia seguinte \u2014 e menos controle para parar de comer.<\/p>\n<p>Al\u00e9m disso, o sono ruim compromete o funcionamento da insulina, prejudicando a forma como seu corpo metaboliza a glicose. Isso pode provocar n\u00e3o s\u00f3 ganho de peso, mas aumentar o risco de diabetes tipo 2. E, ao contr\u00e1rio do que muita gente pensa, dormir mal n\u00e3o gasta mais calorias: ele diminui o gasto energ\u00e9tico em repouso.<\/p>\n<h3 class=\"wp-block-heading\" id=\"h-a-influencia-do-relogio-biologico-no-emagrecimento\">A influ\u00eancia do rel\u00f3gio biol\u00f3gico no emagrecimento<\/h3>\n<p>O estudo tamb\u00e9m aponta outro ponto importante: o momento em que voc\u00ea dorme importa tanto quanto a quantidade. Dormir tarde pode desregular o ritmo circadiano e aumentar a tend\u00eancia ao armazenamento de gordura, especialmente na regi\u00e3o abdominal. Pessoas que costumam dormir ap\u00f3s a meia-noite, mesmo com oito horas de sono, apresentaram mais resist\u00eancia \u00e0 insulina do que aquelas que dormem cedo.<\/p>\n<p>Isso significa que manter uma rotina noturna regular pode ser t\u00e3o relevante quanto cortar doces ou aumentar o tempo de caminhada. O rel\u00f3gio biol\u00f3gico interfere na sensibilidade do organismo aos horm\u00f4nios que controlam fome, energia e at\u00e9 o humor.<\/p>\n<h3 class=\"wp-block-heading\" id=\"h-sono-e-vontade-de-comer-um-elo-perigoso\">Sono e vontade de comer: um elo perigoso<\/h3>\n<p>Quem dorme mal tamb\u00e9m desenvolve maior sensibilidade ao estresse. E esse estresse aumenta a produ\u00e7\u00e3o de cortisol, outro horm\u00f4nio envolvido no armazenamento de gordura \u2014 especialmente visceral. N\u00e3o \u00e0 toa, noites mal dormidas costumam ser seguidas por desejos intensos por carboidratos simples, como massas e doces.<\/p>\n<p>Outro achado interessante \u00e9 que o c\u00e9rebro privado de sono tende a priorizar alimentos com maior densidade cal\u00f3rica. Ou seja: quando voc\u00ea dorme mal, seu c\u00e9rebro literalmente \u201cpede\u201d pizza, hamb\u00farguer e chocolate, em vez de salada e frango grelhado. A decis\u00e3o alimentar deixa de ser racional e passa a ser fisiol\u00f3gica.<\/p>\n<h3 class=\"wp-block-heading\" id=\"h-o-que-muda-com-uma-rotina-de-sono-regulada\">O que muda com uma rotina de sono regulada<\/h3>\n<p>Quem dorme bem, por outro lado, tem mais controle sobre os impulsos alimentares, menos compuls\u00e3o e uma queima cal\u00f3rica mais eficiente durante o dia. E n\u00e3o estamos falando apenas de noites longas, mas de sono de qualidade, sem interrup\u00e7\u00f5es, com fases profundas completas.<\/p>\n<p>A mudan\u00e7a na composi\u00e7\u00e3o corporal tamb\u00e9m \u00e9 vis\u00edvel. Em um experimento conduzido pela Universidade de Chicago, dois grupos seguiram a mesma dieta hipocal\u00f3rica: o que dormia sete horas por noite perdeu mais gordura corporal do que o grupo que dormia apenas cinco, mesmo consumindo o mesmo n\u00famero de calorias.<\/p>\n<h3 class=\"wp-block-heading\" id=\"h-como-aplicar-isso-na-sua-rotina-a-partir-de-hoje\">Como aplicar isso na sua rotina a partir de hoje<\/h3>\n<ul class=\"wp-block-list\">\n<li><strong>Durma cedo e com regularidade:<\/strong> tente ir para a cama no mesmo hor\u00e1rio todos os dias. Isso ajuda seu organismo a entender quando deve iniciar os processos hormonais ligados \u00e0 saciedade e ao metabolismo.<\/li>\n<li><strong>Evite telas \u00e0 noite:<\/strong> a luz azul de celulares e TVs atrasa a produ\u00e7\u00e3o de melatonina, dificultando o in\u00edcio do sono.<\/li>\n<li><strong>Invista em um ritual noturno:<\/strong> ch\u00e1s calmantes, leitura leve ou medita\u00e7\u00e3o ajudam a preparar o corpo e a mente para descansar de verdade.<\/li>\n<li><strong>N\u00e3o v\u00e1 dormir com fome, nem estufado:<\/strong> um lanche leve com prote\u00ednas e fibras ajuda a manter o sono est\u00e1vel.<\/li>\n<li><strong>Fa\u00e7a exerc\u00edcios \u2014 mas n\u00e3o muito tarde:<\/strong> a pr\u00e1tica regular ajuda a regular o ciclo circadiano, mas deve ser evitada no per\u00edodo noturno, pois pode aumentar a adrenalina.<\/li>\n<\/ul>\n<p>Se at\u00e9 agora voc\u00ea achava que apenas contar calorias e fazer exerc\u00edcios eram suficientes para emagrecer, \u00e9 hora de rever sua estrat\u00e9gia. O sono deixou de ser coadjuvante e passou a protagonista no processo de perda de peso. Incorporar uma rotina noturna consciente e restauradora pode ser o passo que faltava para o seu corpo responder de verdade.<\/p>\n<p>Dormir n\u00e3o \u00e9 perda de tempo. Pode ser exatamente o que est\u00e1 faltando para voc\u00ea ganhar sa\u00fade, disposi\u00e7\u00e3o e, de quebra, ver a balan\u00e7a finalmente ceder. Que tal come\u00e7ar hoje mesmo?<\/p>\n<\/div>\n","protected":false},"excerpt":{"rendered":"<div>\n<div>\n<figure><img decoding=\"async\" src=\"https:\/\/uploads.acordacidade.com.br\/2025\/06\/ryIRg4iA-A-nova-descoberta-sobre-sono-e-emagrecimento-que-pode-mudar-sua-rotina-.webp\" alt=\"A nova descoberta sobre sono e emagrecimento que pode mudar sua rotina\"><figcaption>A nova descoberta sobre sono e emagrecimento que pode mudar sua rotina <\/figcaption><\/figure>\n<\/div>\n<p> Novo estudo revela liga\u00e7\u00e3o direta entre sono e emagrecimento. Veja como mudar sua rotina hoje pode fazer diferen\u00e7a real.<\/p><\/div>\n","protected":false},"author":1,"featured_media":88541,"comment_status":"closed","ping_status":"closed","sticky":false,"template":"","format":"gallery","meta":{"footnotes":""},"categories":[8,9,6,57,56,10],"tags":[],"class_list":["post-88540","post","type-post","status-publish","format-gallery","has-post-thumbnail","hentry","category-bahia","category-brasil","category-feira-de-santana","category-mundo","category-policia","category-politica","post_format-post-format-gallery"],"featured_image_urls":{"full":["https:\/\/noticiasbahia360.com.br\/wp-content\/uploads\/2025\/06\/ryIRg4iA-A-nova-descoberta-sobre-sono-e-emagrecimento-que-pode-mudar-sua-rotina-.webp",1536,1024,false],"thumbnail":["https:\/\/noticiasbahia360.com.br\/wp-content\/uploads\/2025\/06\/ryIRg4iA-A-nova-descoberta-sobre-sono-e-emagrecimento-que-pode-mudar-sua-rotina--150x150.webp",150,150,true],"medium":["https:\/\/noticiasbahia360.com.br\/wp-content\/uploads\/2025\/06\/ryIRg4iA-A-nova-descoberta-sobre-sono-e-emagrecimento-que-pode-mudar-sua-rotina--300x200.webp",300,200,true],"medium_large":["https:\/\/noticiasbahia360.com.br\/wp-content\/uploads\/2025\/06\/ryIRg4iA-A-nova-descoberta-sobre-sono-e-emagrecimento-que-pode-mudar-sua-rotina--768x512.webp",640,427,true],"large":["https:\/\/noticiasbahia360.com.br\/wp-content\/uploads\/2025\/06\/ryIRg4iA-A-nova-descoberta-sobre-sono-e-emagrecimento-que-pode-mudar-sua-rotina--1024x683.webp",640,427,true],"1536x1536":["https:\/\/noticiasbahia360.com.br\/wp-content\/uploads\/2025\/06\/ryIRg4iA-A-nova-descoberta-sobre-sono-e-emagrecimento-que-pode-mudar-sua-rotina-.webp",1536,1024,false],"2048x2048":["https:\/\/noticiasbahia360.com.br\/wp-content\/uploads\/2025\/06\/ryIRg4iA-A-nova-descoberta-sobre-sono-e-emagrecimento-que-pode-mudar-sua-rotina-.webp",1536,1024,false],"chromenews-featured":["https:\/\/noticiasbahia360.com.br\/wp-content\/uploads\/2025\/06\/ryIRg4iA-A-nova-descoberta-sobre-sono-e-emagrecimento-que-pode-mudar-sua-rotina--1024x683.webp",1024,683,true],"chromenews-large":["https:\/\/noticiasbahia360.com.br\/wp-content\/uploads\/2025\/06\/ryIRg4iA-A-nova-descoberta-sobre-sono-e-emagrecimento-que-pode-mudar-sua-rotina--825x575.webp",825,575,true],"chromenews-medium":["https:\/\/noticiasbahia360.com.br\/wp-content\/uploads\/2025\/06\/ryIRg4iA-A-nova-descoberta-sobre-sono-e-emagrecimento-que-pode-mudar-sua-rotina--590x410.webp",590,410,true]},"author_info":{"display_name":"noticiasbahia360.com.br","author_link":"https:\/\/noticiasbahia360.com.br\/?author=1"},"category_info":"<a href=\"https:\/\/noticiasbahia360.com.br\/?cat=8\" rel=\"category\">Bahia<\/a> <a href=\"https:\/\/noticiasbahia360.com.br\/?cat=9\" rel=\"category\">Brasil<\/a> <a href=\"https:\/\/noticiasbahia360.com.br\/?cat=6\" rel=\"category\">Feira de Santana<\/a> <a href=\"https:\/\/noticiasbahia360.com.br\/?cat=57\" rel=\"category\">Mundo<\/a> <a href=\"https:\/\/noticiasbahia360.com.br\/?cat=56\" rel=\"category\">Pol\u00edcia<\/a> <a href=\"https:\/\/noticiasbahia360.com.br\/?cat=10\" rel=\"category\">Pol\u00edtica<\/a>","tag_info":"Pol\u00edtica","comment_count":"0","_links":{"self":[{"href":"https:\/\/noticiasbahia360.com.br\/index.php?rest_route=\/wp\/v2\/posts\/88540","targetHints":{"allow":["GET"]}}],"collection":[{"href":"https:\/\/noticiasbahia360.com.br\/index.php?rest_route=\/wp\/v2\/posts"}],"about":[{"href":"https:\/\/noticiasbahia360.com.br\/index.php?rest_route=\/wp\/v2\/types\/post"}],"author":[{"embeddable":true,"href":"https:\/\/noticiasbahia360.com.br\/index.php?rest_route=\/wp\/v2\/users\/1"}],"replies":[{"embeddable":true,"href":"https:\/\/noticiasbahia360.com.br\/index.php?rest_route=%2Fwp%2Fv2%2Fcomments&post=88540"}],"version-history":[{"count":0,"href":"https:\/\/noticiasbahia360.com.br\/index.php?rest_route=\/wp\/v2\/posts\/88540\/revisions"}],"wp:featuredmedia":[{"embeddable":true,"href":"https:\/\/noticiasbahia360.com.br\/index.php?rest_route=\/wp\/v2\/media\/88541"}],"wp:attachment":[{"href":"https:\/\/noticiasbahia360.com.br\/index.php?rest_route=%2Fwp%2Fv2%2Fmedia&parent=88540"}],"wp:term":[{"taxonomy":"category","embeddable":true,"href":"https:\/\/noticiasbahia360.com.br\/index.php?rest_route=%2Fwp%2Fv2%2Fcategories&post=88540"},{"taxonomy":"post_tag","embeddable":true,"href":"https:\/\/noticiasbahia360.com.br\/index.php?rest_route=%2Fwp%2Fv2%2Ftags&post=88540"}],"curies":[{"name":"wp","href":"https:\/\/api.w.org\/{rel}","templated":true}]}}