{"id":88544,"date":"2025-06-03T08:45:04","date_gmt":"2025-06-03T11:45:04","guid":{"rendered":"https:\/\/noticiasbahia360.com.br\/?p=88544"},"modified":"2025-06-03T08:45:04","modified_gmt":"2025-06-03T11:45:04","slug":"faculdade-promove-evento-gratuito-para-promover-integracao-entre-ensino-pesquisa-extensao-e-internacionalizacao","status":"publish","type":"post","link":"https:\/\/noticiasbahia360.com.br\/?p=88544","title":{"rendered":"Faculdade promove evento gratuito para promover integra\u00e7\u00e3o entre ensino, pesquisa, extens\u00e3o e internacionaliza\u00e7\u00e3o"},"content":{"rendered":"<div>\n<div>\n<figure><img decoding=\"async\" src=\"http:\/\/noticiasbahia360.com.br\/wp-content\/uploads\/2025\/06\/ensino-pibid.jpg\" alt=\"ensino-pibid ensino\"><figcaption>Foto: Divulga\u00e7\u00e3o\/ Uesb<\/figcaption><\/figure>\n<\/div>\n<p>A Est\u00e1cio Feira de Santana realizada nos dias 3 e 4 de junho o Inova Mundi, um evento gratuito e aberto ao p\u00fablico externo, que tem o objetivo de promover a integra\u00e7\u00e3o entre ensino, pesquisa, extens\u00e3o e internacionaliza\u00e7\u00e3o, incentivando o interc\u00e2mbio de saberes e a valoriza\u00e7\u00e3o de experi\u00eancias acad\u00eamicas e profissionais.<\/p>\n<p>Nesta edi\u00e7\u00e3o, o evento traz o tema \u201cPesquisa, Extens\u00e3o e Carreiras sem Fronteiras\u201d, com foco na inova\u00e7\u00e3o, no protagonismo acad\u00eamico e nas conex\u00f5es entre sa\u00fade, neg\u00f3cios e empregabilidade. Representantes de institui\u00e7\u00f5es municipais v\u00e3o participar do evento, a exemplo da Funda\u00e7\u00e3o Hospitalar de Feira de Santana.<\/p>\n<p>O Inova Mundi ser\u00e1 realizado durante a manh\u00e3, a partir das 8h, e a noite, a partir das 19h, na Faculdade Est\u00e1cio de Feira de Santana, que est\u00e1 localizada na Avenida Get\u00falio Vargas 2734. As inscri\u00e7\u00f5es podem ser feitas atrav\u00e9s do link: <a href=\"https:\/\/www.sympla.com.br\/evento\/inova-mundi-pesquisa-extensao-e-carreira-sem-fronteiras\/2940408?referrer=sympla.queue-it.net\" target=\"_blank\" rel=\"noreferrer noopener\">https:\/\/www.sympla.com.br\/evento\/inova-mundi-pesquisa-extensao-e-carreira-sem-fronteiras\/2940408?referrer=sympla.queue-it.net<\/a><\/p>\n<h2 class=\"wp-block-heading\" id=\"h-confira-a-programacao\">Confira a programa\u00e7\u00e3o<\/h2>\n<p><strong>03 de junho <\/strong><\/p>\n<ul class=\"wp-block-list\">\n<li>08:30 \u2013 Abertura oficial do evento<\/li>\n<li>09:00 \u2013 Palestra de Abertura:<br \/>\u201cPesquisa, Extens\u00e3o e Internacionaliza\u00e7\u00e3o: desafios e inova\u00e7\u00e3o\u201d 03 de junho <\/li>\n<li>19:00 \u2013 Painel Tem\u00e1tico:<br \/>\u201cPesquisa e Inova\u00e7\u00e3o frente \u00e0s demandas do Mercado de Trabalho\u201d<\/li>\n<li>20:00 \u2013 Mesa Redonda:<br \/>\u201cInternacionaliza\u00e7\u00e3o da Educa\u00e7\u00e3o Superior\u201d 04 de junho <\/li>\n<li><strong>04 de junho <\/strong><\/li>\n<li>08:30 \u2013 Mostra Acad\u00eamica:<br \/>\u201cMicrobiologia e Imunobiologia na pr\u00e1tica\u201d 04 de junho <\/li>\n<li>19:00 \u2013 Painel Tem\u00e1tico:<br \/>\u201cForma\u00e7\u00e3o Profissional e Empregabilidade no Futuro\u201d<\/li>\n<li>20:00 \u2013 Mostra de Banners<\/li>\n<\/ul>\n<p><em>Siga o Acorda Cidade no<\/em><a href=\"https:\/\/news.google.com\/search?q=acorda%20cidade&amp;hl=pt-BR&amp;gl=BR&amp;ceid=BR%3Apt-419\"><strong><em>\u00a0Google Not\u00edcias<\/em><\/strong><\/a><em>\u00a0e receba os principais destaques do dia. Participe tamb\u00e9m dos nossos canais no\u00a0<\/em><a href=\"https:\/\/www.whatsapp.com\/channel\/0029Va6Rb4v3WHTNnsh8WI3N\"><strong><em>WhatsApp<\/em><\/strong><\/a><em>\u00a0e\u00a0<\/em><a href=\"https:\/\/www.youtube.com\/@acordacidadenoticias\/videos\"><strong>YouTube<\/strong><\/a><em>\u00a0e grupo de\u00a0<\/em><a href=\"https:\/\/t.me\/+sSz0khrgARA0ZmRh\"><strong><em>Telegram<\/em><\/strong><\/a><em>.<\/em><\/p>\n<\/div>\n","protected":false},"excerpt":{"rendered":"<div>\n<div>\n<figure><img decoding=\"async\" src=\"https:\/\/uploads.acordacidade.com.br\/wp-content\/uploads\/2022\/10\/26142403\/ensino-pibid.jpg\" alt=\"ensino-pibid ensino\"><figcaption>Foto: Divulga\u00e7\u00e3o\/ Uesb<\/figcaption><\/figure>\n<\/div>\n<p>A Est\u00e1cio Feira de Santana realizada nos dias 3 e 4 de junho o Inova Mundi, um evento gratuito e aberto ao p\u00fablico externo, que tem o objetivo de promover a integra\u00e7\u00e3o entre ensino, pesquisa, extens\u00e3o e internacionaliza\u00e7\u00e3o, incentivando o interc\u00e2mbio de saberes e a valoriza\u00e7\u00e3o de experi\u00eancias acad\u00eamicas e profissionais. Nesta edi\u00e7\u00e3o, o evento [\u2026]<\/p><\/div>\n","protected":false},"author":1,"featured_media":88545,"comment_status":"closed","ping_status":"closed","sticky":false,"template":"","format":"gallery","meta":{"footnotes":""},"categories":[8,9,6,57,56,10],"tags":[],"class_list":["post-88544","post","type-post","status-publish","format-gallery","has-post-thumbnail","hentry","category-bahia","category-brasil","category-feira-de-santana","category-mundo","category-policia","category-politica","post_format-post-format-gallery"],"featured_image_urls":{"full":["https:\/\/noticiasbahia360.com.br\/wp-content\/uploads\/2025\/06\/ensino-pibid.jpg",640,427,false],"thumbnail":["https:\/\/noticiasbahia360.com.br\/wp-content\/uploads\/2025\/06\/ensino-pibid-150x150.jpg",150,150,true],"medium":["https:\/\/noticiasbahia360.com.br\/wp-content\/uploads\/2025\/06\/ensino-pibid-300x200.jpg",300,200,true],"medium_large":["https:\/\/noticiasbahia360.com.br\/wp-content\/uploads\/2025\/06\/ensino-pibid.jpg",640,427,false],"large":["https:\/\/noticiasbahia360.com.br\/wp-content\/uploads\/2025\/06\/ensino-pibid.jpg",640,427,false],"1536x1536":["https:\/\/noticiasbahia360.com.br\/wp-content\/uploads\/2025\/06\/ensino-pibid.jpg",640,427,false],"2048x2048":["https:\/\/noticiasbahia360.com.br\/wp-content\/uploads\/2025\/06\/ensino-pibid.jpg",640,427,false],"chromenews-featured":["https:\/\/noticiasbahia360.com.br\/wp-content\/uploads\/2025\/06\/ensino-pibid.jpg",640,427,false],"chromenews-large":["https:\/\/noticiasbahia360.com.br\/wp-content\/uploads\/2025\/06\/ensino-pibid.jpg",640,427,false],"chromenews-medium":["https:\/\/noticiasbahia360.com.br\/wp-content\/uploads\/2025\/06\/ensino-pibid-590x410.jpg",590,410,true]},"author_info":{"display_name":"noticiasbahia360.com.br","author_link":"https:\/\/noticiasbahia360.com.br\/?author=1"},"category_info":"<a href=\"https:\/\/noticiasbahia360.com.br\/?cat=8\" rel=\"category\">Bahia<\/a> <a href=\"https:\/\/noticiasbahia360.com.br\/?cat=9\" rel=\"category\">Brasil<\/a> <a href=\"https:\/\/noticiasbahia360.com.br\/?cat=6\" rel=\"category\">Feira de Santana<\/a> <a href=\"https:\/\/noticiasbahia360.com.br\/?cat=57\" rel=\"category\">Mundo<\/a> <a href=\"https:\/\/noticiasbahia360.com.br\/?cat=56\" rel=\"category\">Pol\u00edcia<\/a> <a href=\"https:\/\/noticiasbahia360.com.br\/?cat=10\" rel=\"category\">Pol\u00edtica<\/a>","tag_info":"Pol\u00edtica","comment_count":"0","_links":{"self":[{"href":"https:\/\/noticiasbahia360.com.br\/index.php?rest_route=\/wp\/v2\/posts\/88544","targetHints":{"allow":["GET"]}}],"collection":[{"href":"https:\/\/noticiasbahia360.com.br\/index.php?rest_route=\/wp\/v2\/posts"}],"about":[{"href":"https:\/\/noticiasbahia360.com.br\/index.php?rest_route=\/wp\/v2\/types\/post"}],"author":[{"embeddable":true,"href":"https:\/\/noticiasbahia360.com.br\/index.php?rest_route=\/wp\/v2\/users\/1"}],"replies":[{"embeddable":true,"href":"https:\/\/noticiasbahia360.com.br\/index.php?rest_route=%2Fwp%2Fv2%2Fcomments&post=88544"}],"version-history":[{"count":0,"href":"https:\/\/noticiasbahia360.com.br\/index.php?rest_route=\/wp\/v2\/posts\/88544\/revisions"}],"wp:featuredmedia":[{"embeddable":true,"href":"https:\/\/noticiasbahia360.com.br\/index.php?rest_route=\/wp\/v2\/media\/88545"}],"wp:attachment":[{"href":"https:\/\/noticiasbahia360.com.br\/index.php?rest_route=%2Fwp%2Fv2%2Fmedia&parent=88544"}],"wp:term":[{"taxonomy":"category","embeddable":true,"href":"https:\/\/noticiasbahia360.com.br\/index.php?rest_route=%2Fwp%2Fv2%2Fcategories&post=88544"},{"taxonomy":"post_tag","embeddable":true,"href":"https:\/\/noticiasbahia360.com.br\/index.php?rest_route=%2Fwp%2Fv2%2Ftags&post=88544"}],"curies":[{"name":"wp","href":"https:\/\/api.w.org\/{rel}","templated":true}]}}