{"id":88546,"date":"2025-06-03T08:45:06","date_gmt":"2025-06-03T11:45:06","guid":{"rendered":"https:\/\/noticiasbahia360.com.br\/?p=88546"},"modified":"2025-06-03T08:45:06","modified_gmt":"2025-06-03T11:45:06","slug":"selecao-brasileira-realiza-primeiro-treino-sob-comando-de-carlo-ancelotti","status":"publish","type":"post","link":"https:\/\/noticiasbahia360.com.br\/?p=88546","title":{"rendered":"Sele\u00e7\u00e3o Brasileira realiza primeiro treino sob comando de Carlo Ancelotti"},"content":{"rendered":"<div>\n<div>\n<figure><img decoding=\"async\" src=\"http:\/\/noticiasbahia360.com.br\/wp-content\/uploads\/2025\/06\/primeirotreino_selecao_carloancelotti_foto_-Rafael-Ribeiro_CBF.jpg\" alt=\"Primeiro treino da Sele\u00e7\u00e3o Brasileira sob comendo de Carlo Ancelotti\"><figcaption>Primeiro treino da Sele\u00e7\u00e3o sob comendo de Ancelotti &#8211; Foto: Rafael Ribeiro\/CBF<\/figcaption><\/figure>\n<\/div>\n<p>Ag\u00eancia Brasil \u2013 O t\u00e9cnico italiano Carlo Ancelotti comandou, na tarde desta segunda-feira (2), seu primeiro treino \u00e0 frente da sele\u00e7\u00e3o brasileira. A atividade, que serve de prepara\u00e7\u00e3o para o confronto com o Equador pelas Eliminat\u00f3rias para a <a href=\"https:\/\/www.acordacidade.com.br\/tag\/copa-do-mundo\/\">Copa do Mundo<\/a>, foi realizada no CT Joaquim Grava, em S\u00e3o Paulo.<img decoding=\"async\" src=\"https:\/\/agenciabrasil.ebc.com.br\/ebc.png?id=1645170&amp;o=node\"><img decoding=\"async\" src=\"https:\/\/agenciabrasil.ebc.com.br\/ebc.gif?id=1645170&amp;o=node\"><\/p>\n<p>Nesta atividade a equipe brasileira contou com a participa\u00e7\u00e3o de 20 atletas. O atacante Est\u00eav\u00e3o, o volante Gerson, o lateral Alex Sandro e os zagueiros Danilo e L\u00e9o Ortiz ficaram apenas na academia. J\u00e1 os zagueiros Beraldo e Marquinhos, que ajudaram o PSG (Fran\u00e7a) a conquistar o t\u00edtulo da Liga dos Campe\u00f5es no \u00faltimo s\u00e1bado (31), chegaram ao hotel no qual o <a href=\"https:\/\/www.acordacidade.com.br\/tag\/brasil\/\">Brasil <\/a>est\u00e1 concentrado, enquanto o lateral Carlos Augusto, da Inter de Mil\u00e3o (It\u00e1lia), se apresenta ainda nesta segunda.<\/p>\n<p>Na pr\u00f3xima ter\u00e7a-feira (3), \u00e0s 16h (hor\u00e1rio de Bras\u00edlia), a delega\u00e7\u00e3o do Brasil pega voo para a cidade de Guayaquil (Equador), na qual enfrenta a sele\u00e7\u00e3o local no est\u00e1dio Monumental Isidro Romero Carbo a partir das 20h da pr\u00f3xima quinta-feira (5) em partida v\u00e1lida pela 15\u00aa rodada das Eliminat\u00f3rias Sul-Americanas para a Copa do Mundo.<\/p>\n<p><em>Siga o Acorda Cidade no<\/em><a href=\"https:\/\/news.google.com\/search?q=acorda%20cidade&amp;hl=pt-BR&amp;gl=BR&amp;ceid=BR%3Apt-419\"><strong><em> Google Not\u00edcias<\/em><\/strong><\/a><em> e receba os principais destaques do dia. Participe tamb\u00e9m dos nossos canais no <\/em><a href=\"https:\/\/whatsapp.com\/channel\/0029Va6Rb4v3WHTNnsh8WI3N\"><strong><em>WhatsApp<\/em><\/strong><\/a><em> e <\/em><a href=\"https:\/\/www.youtube.com\/@acordacidadenoticias\/videos\"><strong>Youtube<\/strong><\/a><em> e grupo de <\/em><a href=\"https:\/\/t.me\/+sSz0khrgARA0ZmRh\"><strong><em>Telegram<\/em><\/strong><\/a><em>.<\/em><\/p>\n<\/div>\n","protected":false},"excerpt":{"rendered":"<div>\n<div>\n<figure><img decoding=\"async\" src=\"https:\/\/uploads.acordacidade.com.br\/2025\/06\/primeirotreino_selecao_carloancelotti_foto_-Rafael-Ribeiro_CBF.jpg\" alt=\"Primeiro treino da Sele\u00e7\u00e3o Brasileira sob comendo de Carlo Ancelotti\"><figcaption>Primeiro treino da Sele\u00e7\u00e3o sob comendo de Ancelotti &#8211; Foto: Rafael Ribeiro\/CBF<\/figcaption><\/figure>\n<\/div>\n<p>Brasil enfrenta o Equador na pr\u00f3xima quinta pelas Eliminat\u00f3rias<\/p><\/div>\n","protected":false},"author":1,"featured_media":88547,"comment_status":"closed","ping_status":"closed","sticky":false,"template":"","format":"gallery","meta":{"footnotes":""},"categories":[8,9,6,57,56,10],"tags":[],"class_list":["post-88546","post","type-post","status-publish","format-gallery","has-post-thumbnail","hentry","category-bahia","category-brasil","category-feira-de-santana","category-mundo","category-policia","category-politica","post_format-post-format-gallery"],"featured_image_urls":{"full":["https:\/\/noticiasbahia360.com.br\/wp-content\/uploads\/2025\/06\/primeirotreino_selecao_carloancelotti_foto_-Rafael-Ribeiro_CBF.jpg",1200,718,false],"thumbnail":["https:\/\/noticiasbahia360.com.br\/wp-content\/uploads\/2025\/06\/primeirotreino_selecao_carloancelotti_foto_-Rafael-Ribeiro_CBF-150x150.jpg",150,150,true],"medium":["https:\/\/noticiasbahia360.com.br\/wp-content\/uploads\/2025\/06\/primeirotreino_selecao_carloancelotti_foto_-Rafael-Ribeiro_CBF-300x180.jpg",300,180,true],"medium_large":["https:\/\/noticiasbahia360.com.br\/wp-content\/uploads\/2025\/06\/primeirotreino_selecao_carloancelotti_foto_-Rafael-Ribeiro_CBF-768x460.jpg",640,383,true],"large":["https:\/\/noticiasbahia360.com.br\/wp-content\/uploads\/2025\/06\/primeirotreino_selecao_carloancelotti_foto_-Rafael-Ribeiro_CBF-1024x613.jpg",640,383,true],"1536x1536":["https:\/\/noticiasbahia360.com.br\/wp-content\/uploads\/2025\/06\/primeirotreino_selecao_carloancelotti_foto_-Rafael-Ribeiro_CBF.jpg",1200,718,false],"2048x2048":["https:\/\/noticiasbahia360.com.br\/wp-content\/uploads\/2025\/06\/primeirotreino_selecao_carloancelotti_foto_-Rafael-Ribeiro_CBF.jpg",1200,718,false],"chromenews-featured":["https:\/\/noticiasbahia360.com.br\/wp-content\/uploads\/2025\/06\/primeirotreino_selecao_carloancelotti_foto_-Rafael-Ribeiro_CBF-1024x613.jpg",1024,613,true],"chromenews-large":["https:\/\/noticiasbahia360.com.br\/wp-content\/uploads\/2025\/06\/primeirotreino_selecao_carloancelotti_foto_-Rafael-Ribeiro_CBF-825x575.jpg",825,575,true],"chromenews-medium":["https:\/\/noticiasbahia360.com.br\/wp-content\/uploads\/2025\/06\/primeirotreino_selecao_carloancelotti_foto_-Rafael-Ribeiro_CBF-590x410.jpg",590,410,true]},"author_info":{"display_name":"noticiasbahia360.com.br","author_link":"https:\/\/noticiasbahia360.com.br\/?author=1"},"category_info":"<a href=\"https:\/\/noticiasbahia360.com.br\/?cat=8\" rel=\"category\">Bahia<\/a> <a href=\"https:\/\/noticiasbahia360.com.br\/?cat=9\" rel=\"category\">Brasil<\/a> <a href=\"https:\/\/noticiasbahia360.com.br\/?cat=6\" rel=\"category\">Feira de Santana<\/a> <a href=\"https:\/\/noticiasbahia360.com.br\/?cat=57\" rel=\"category\">Mundo<\/a> <a href=\"https:\/\/noticiasbahia360.com.br\/?cat=56\" rel=\"category\">Pol\u00edcia<\/a> <a href=\"https:\/\/noticiasbahia360.com.br\/?cat=10\" rel=\"category\">Pol\u00edtica<\/a>","tag_info":"Pol\u00edtica","comment_count":"0","_links":{"self":[{"href":"https:\/\/noticiasbahia360.com.br\/index.php?rest_route=\/wp\/v2\/posts\/88546","targetHints":{"allow":["GET"]}}],"collection":[{"href":"https:\/\/noticiasbahia360.com.br\/index.php?rest_route=\/wp\/v2\/posts"}],"about":[{"href":"https:\/\/noticiasbahia360.com.br\/index.php?rest_route=\/wp\/v2\/types\/post"}],"author":[{"embeddable":true,"href":"https:\/\/noticiasbahia360.com.br\/index.php?rest_route=\/wp\/v2\/users\/1"}],"replies":[{"embeddable":true,"href":"https:\/\/noticiasbahia360.com.br\/index.php?rest_route=%2Fwp%2Fv2%2Fcomments&post=88546"}],"version-history":[{"count":0,"href":"https:\/\/noticiasbahia360.com.br\/index.php?rest_route=\/wp\/v2\/posts\/88546\/revisions"}],"wp:featuredmedia":[{"embeddable":true,"href":"https:\/\/noticiasbahia360.com.br\/index.php?rest_route=\/wp\/v2\/media\/88547"}],"wp:attachment":[{"href":"https:\/\/noticiasbahia360.com.br\/index.php?rest_route=%2Fwp%2Fv2%2Fmedia&parent=88546"}],"wp:term":[{"taxonomy":"category","embeddable":true,"href":"https:\/\/noticiasbahia360.com.br\/index.php?rest_route=%2Fwp%2Fv2%2Fcategories&post=88546"},{"taxonomy":"post_tag","embeddable":true,"href":"https:\/\/noticiasbahia360.com.br\/index.php?rest_route=%2Fwp%2Fv2%2Ftags&post=88546"}],"curies":[{"name":"wp","href":"https:\/\/api.w.org\/{rel}","templated":true}]}}