{"id":88548,"date":"2025-06-03T08:45:09","date_gmt":"2025-06-03T11:45:09","guid":{"rendered":"https:\/\/noticiasbahia360.com.br\/?p=88548"},"modified":"2025-06-03T08:45:09","modified_gmt":"2025-06-03T11:45:09","slug":"a-nova-geracao-e-o-empreendedorismo-rapido-o-papel-do-ensino-profissionalizante-na-busca-por-autonomia-financeira","status":"publish","type":"post","link":"https:\/\/noticiasbahia360.com.br\/?p=88548","title":{"rendered":"A nova gera\u00e7\u00e3o e o empreendedorismo r\u00e1pido: o papel do ensino profissionalizante na busca por autonomia financeira"},"content":{"rendered":"<div>\n<div>\n<figure><img decoding=\"async\" src=\"http:\/\/noticiasbahia360.com.br\/wp-content\/uploads\/2025\/06\/team-business-people-stacking-hands-1-640.jpg\" alt=\"neg\u00f3cios freepik gurpo empreendedorismo\"><figcaption>Foto: Freepik<\/figcaption><\/figure>\n<\/div>\n<p>Os \u00faltimos anos v\u00eam registrando uma mudan\u00e7a significativa no mercado de trabalho, principalmente no que diz respeito \u00e0s prioridades dos jovens. Autonomia financeira e empreendedorismo t\u00eam sido assuntos inseridos cada vez mais cedo e, diferente das eras anteriores, a gera\u00e7\u00e3o Z muitas vezes opta por n\u00e3o seguir carreiras tradicionais em busca de estabilidade e procuram independ\u00eancia e realiza\u00e7\u00e3o profissional de forma \u00e1gil. Segundo pesquisa\u00a0realizada pelo Centro Estudos Sociedade, Universidade e Ci\u00eancia (Sou_Ci\u00eancia) da Universidade Federal de S\u00e3o Paulo (Unifesp), em parceria com o Instituto de Pesquisa IDEIA, ter o pr\u00f3prio neg\u00f3cio \u00e9 a maior aspira\u00e7\u00e3o profissional de tr\u00eas em cada dez jovens brasileiros entre 18 e 27 anos.<\/p>\n<p>De acordo com Eleandro da Costa, CEO e s\u00f3cio Jumper! Profiss\u00f5es e Idiomas, uma rede de ensino que conta com mais de 40 cursos profissionalizantes e de l\u00edngua estrangeira para crian\u00e7as e adultos, esses jovens n\u00e3o querem esperar anos para come\u00e7ar a ganhar dinheiro, por isso preferem ensinos pr\u00e1ticos e aplic\u00e1veis de curto prazo. \u201cSomente no primeiro trimestre de 2025 tivemos um aumento de 20% na busca de cursos profissionalizantes, comparado a 2024.\u00a0Isso refor\u00e7a que a qualifica\u00e7\u00e3o t\u00e9cnica tem ganhado destaque como uma alternativa eficiente para quem deseja entrar rapidamente no mercado de trabalho ou abrir seu pr\u00f3prio neg\u00f3cio. Alguns fatores como a rapidez na forma\u00e7\u00e3o para a inser\u00e7\u00e3o no mercado de trabalho s\u00e3o cruciais nessa escolha, j\u00e1 que enquanto a forma\u00e7\u00e3o superior tradicional pode levar de 4 a 5 anos, um ensino profissionalizante geralmente dura entre 1 e 2 anos e essa agilidade permite que os jovens adquiram habilidades pr\u00e1ticas, capacitando-os a come\u00e7ar a trabalhar ou empreender em pouco tempo\u201d, afirma.<\/p>\n<p>Outro motivo observado pela institui\u00e7\u00e3o na procura \u00e9 a flexibilidade e adapta\u00e7\u00e3o de demandas. \u201cO ensino est\u00e1 intimamente ligado \u00e0s necessidades do mercado de trabalho. Atualmente, a transforma\u00e7\u00e3o digital e sustent\u00e1vel est\u00e1 em alta e cursos voltados para essas \u00e1reas ganham maior destaque e geram grande procura. Estar alinhado \u00e0s mudan\u00e7as exigidas pelo mercado permite que o aluno se capacite em \u00e1reas de alta empregabilidade e, principalmente, enxergue mais oportunidades de neg\u00f3cios\u201d, ressalta o executivo.\u00a0\u00a0<\/p>\n<p>A busca por autonomia financeira vem remodelando o ensino profissional e os cursos t\u00e9cnicos surgem como uma solu\u00e7\u00e3o vi\u00e1vel para quem deseja empreender r\u00e1pido, com custo acess\u00edvel e conhecimentos pr\u00e1ticos adquiridos de forma efetiva e em menor tempo.<\/p>\n<p><strong>Sobre a Jumper! Profiss\u00f5es e Idiomas<\/strong><\/p>\n<p>Criada em 2003, a Jumper! Profiss\u00f5es e Idiomas \u00e9 uma rede de ensino que conta com mais de 40 cursos profissionalizantes e de l\u00edngua estrangeira para crian\u00e7as e adultos. Com mais de 600 mil alunos formados pela institui\u00e7\u00e3o, a empresa tem 60 unidades espalhadas pelo pa\u00eds. Al\u00e9m de transformar o futuro das pessoas atrav\u00e9s da educa\u00e7\u00e3o, a Jumper! planeja dobrar o n\u00famero de franquias em 2025.<\/p>\n<p><em>Siga o Acorda Cidade no<\/em><a href=\"https:\/\/news.google.com\/search?q=acorda%20cidade&amp;hl=pt-BR&amp;gl=BR&amp;ceid=BR%3Apt-419\"><strong><em>\u00a0Google Not\u00edcias<\/em><\/strong><\/a><em>\u00a0e receba os principais destaques do dia. Participe tamb\u00e9m dos nossos canais no\u00a0<\/em><a href=\"https:\/\/www.whatsapp.com\/channel\/0029Va6Rb4v3WHTNnsh8WI3N\"><strong><em>WhatsApp<\/em><\/strong><\/a><em>\u00a0e\u00a0<\/em><a href=\"https:\/\/www.youtube.com\/@acordacidadenoticias\/videos\"><strong>YouTube<\/strong><\/a><em>\u00a0e do grupo no\u00a0<\/em><a href=\"https:\/\/t.me\/+sSz0khrgARA0ZmRh\"><strong><em>Telegram<\/em><\/strong><\/a><em>.<\/em><\/p>\n<\/div>\n","protected":false},"excerpt":{"rendered":"<div>\n<div>\n<figure><img decoding=\"async\" src=\"https:\/\/uploads.acordacidade.com.br\/wp-content\/uploads\/2022\/09\/13103331\/team-business-people-stacking-hands-1-640.jpg\" alt=\"neg\u00f3cios freepik gurpo empreendedorismo\"><figcaption>Foto: Freepik<\/figcaption><\/figure>\n<\/div>\n<p>Autonomia financeira e empreendedorismo t\u00eam sido assuntos inseridos cada vez mais cedo e, diferente das eras anteriores.<\/p><\/div>\n","protected":false},"author":1,"featured_media":88549,"comment_status":"closed","ping_status":"closed","sticky":false,"template":"","format":"gallery","meta":{"footnotes":""},"categories":[8,9,6,57,56,10],"tags":[],"class_list":["post-88548","post","type-post","status-publish","format-gallery","has-post-thumbnail","hentry","category-bahia","category-brasil","category-feira-de-santana","category-mundo","category-policia","category-politica","post_format-post-format-gallery"],"featured_image_urls":{"full":["https:\/\/noticiasbahia360.com.br\/wp-content\/uploads\/2025\/06\/team-business-people-stacking-hands-1-640.jpg",640,426,false],"thumbnail":["https:\/\/noticiasbahia360.com.br\/wp-content\/uploads\/2025\/06\/team-business-people-stacking-hands-1-640-150x150.jpg",150,150,true],"medium":["https:\/\/noticiasbahia360.com.br\/wp-content\/uploads\/2025\/06\/team-business-people-stacking-hands-1-640-300x200.jpg",300,200,true],"medium_large":["https:\/\/noticiasbahia360.com.br\/wp-content\/uploads\/2025\/06\/team-business-people-stacking-hands-1-640.jpg",640,426,false],"large":["https:\/\/noticiasbahia360.com.br\/wp-content\/uploads\/2025\/06\/team-business-people-stacking-hands-1-640.jpg",640,426,false],"1536x1536":["https:\/\/noticiasbahia360.com.br\/wp-content\/uploads\/2025\/06\/team-business-people-stacking-hands-1-640.jpg",640,426,false],"2048x2048":["https:\/\/noticiasbahia360.com.br\/wp-content\/uploads\/2025\/06\/team-business-people-stacking-hands-1-640.jpg",640,426,false],"chromenews-featured":["https:\/\/noticiasbahia360.com.br\/wp-content\/uploads\/2025\/06\/team-business-people-stacking-hands-1-640.jpg",640,426,false],"chromenews-large":["https:\/\/noticiasbahia360.com.br\/wp-content\/uploads\/2025\/06\/team-business-people-stacking-hands-1-640.jpg",640,426,false],"chromenews-medium":["https:\/\/noticiasbahia360.com.br\/wp-content\/uploads\/2025\/06\/team-business-people-stacking-hands-1-640-590x410.jpg",590,410,true]},"author_info":{"display_name":"noticiasbahia360.com.br","author_link":"https:\/\/noticiasbahia360.com.br\/?author=1"},"category_info":"<a href=\"https:\/\/noticiasbahia360.com.br\/?cat=8\" rel=\"category\">Bahia<\/a> <a href=\"https:\/\/noticiasbahia360.com.br\/?cat=9\" rel=\"category\">Brasil<\/a> <a href=\"https:\/\/noticiasbahia360.com.br\/?cat=6\" rel=\"category\">Feira de Santana<\/a> <a href=\"https:\/\/noticiasbahia360.com.br\/?cat=57\" rel=\"category\">Mundo<\/a> <a href=\"https:\/\/noticiasbahia360.com.br\/?cat=56\" rel=\"category\">Pol\u00edcia<\/a> <a href=\"https:\/\/noticiasbahia360.com.br\/?cat=10\" rel=\"category\">Pol\u00edtica<\/a>","tag_info":"Pol\u00edtica","comment_count":"0","_links":{"self":[{"href":"https:\/\/noticiasbahia360.com.br\/index.php?rest_route=\/wp\/v2\/posts\/88548","targetHints":{"allow":["GET"]}}],"collection":[{"href":"https:\/\/noticiasbahia360.com.br\/index.php?rest_route=\/wp\/v2\/posts"}],"about":[{"href":"https:\/\/noticiasbahia360.com.br\/index.php?rest_route=\/wp\/v2\/types\/post"}],"author":[{"embeddable":true,"href":"https:\/\/noticiasbahia360.com.br\/index.php?rest_route=\/wp\/v2\/users\/1"}],"replies":[{"embeddable":true,"href":"https:\/\/noticiasbahia360.com.br\/index.php?rest_route=%2Fwp%2Fv2%2Fcomments&post=88548"}],"version-history":[{"count":0,"href":"https:\/\/noticiasbahia360.com.br\/index.php?rest_route=\/wp\/v2\/posts\/88548\/revisions"}],"wp:featuredmedia":[{"embeddable":true,"href":"https:\/\/noticiasbahia360.com.br\/index.php?rest_route=\/wp\/v2\/media\/88549"}],"wp:attachment":[{"href":"https:\/\/noticiasbahia360.com.br\/index.php?rest_route=%2Fwp%2Fv2%2Fmedia&parent=88548"}],"wp:term":[{"taxonomy":"category","embeddable":true,"href":"https:\/\/noticiasbahia360.com.br\/index.php?rest_route=%2Fwp%2Fv2%2Fcategories&post=88548"},{"taxonomy":"post_tag","embeddable":true,"href":"https:\/\/noticiasbahia360.com.br\/index.php?rest_route=%2Fwp%2Fv2%2Ftags&post=88548"}],"curies":[{"name":"wp","href":"https:\/\/api.w.org\/{rel}","templated":true}]}}