{"id":88552,"date":"2025-06-03T09:06:47","date_gmt":"2025-06-03T12:06:47","guid":{"rendered":"https:\/\/noticiasbahia360.com.br\/?p=88552"},"modified":"2025-06-03T09:06:47","modified_gmt":"2025-06-03T12:06:47","slug":"fraude-no-inss-justica-bloqueia-r238-milhoes-de-suspeitos","status":"publish","type":"post","link":"https:\/\/noticiasbahia360.com.br\/?p=88552","title":{"rendered":"Fraude no INSS: Justi\u00e7a bloqueia R$23,8 milh\u00f5es de suspeitos"},"content":{"rendered":"<div>\n<div>\n<figure><img decoding=\"async\" src=\"http:\/\/noticiasbahia360.com.br\/wp-content\/uploads\/2025\/06\/inss_previdencia_social-foto-marcello-casal-jr-agencia-Brasil.jpg\" alt=\"INSS\"><figcaption>Foto: Marcello Casal Jr.\/Ag\u00eancia Brasil | Instituto Nacional do Seguro Social (INSS)<\/figcaption><\/figure>\n<\/div>\n<p>Ag\u00eancia Brasil \u2013 A Advocacia-Geral da Uni\u00e3o (AGU) informou nesta segunda-feira (2) que\u00a0a Justi\u00e7a Federal em <a href=\"https:\/\/www.acordacidade.com.br\/tag\/brasilia\/\">Bras\u00edlia<\/a> determinou o bloqueio de R$ 23,8 milh\u00f5es em bens de investigados pela fraude em descontos irregulares nos benef\u00edcios de aposentados e pensionistas do Instituto Nacional do Seguro Social (INSS). Segundo o \u00f3rg\u00e3o, os valores ser\u00e3o usados para o ressarcimento das v\u00edtimas.<img decoding=\"async\" src=\"https:\/\/agenciabrasil.ebc.com.br\/ebc.png?id=1645159&amp;o=node\"><img decoding=\"async\" src=\"https:\/\/agenciabrasil.ebc.com.br\/ebc.gif?id=1645159&amp;o=node\"><\/p>\n<p>A indisponibilidade de bens e ativos financeiros foi determinada pela ju\u00edza federal Luciana Raquel Tolentino de Moura, da 7\u00aa Vara Federal do Distrito Federal, e envolve os bens e ativos financeiros de duas empresas e os respectivos s\u00f3cios.<\/p>\n<p>No m\u00eas passado, a AGU pediu o bloqueio de R$ 2,5 bilh\u00f5es de 12 entidades associativas e 60 dirigentes.\u00a0Por determina\u00e7\u00e3o da ju\u00edza, o caso foi fatiado em 15 a\u00e7\u00f5es para facilitar a an\u00e1lise dos pedidos.<\/p>\n<p>As fraudes contra o INSS s\u00e3o investigadas na Opera\u00e7\u00e3o Sem Desconto, da Pol\u00edcia Federal, que investiga um esquema nacional de descontos de mensalidades associativas n\u00e3o autorizadas.\u00a0Estima-se que cerca de R$ 6,3 bilh\u00f5es foram descontados de aposentados e pensionistas entre 2019 e 2024.<\/p>\n<p>As a\u00e7\u00f5es judiciais fazem parte do trabalho do grupo especial montado pela AGU para buscar a recupera\u00e7\u00e3o do dinheiro descontado irregularmente dos aposentados.<\/p>\n<p><em>Siga o Acorda Cidade no<\/em><a href=\"https:\/\/news.google.com\/search?q=acorda%20cidade&amp;hl=pt-BR&amp;gl=BR&amp;ceid=BR%3Apt-419\"><strong><em> Google Not\u00edcias<\/em><\/strong><\/a><em> e receba os principais destaques do dia. Participe tamb\u00e9m dos nossos canais no <\/em><a href=\"https:\/\/whatsapp.com\/channel\/0029Va6Rb4v3WHTNnsh8WI3N\"><strong><em>WhatsApp<\/em><\/strong><\/a><em> e <\/em><a href=\"https:\/\/www.youtube.com\/@acordacidadenoticias\/videos\"><strong>Youtube<\/strong><\/a><em> e grupo de <\/em><a href=\"https:\/\/t.me\/+sSz0khrgARA0ZmRh\"><strong><em>Telegram<\/em><\/strong><\/a><em>.<\/em><\/p>\n<\/div>\n","protected":false},"excerpt":{"rendered":"<div>\n<div>\n<figure><img decoding=\"async\" src=\"https:\/\/uploads.acordacidade.com.br\/wp-content\/uploads\/2022\/05\/21225134\/inss_previdencia_social-foto-marcello-casal-jr-agencia-Brasil.jpg\" alt=\"INSS\"><figcaption>Foto: Marcello Casal Jr.\/Ag\u00eancia Brasil | Instituto Nacional do Seguro Social (INSS)<\/figcaption><\/figure>\n<\/div>\n<p>A\u00e7\u00e3o \u00e9 uma das 15 em que AGU pede bloqueio de R$ 2,5 bilh\u00f5es<\/p><\/div>\n","protected":false},"author":1,"featured_media":88553,"comment_status":"closed","ping_status":"closed","sticky":false,"template":"","format":"gallery","meta":{"footnotes":""},"categories":[8,9,6,57,56,10],"tags":[],"class_list":["post-88552","post","type-post","status-publish","format-gallery","has-post-thumbnail","hentry","category-bahia","category-brasil","category-feira-de-santana","category-mundo","category-policia","category-politica","post_format-post-format-gallery"],"featured_image_urls":{"full":["https:\/\/noticiasbahia360.com.br\/wp-content\/uploads\/2025\/06\/inss_previdencia_social-foto-marcello-casal-jr-agencia-Brasil.jpg",640,326,false],"thumbnail":["https:\/\/noticiasbahia360.com.br\/wp-content\/uploads\/2025\/06\/inss_previdencia_social-foto-marcello-casal-jr-agencia-Brasil-150x150.jpg",150,150,true],"medium":["https:\/\/noticiasbahia360.com.br\/wp-content\/uploads\/2025\/06\/inss_previdencia_social-foto-marcello-casal-jr-agencia-Brasil-300x153.jpg",300,153,true],"medium_large":["https:\/\/noticiasbahia360.com.br\/wp-content\/uploads\/2025\/06\/inss_previdencia_social-foto-marcello-casal-jr-agencia-Brasil.jpg",640,326,false],"large":["https:\/\/noticiasbahia360.com.br\/wp-content\/uploads\/2025\/06\/inss_previdencia_social-foto-marcello-casal-jr-agencia-Brasil.jpg",640,326,false],"1536x1536":["https:\/\/noticiasbahia360.com.br\/wp-content\/uploads\/2025\/06\/inss_previdencia_social-foto-marcello-casal-jr-agencia-Brasil.jpg",640,326,false],"2048x2048":["https:\/\/noticiasbahia360.com.br\/wp-content\/uploads\/2025\/06\/inss_previdencia_social-foto-marcello-casal-jr-agencia-Brasil.jpg",640,326,false],"chromenews-featured":["https:\/\/noticiasbahia360.com.br\/wp-content\/uploads\/2025\/06\/inss_previdencia_social-foto-marcello-casal-jr-agencia-Brasil.jpg",640,326,false],"chromenews-large":["https:\/\/noticiasbahia360.com.br\/wp-content\/uploads\/2025\/06\/inss_previdencia_social-foto-marcello-casal-jr-agencia-Brasil.jpg",640,326,false],"chromenews-medium":["https:\/\/noticiasbahia360.com.br\/wp-content\/uploads\/2025\/06\/inss_previdencia_social-foto-marcello-casal-jr-agencia-Brasil-590x326.jpg",590,326,true]},"author_info":{"display_name":"noticiasbahia360.com.br","author_link":"https:\/\/noticiasbahia360.com.br\/?author=1"},"category_info":"<a href=\"https:\/\/noticiasbahia360.com.br\/?cat=8\" rel=\"category\">Bahia<\/a> <a href=\"https:\/\/noticiasbahia360.com.br\/?cat=9\" rel=\"category\">Brasil<\/a> <a href=\"https:\/\/noticiasbahia360.com.br\/?cat=6\" rel=\"category\">Feira de Santana<\/a> <a href=\"https:\/\/noticiasbahia360.com.br\/?cat=57\" rel=\"category\">Mundo<\/a> <a href=\"https:\/\/noticiasbahia360.com.br\/?cat=56\" rel=\"category\">Pol\u00edcia<\/a> <a href=\"https:\/\/noticiasbahia360.com.br\/?cat=10\" rel=\"category\">Pol\u00edtica<\/a>","tag_info":"Pol\u00edtica","comment_count":"0","_links":{"self":[{"href":"https:\/\/noticiasbahia360.com.br\/index.php?rest_route=\/wp\/v2\/posts\/88552","targetHints":{"allow":["GET"]}}],"collection":[{"href":"https:\/\/noticiasbahia360.com.br\/index.php?rest_route=\/wp\/v2\/posts"}],"about":[{"href":"https:\/\/noticiasbahia360.com.br\/index.php?rest_route=\/wp\/v2\/types\/post"}],"author":[{"embeddable":true,"href":"https:\/\/noticiasbahia360.com.br\/index.php?rest_route=\/wp\/v2\/users\/1"}],"replies":[{"embeddable":true,"href":"https:\/\/noticiasbahia360.com.br\/index.php?rest_route=%2Fwp%2Fv2%2Fcomments&post=88552"}],"version-history":[{"count":0,"href":"https:\/\/noticiasbahia360.com.br\/index.php?rest_route=\/wp\/v2\/posts\/88552\/revisions"}],"wp:featuredmedia":[{"embeddable":true,"href":"https:\/\/noticiasbahia360.com.br\/index.php?rest_route=\/wp\/v2\/media\/88553"}],"wp:attachment":[{"href":"https:\/\/noticiasbahia360.com.br\/index.php?rest_route=%2Fwp%2Fv2%2Fmedia&parent=88552"}],"wp:term":[{"taxonomy":"category","embeddable":true,"href":"https:\/\/noticiasbahia360.com.br\/index.php?rest_route=%2Fwp%2Fv2%2Fcategories&post=88552"},{"taxonomy":"post_tag","embeddable":true,"href":"https:\/\/noticiasbahia360.com.br\/index.php?rest_route=%2Fwp%2Fv2%2Ftags&post=88552"}],"curies":[{"name":"wp","href":"https:\/\/api.w.org\/{rel}","templated":true}]}}