{"id":88554,"date":"2025-06-03T09:19:35","date_gmt":"2025-06-03T12:19:35","guid":{"rendered":"https:\/\/noticiasbahia360.com.br\/?p=88554"},"modified":"2025-06-03T09:19:35","modified_gmt":"2025-06-03T12:19:35","slug":"nova-carteira-de-identidade-chega-a-marca-de-1-milhao-de-emissoes-na-bahia","status":"publish","type":"post","link":"https:\/\/noticiasbahia360.com.br\/?p=88554","title":{"rendered":"Nova carteira de identidade chega \u00e0 marca de 1 milh\u00e3o de emiss\u00f5es na Bahia"},"content":{"rendered":"<div>\n<div>\n<figure><img decoding=\"async\" src=\"http:\/\/noticiasbahia360.com.br\/wp-content\/uploads\/2025\/06\/pessoas-fila-sac-SAC-esperando-atendimento-foto-Ascom-Saeb.jpg\" alt=\"SAC fila pessoas atendimento\"><figcaption>Foto: Ascom Saeb<\/figcaption><\/figure>\n<\/div>\n<p>A nova carteira de identidade nacional (CIN) chegou \u00e0 marca de 1 milh\u00e3o de emiss\u00f5es na <a href=\"https:\/\/www.acordacidade.com.br\/bahia\/\">Bahia<\/a>. A primeira via \u00e9 gratuita e est\u00e1 dispon\u00edvel \u00e0 popula\u00e7\u00e3o nas 87 unidades fixas da Rede SAC, distribu\u00eddas em 74 munic\u00edpios no Estado, al\u00e9m das tr\u00eas carretas do SAC M\u00f3vel. O atendimento da CIN \u00e9 feito 100% por agendamento pr\u00e9vio em todos os postos fixos, atrav\u00e9s do aplicativo ou portal ba.gov.br ou pelo call center: 0800 071 5353 \/ 71 4020-5353.<\/p>\n<p>O atendimento da CIN iniciou em julho de 2024 e, de l\u00e1 pra c\u00e1, o SAC vem desenvolvendo diversas a\u00e7\u00f5es com o intuito de atender ao m\u00e1ximo poss\u00edvel de pessoas. Os postos que funcionam nos quatro grandes shoppings de Salvador atendem com hor\u00e1rio estendido at\u00e9 \u00e0s 21h e j\u00e1 contabilizam cerca de 140 mil atendimentos. Nos 21 postos do interior e nos 51 Pontos SAC, que realizam uma for\u00e7a-tarefa em dias de s\u00e1bado apenas para a CIN, o n\u00famero de atendimentos chega a quase 400 mil.<\/p>\n<p>O SAC tamb\u00e9m tem desempenhado a\u00e7\u00f5es que v\u00e3o ao encontro da popula\u00e7\u00e3o, como o projeto CIN nas Escolas. Atrav\u00e9s da equipe SAC Itinerante, o projeto j\u00e1 passou por 12 escolas estaduais, na capital e no interior, concretizando, aproximadamente, 7 mil atendimentos para estudantes da rede p\u00fablica e comunidade escolar. A pr\u00f3xima unidade ser\u00e1 o Col\u00e9gio Estadual de Educa\u00e7\u00e3o Profissional em Sa\u00fade do Leste Baiano, em Valen\u00e7a.<\/p>\n<p>Al\u00e9m das escolas, o SAC tamb\u00e9m j\u00e1 atendeu a mais de 6 mil pessoas em vulnerabilidade social, em parceria com secretarias de Estado e com o Instituto de Identifica\u00e7\u00e3o Pedro Mello (IIPM). Para a diretora Operacional do SAC, Nilza Rios, o intuito do SAC \u00e9 fazer com que o servi\u00e7o alcance o maior n\u00famero de pessoas no menor tempo poss\u00edvel, atrav\u00e9s de a\u00e7\u00f5es proativas e humanistas.<\/p>\n<p>Sobre a CIN \u2013 A primeira via da CIN \u00e9 gratuita e tem o Cadastro de Pessoa F\u00edsica (CPF) como n\u00famero \u00fanico de identifica\u00e7\u00e3o. Para fazer o documento \u00e9 necess\u00e1rio apresentar a certid\u00e3o de nascimento ou de estado civil atualizada original ou c\u00f3pia autenticada. A CIN permite incluir outros n\u00fameros de documentos como CNH, carteira de trabalho, t\u00edtulo de eleitor e certificado militar. Al\u00e9m disso, podem ser adicionadas tamb\u00e9m condi\u00e7\u00f5es de sa\u00fade, como o Transtorno do Espectro Autista (TEA) e defici\u00eancias auditiva, visual, f\u00edsica e intelectual; e at\u00e9 informa\u00e7\u00f5es como tipo sangu\u00edneo, fator RH e op\u00e7\u00e3o por ser doador de \u00f3rg\u00e3o.<\/p>\n<p>Outra novidade \u00e9 a inclus\u00e3o do nome social a pedido do pr\u00f3prio cidad\u00e3o. Caso haja mudan\u00e7a de nome na certid\u00e3o de nascimento fica valendo apenas este novo registro. A CIN tamb\u00e9m possui uma vers\u00e3o digital que estar\u00e1 dispon\u00edvel no GOV.BR tr\u00eas dias ap\u00f3s a impress\u00e3o. O documento ainda consta um QR Code para verifica\u00e7\u00e3o da autenticidade e verifica\u00e7\u00e3o de dados. A CIN tem validade de acordo com a faixa et\u00e1ria do cidad\u00e3o: de 0 a 12 anos incompletos, validade de 5 anos; 12 a 60 anos incompletos, validade de 10 anos; acima de 60 anos, validade indeterminada. \u00c9 importante lembrar que a troca do antigo RG pela nova CIN n\u00e3o \u00e9 urgente e pode ser feito at\u00e9 fevereiro de 2032.<\/p>\n<p>A implanta\u00e7\u00e3o da CIN na Bahia foi realizada pelo Departamento de Pol\u00edcia T\u00e9cnica (DPT), \u00f3rg\u00e3o ligado \u00e0 Secretaria de Seguran\u00e7a P\u00fablica (SSP), e respons\u00e1vel pelo Instituto de Identifica\u00e7\u00e3o Pedro Mello (IIPM), em parceria com a Secretaria da Administra\u00e7\u00e3o (Saeb), atrav\u00e9s do SAC.<\/p>\n<p><em>Siga o Acorda Cidade no<\/em><a href=\"https:\/\/news.google.com\/search?q=acorda%20cidade&amp;hl=pt-BR&amp;gl=BR&amp;ceid=BR%3Apt-419\"><strong><em> Google Not\u00edcias<\/em><\/strong><\/a><em> e receba os principais destaques do dia. Participe tamb\u00e9m dos nossos canais no <\/em><a href=\"https:\/\/whatsapp.com\/channel\/0029Va6Rb4v3WHTNnsh8WI3N\"><strong><em>WhatsApp<\/em><\/strong><\/a><em> e <\/em><a href=\"https:\/\/www.youtube.com\/@acordacidadenoticias\/videos\"><strong>Youtube<\/strong><\/a><em> e grupo de <\/em><a href=\"https:\/\/t.me\/+sSz0khrgARA0ZmRh\"><strong><em>Telegram<\/em><\/strong><\/a><em>.<\/em><\/p>\n<\/div>\n","protected":false},"excerpt":{"rendered":"<div>\n<div>\n<figure><img decoding=\"async\" src=\"https:\/\/uploads.acordacidade.com.br\/2025\/01\/pessoas-fila-sac-SAC-esperando-atendimento-foto-Ascom-Saeb.jpg\" alt=\"SAC fila pessoas atendimento\"><figcaption>Foto: Ascom Saeb<\/figcaption><\/figure>\n<\/div>\n<p>A CIN permite incluir outros n\u00fameros de documentos como CNH, carteira de trabalho, t\u00edtulo de eleitor e certificado militar.<\/p><\/div>\n","protected":false},"author":1,"featured_media":88555,"comment_status":"closed","ping_status":"closed","sticky":false,"template":"","format":"gallery","meta":{"footnotes":""},"categories":[8,9,6,57,56,10],"tags":[],"class_list":["post-88554","post","type-post","status-publish","format-gallery","has-post-thumbnail","hentry","category-bahia","category-brasil","category-feira-de-santana","category-mundo","category-policia","category-politica","post_format-post-format-gallery"],"featured_image_urls":{"full":["https:\/\/noticiasbahia360.com.br\/wp-content\/uploads\/2025\/06\/pessoas-fila-sac-SAC-esperando-atendimento-foto-Ascom-Saeb.jpg",640,360,false],"thumbnail":["https:\/\/noticiasbahia360.com.br\/wp-content\/uploads\/2025\/06\/pessoas-fila-sac-SAC-esperando-atendimento-foto-Ascom-Saeb-150x150.jpg",150,150,true],"medium":["https:\/\/noticiasbahia360.com.br\/wp-content\/uploads\/2025\/06\/pessoas-fila-sac-SAC-esperando-atendimento-foto-Ascom-Saeb-300x169.jpg",300,169,true],"medium_large":["https:\/\/noticiasbahia360.com.br\/wp-content\/uploads\/2025\/06\/pessoas-fila-sac-SAC-esperando-atendimento-foto-Ascom-Saeb.jpg",640,360,false],"large":["https:\/\/noticiasbahia360.com.br\/wp-content\/uploads\/2025\/06\/pessoas-fila-sac-SAC-esperando-atendimento-foto-Ascom-Saeb.jpg",640,360,false],"1536x1536":["https:\/\/noticiasbahia360.com.br\/wp-content\/uploads\/2025\/06\/pessoas-fila-sac-SAC-esperando-atendimento-foto-Ascom-Saeb.jpg",640,360,false],"2048x2048":["https:\/\/noticiasbahia360.com.br\/wp-content\/uploads\/2025\/06\/pessoas-fila-sac-SAC-esperando-atendimento-foto-Ascom-Saeb.jpg",640,360,false],"chromenews-featured":["https:\/\/noticiasbahia360.com.br\/wp-content\/uploads\/2025\/06\/pessoas-fila-sac-SAC-esperando-atendimento-foto-Ascom-Saeb.jpg",640,360,false],"chromenews-large":["https:\/\/noticiasbahia360.com.br\/wp-content\/uploads\/2025\/06\/pessoas-fila-sac-SAC-esperando-atendimento-foto-Ascom-Saeb.jpg",640,360,false],"chromenews-medium":["https:\/\/noticiasbahia360.com.br\/wp-content\/uploads\/2025\/06\/pessoas-fila-sac-SAC-esperando-atendimento-foto-Ascom-Saeb-590x360.jpg",590,360,true]},"author_info":{"display_name":"noticiasbahia360.com.br","author_link":"https:\/\/noticiasbahia360.com.br\/?author=1"},"category_info":"<a href=\"https:\/\/noticiasbahia360.com.br\/?cat=8\" rel=\"category\">Bahia<\/a> <a href=\"https:\/\/noticiasbahia360.com.br\/?cat=9\" rel=\"category\">Brasil<\/a> <a href=\"https:\/\/noticiasbahia360.com.br\/?cat=6\" rel=\"category\">Feira de Santana<\/a> <a href=\"https:\/\/noticiasbahia360.com.br\/?cat=57\" rel=\"category\">Mundo<\/a> <a href=\"https:\/\/noticiasbahia360.com.br\/?cat=56\" rel=\"category\">Pol\u00edcia<\/a> <a href=\"https:\/\/noticiasbahia360.com.br\/?cat=10\" rel=\"category\">Pol\u00edtica<\/a>","tag_info":"Pol\u00edtica","comment_count":"0","_links":{"self":[{"href":"https:\/\/noticiasbahia360.com.br\/index.php?rest_route=\/wp\/v2\/posts\/88554","targetHints":{"allow":["GET"]}}],"collection":[{"href":"https:\/\/noticiasbahia360.com.br\/index.php?rest_route=\/wp\/v2\/posts"}],"about":[{"href":"https:\/\/noticiasbahia360.com.br\/index.php?rest_route=\/wp\/v2\/types\/post"}],"author":[{"embeddable":true,"href":"https:\/\/noticiasbahia360.com.br\/index.php?rest_route=\/wp\/v2\/users\/1"}],"replies":[{"embeddable":true,"href":"https:\/\/noticiasbahia360.com.br\/index.php?rest_route=%2Fwp%2Fv2%2Fcomments&post=88554"}],"version-history":[{"count":0,"href":"https:\/\/noticiasbahia360.com.br\/index.php?rest_route=\/wp\/v2\/posts\/88554\/revisions"}],"wp:featuredmedia":[{"embeddable":true,"href":"https:\/\/noticiasbahia360.com.br\/index.php?rest_route=\/wp\/v2\/media\/88555"}],"wp:attachment":[{"href":"https:\/\/noticiasbahia360.com.br\/index.php?rest_route=%2Fwp%2Fv2%2Fmedia&parent=88554"}],"wp:term":[{"taxonomy":"category","embeddable":true,"href":"https:\/\/noticiasbahia360.com.br\/index.php?rest_route=%2Fwp%2Fv2%2Fcategories&post=88554"},{"taxonomy":"post_tag","embeddable":true,"href":"https:\/\/noticiasbahia360.com.br\/index.php?rest_route=%2Fwp%2Fv2%2Ftags&post=88554"}],"curies":[{"name":"wp","href":"https:\/\/api.w.org\/{rel}","templated":true}]}} 