{"id":88558,"date":"2025-06-03T09:39:40","date_gmt":"2025-06-03T12:39:40","guid":{"rendered":"https:\/\/noticiasbahia360.com.br\/?p=88558"},"modified":"2025-06-03T09:39:40","modified_gmt":"2025-06-03T12:39:40","slug":"festejos-juninos-inscricoes-de-bandas-regionais-encerram-nesta-terca-feira-03","status":"publish","type":"post","link":"https:\/\/noticiasbahia360.com.br\/?p=88558","title":{"rendered":"Festejos Juninos: inscri\u00e7\u00f5es de bandas regionais encerram nesta ter\u00e7a-feira (03)"},"content":{"rendered":"<div>\n<div>\n<figure><img decoding=\"async\" src=\"http:\/\/noticiasbahia360.com.br\/wp-content\/uploads\/2025\/06\/atracoeslocais_saojoao_feira_foto_izinaldobarreto_secom.jpg\" alt=\"Inscri\u00e7\u00f5es de bandas Regionais Micareta de Feira\"><figcaption>Foto: Izinaldo Barreto\/Secom<\/figcaption><\/figure>\n<\/div>\n<p>Termina nesta ter\u00e7a-feira (03) o prazo para os artistas, bandas e\/ou grupos musicais de Feira de Santana se inscreverem para participar dos <a href=\"https:\/\/www.acordacidade.com.br\/tag\/festejos-juninos\/\">festejos juninos <\/a>de 2025. A apresenta\u00e7\u00e3o de propostas para an\u00e1lise est\u00e1 sendo realizada atrav\u00e9s do site da Prefeitura (<a href=\"http:\/\/www.feiradesantana.ba.gov.br\/\">www.feiradesantana.ba.gov.br<\/a>), clicando no link \u201cInscri\u00e7\u00f5es Bandas\u201d.<\/p>\n<p>O prefeito Jos\u00e9 Ronaldo alertou, na manh\u00e3 desta segunda-feira (02), durante coletiva \u00e0 imprensa no Pa\u00e7o Municipal Maria Quit\u00e9ria, que somente ap\u00f3s a conclus\u00e3o das inscri\u00e7\u00f5es e a an\u00e1lise das propostas \u00e9 que o Governo Municipal anunciar\u00e1 os nomes das atra\u00e7\u00f5es locais que dever\u00e3o complementar a grade de atra\u00e7\u00f5es para os festejos de S\u00e3o Jo\u00e3o e S\u00e3o Pedro em Feira de Santana.<\/p>\n<p>Tanto no S\u00e3o Jo\u00e3o quanto no S\u00e3o Pedro, a Prefeitura de Feira vai mesclar os shows entre atra\u00e7\u00f5es de destaque no cen\u00e1rio nacional e artistas, bandas ou grupos musicais locais. \u201cSomente ap\u00f3s encerradas as inscri\u00e7\u00f5es, pelo site da Prefeitura, \u00e9 que vamos divulgar os nomes dos artistas feirenses que estar\u00e3o participando dos festejos juninos\u201d, destacou o prefeito Jos\u00e9 Ronaldo.<\/p>\n<p><em>Informa\u00e7\u00f5es da Secretaria Municipal de Comunica\u00e7\u00e3o de Feira de Santana<\/em><\/p>\n<p><em>Siga o Acorda Cidade no<\/em><a href=\"https:\/\/news.google.com\/search?q=acorda%20cidade&amp;hl=pt-BR&amp;gl=BR&amp;ceid=BR%3Apt-419\"><strong><em> Google Not\u00edcias<\/em><\/strong><\/a><em> e receba os principais destaques do dia. Participe tamb\u00e9m dos nossos canais no <\/em><a href=\"https:\/\/whatsapp.com\/channel\/0029Va6Rb4v3WHTNnsh8WI3N\"><strong><em>WhatsApp<\/em><\/strong><\/a><em> e <\/em><a href=\"https:\/\/www.youtube.com\/@acordacidadenoticias\/videos\"><strong>Youtube<\/strong><\/a><em> e grupo de <\/em><a href=\"https:\/\/t.me\/+sSz0khrgARA0ZmRh\"><strong><em>Telegram<\/em><\/strong><\/a><em>.<\/em><\/p>\n<\/div>\n","protected":false},"excerpt":{"rendered":"<div>\n<div>\n<figure><img decoding=\"async\" src=\"https:\/\/uploads.acordacidade.com.br\/2025\/06\/atracoeslocais_saojoao_feira_foto_izinaldobarreto_secom.jpg\" alt=\"Inscri\u00e7\u00f5es de bandas Regionais Micareta de Feira\"><figcaption>Foto: Izinaldo Barreto\/Secom<\/figcaption><\/figure>\n<\/div>\n<p>Prefeitura de Feira vai mesclar os shows entre atra\u00e7\u00f5es de destaque no cen\u00e1rio nacional e artistas, bandas ou grupos musicais locais<\/p><\/div>\n","protected":false},"author":1,"featured_media":88559,"comment_status":"closed","ping_status":"closed","sticky":false,"template":"","format":"gallery","meta":{"footnotes":""},"categories":[8,9,6,57,56,10],"tags":[],"class_list":["post-88558","post","type-post","status-publish","format-gallery","has-post-thumbnail","hentry","category-bahia","category-brasil","category-feira-de-santana","category-mundo","category-policia","category-politica","post_format-post-format-gallery"],"featured_image_urls":{"full":["https:\/\/noticiasbahia360.com.br\/wp-content\/uploads\/2025\/06\/atracoeslocais_saojoao_feira_foto_izinaldobarreto_secom.jpg",1200,799,false],"thumbnail":["https:\/\/noticiasbahia360.com.br\/wp-content\/uploads\/2025\/06\/atracoeslocais_saojoao_feira_foto_izinaldobarreto_secom-150x150.jpg",150,150,true],"medium":["https:\/\/noticiasbahia360.com.br\/wp-content\/uploads\/2025\/06\/atracoeslocais_saojoao_feira_foto_izinaldobarreto_secom-300x200.jpg",300,200,true],"medium_large":["https:\/\/noticiasbahia360.com.br\/wp-content\/uploads\/2025\/06\/atracoeslocais_saojoao_feira_foto_izinaldobarreto_secom-768x511.jpg",640,426,true],"large":["https:\/\/noticiasbahia360.com.br\/wp-content\/uploads\/2025\/06\/atracoeslocais_saojoao_feira_foto_izinaldobarreto_secom-1024x682.jpg",640,426,true],"1536x1536":["https:\/\/noticiasbahia360.com.br\/wp-content\/uploads\/2025\/06\/atracoeslocais_saojoao_feira_foto_izinaldobarreto_secom.jpg",1200,799,false],"2048x2048":["https:\/\/noticiasbahia360.com.br\/wp-content\/uploads\/2025\/06\/atracoeslocais_saojoao_feira_foto_izinaldobarreto_secom.jpg",1200,799,false],"chromenews-featured":["https:\/\/noticiasbahia360.com.br\/wp-content\/uploads\/2025\/06\/atracoeslocais_saojoao_feira_foto_izinaldobarreto_secom-1024x682.jpg",1024,682,true],"chromenews-large":["https:\/\/noticiasbahia360.com.br\/wp-content\/uploads\/2025\/06\/atracoeslocais_saojoao_feira_foto_izinaldobarreto_secom-825x575.jpg",825,575,true],"chromenews-medium":["https:\/\/noticiasbahia360.com.br\/wp-content\/uploads\/2025\/06\/atracoeslocais_saojoao_feira_foto_izinaldobarreto_secom-590x410.jpg",590,410,true]},"author_info":{"display_name":"noticiasbahia360.com.br","author_link":"https:\/\/noticiasbahia360.com.br\/?author=1"},"category_info":"<a href=\"https:\/\/noticiasbahia360.com.br\/?cat=8\" rel=\"category\">Bahia<\/a> <a href=\"https:\/\/noticiasbahia360.com.br\/?cat=9\" rel=\"category\">Brasil<\/a> <a href=\"https:\/\/noticiasbahia360.com.br\/?cat=6\" rel=\"category\">Feira de Santana<\/a> <a href=\"https:\/\/noticiasbahia360.com.br\/?cat=57\" rel=\"category\">Mundo<\/a> <a href=\"https:\/\/noticiasbahia360.com.br\/?cat=56\" rel=\"category\">Pol\u00edcia<\/a> <a href=\"https:\/\/noticiasbahia360.com.br\/?cat=10\" rel=\"category\">Pol\u00edtica<\/a>","tag_info":"Pol\u00edtica","comment_count":"0","_links":{"self":[{"href":"https:\/\/noticiasbahia360.com.br\/index.php?rest_route=\/wp\/v2\/posts\/88558","targetHints":{"allow":["GET"]}}],"collection":[{"href":"https:\/\/noticiasbahia360.com.br\/index.php?rest_route=\/wp\/v2\/posts"}],"about":[{"href":"https:\/\/noticiasbahia360.com.br\/index.php?rest_route=\/wp\/v2\/types\/post"}],"author":[{"embeddable":true,"href":"https:\/\/noticiasbahia360.com.br\/index.php?rest_route=\/wp\/v2\/users\/1"}],"replies":[{"embeddable":true,"href":"https:\/\/noticiasbahia360.com.br\/index.php?rest_route=%2Fwp%2Fv2%2Fcomments&post=88558"}],"version-history":[{"count":0,"href":"https:\/\/noticiasbahia360.com.br\/index.php?rest_route=\/wp\/v2\/posts\/88558\/revisions"}],"wp:featuredmedia":[{"embeddable":true,"href":"https:\/\/noticiasbahia360.com.br\/index.php?rest_route=\/wp\/v2\/media\/88559"}],"wp:attachment":[{"href":"https:\/\/noticiasbahia360.com.br\/index.php?rest_route=%2Fwp%2Fv2%2Fmedia&parent=88558"}],"wp:term":[{"taxonomy":"category","embeddable":true,"href":"https:\/\/noticiasbahia360.com.br\/index.php?rest_route=%2Fwp%2Fv2%2Fcategories&post=88558"},{"taxonomy":"post_tag","embeddable":true,"href":"https:\/\/noticiasbahia360.com.br\/index.php?rest_route=%2Fwp%2Fv2%2Ftags&post=88558"}],"curies":[{"name":"wp","href":"https:\/\/api.w.org\/{rel}","templated":true}]}}