{"id":88560,"date":"2025-06-03T09:49:44","date_gmt":"2025-06-03T12:49:44","guid":{"rendered":"https:\/\/noticiasbahia360.com.br\/?p=88560"},"modified":"2025-06-03T09:49:44","modified_gmt":"2025-06-03T12:49:44","slug":"governo-da-bahia-decreta-ponto-facultativo-nos-dias-20-e-23-de-junho-e-antecipa-parte-do-salario-de-servidores","status":"publish","type":"post","link":"https:\/\/noticiasbahia360.com.br\/?p=88560","title":{"rendered":"Governo da Bahia decreta ponto facultativo nos dias 20 e 23 de junho e antecipa parte do sal\u00e1rio de servidores"},"content":{"rendered":"<div>\n<div>\n<figure><img decoding=\"async\" src=\"http:\/\/noticiasbahia360.com.br\/wp-content\/uploads\/2025\/06\/aposentados_governodabahia.jpg\" alt=\"Governo da Bahia\"><figcaption>Foto: Carol Garcia\/GOVBA<\/figcaption><\/figure>\n<\/div>\n<p>O governador da Bahia, Jer\u00f4nimo Rodrigues, anunciou na noite desta segunda-feira (2), por meio das redes sociais, a decreta\u00e7\u00e3o de ponto facultativo para os servidores p\u00fablicos estaduais nos dias 20 e 23 de junho. A medida visa permitir a comemora\u00e7\u00e3o das festas juninas, especialmente no per\u00edodo de S\u00e3o Jo\u00e3o.<\/p>\n<p>Al\u00e9m disso, Jer\u00f4nimo Rodrigues informou que metade do sal\u00e1rio referente ao m\u00eas de junho ser\u00e1 depositada antecipadamente no dia 19, com o restante previsto para o final do m\u00eas.<\/p>\n<p><em>\u201cAten\u00e7\u00e3o, servidores p\u00fablicos!<br \/>Decretamos ponto facultativo nos dias 20 e 23 de junho. E tem mais: 50% do sal\u00e1rio ser\u00e1 pago j\u00e1 no dia 19, com o restante ao final do m\u00eas.\u201d<\/em><\/p>\n<figure class=\"wp-block-image size-full\"><img fetchpriority=\"high\" data-dominant-color=\"e5e6e6\" data-has-transparency=\"false\" style=\"--dominant-color: #e5e6e6;\" fetchpriority=\"high\" decoding=\"async\" width=\"1200\" height=\"686\" sizes=\"(max-width: 1200px) 100vw, 1200px\" src=\"http:\/\/noticiasbahia360.com.br\/wp-content\/uploads\/2025\/06\/EYfAPiWx-jeronimorodrigues_pontofacultativo.webp\" alt=\"Ponto Facultativo dos Servidores Estaduais\" class=\"wp-image-561532 not-transparent\" srcset=\"https:\/\/uploads.acordacidade.com.br\/2025\/06\/EYfAPiWx-jeronimorodrigues_pontofacultativo-638x365.webp 638w, https:\/\/uploads.acordacidade.com.br\/2025\/06\/EYfAPiWx-jeronimorodrigues_pontofacultativo-967x553.webp 967w, https:\/\/uploads.acordacidade.com.br\/2025\/06\/EYfAPiWx-jeronimorodrigues_pontofacultativo-150x86.webp 150w, http:\/\/noticiasbahia360.com.br\/wp-content\/uploads\/2025\/06\/EYfAPiWx-jeronimorodrigues_pontofacultativo.webp 1200w\"><figcaption class=\"wp-element-caption\">Foto: Reprodu\u00e7\u00e3o\/Redes Sociais<\/figcaption><\/figure>\n<p><em>Siga o Acorda Cidade no<\/em><a href=\"https:\/\/news.google.com\/search?q=acorda%20cidade&amp;hl=pt-BR&amp;gl=BR&amp;ceid=BR%3Apt-419\"><strong><em> Google Not\u00edcias<\/em><\/strong><\/a><em> e receba os principais destaques do dia. Participe tamb\u00e9m dos nossos canais no <\/em><a href=\"https:\/\/whatsapp.com\/channel\/0029Va6Rb4v3WHTNnsh8WI3N\"><strong><em>WhatsApp<\/em><\/strong><\/a><em> e <\/em><a href=\"https:\/\/www.youtube.com\/@acordacidadenoticias\/videos\"><strong>Youtube<\/strong><\/a><em> e grupo de <\/em><a href=\"https:\/\/t.me\/+sSz0khrgARA0ZmRh\"><strong><em>Telegram<\/em><\/strong><\/a><em>.<\/em><\/p>\n<\/div>\n","protected":false},"excerpt":{"rendered":"<div>\n<div>\n<figure><img decoding=\"async\" src=\"https:\/\/uploads.acordacidade.com.br\/wp-content\/uploads\/2023\/05\/19105522\/aposentados_governodabahia.jpg\" alt=\"Governo da Bahia\"><figcaption>Foto: Carol Garcia\/GOVBA<\/figcaption><\/figure>\n<\/div>\n<p>A medida visa permitir a comemora\u00e7\u00e3o das festas juninas, especialmente no per\u00edodo de S\u00e3o Jo\u00e3o.<\/p><\/div>\n","protected":false},"author":1,"featured_media":88561,"comment_status":"closed","ping_status":"closed","sticky":false,"template":"","format":"gallery","meta":{"footnotes":""},"categories":[8,9,6,57,56,10],"tags":[],"class_list":["post-88560","post","type-post","status-publish","format-gallery","has-post-thumbnail","hentry","category-bahia","category-brasil","category-feira-de-santana","category-mundo","category-policia","category-politica","post_format-post-format-gallery"],"featured_image_urls":{"full":["https:\/\/noticiasbahia360.com.br\/wp-content\/uploads\/2025\/06\/aposentados_governodabahia.jpg",640,426,false],"thumbnail":["https:\/\/noticiasbahia360.com.br\/wp-content\/uploads\/2025\/06\/aposentados_governodabahia-150x150.jpg",150,150,true],"medium":["https:\/\/noticiasbahia360.com.br\/wp-content\/uploads\/2025\/06\/aposentados_governodabahia-300x200.jpg",300,200,true],"medium_large":["https:\/\/noticiasbahia360.com.br\/wp-content\/uploads\/2025\/06\/aposentados_governodabahia.jpg",640,426,false],"large":["https:\/\/noticiasbahia360.com.br\/wp-content\/uploads\/2025\/06\/aposentados_governodabahia.jpg",640,426,false],"1536x1536":["https:\/\/noticiasbahia360.com.br\/wp-content\/uploads\/2025\/06\/aposentados_governodabahia.jpg",640,426,false],"2048x2048":["https:\/\/noticiasbahia360.com.br\/wp-content\/uploads\/2025\/06\/aposentados_governodabahia.jpg",640,426,false],"chromenews-featured":["https:\/\/noticiasbahia360.com.br\/wp-content\/uploads\/2025\/06\/aposentados_governodabahia.jpg",640,426,false],"chromenews-large":["https:\/\/noticiasbahia360.com.br\/wp-content\/uploads\/2025\/06\/aposentados_governodabahia.jpg",640,426,false],"chromenews-medium":["https:\/\/noticiasbahia360.com.br\/wp-content\/uploads\/2025\/06\/aposentados_governodabahia-590x410.jpg",590,410,true]},"author_info":{"display_name":"noticiasbahia360.com.br","author_link":"https:\/\/noticiasbahia360.com.br\/?author=1"},"category_info":"<a href=\"https:\/\/noticiasbahia360.com.br\/?cat=8\" rel=\"category\">Bahia<\/a> <a href=\"https:\/\/noticiasbahia360.com.br\/?cat=9\" rel=\"category\">Brasil<\/a> <a href=\"https:\/\/noticiasbahia360.com.br\/?cat=6\" rel=\"category\">Feira de Santana<\/a> <a href=\"https:\/\/noticiasbahia360.com.br\/?cat=57\" rel=\"category\">Mundo<\/a> <a href=\"https:\/\/noticiasbahia360.com.br\/?cat=56\" rel=\"category\">Pol\u00edcia<\/a> <a href=\"https:\/\/noticiasbahia360.com.br\/?cat=10\" rel=\"category\">Pol\u00edtica<\/a>","tag_info":"Pol\u00edtica","comment_count":"0","_links":{"self":[{"href":"https:\/\/noticiasbahia360.com.br\/index.php?rest_route=\/wp\/v2\/posts\/88560","targetHints":{"allow":["GET"]}}],"collection":[{"href":"https:\/\/noticiasbahia360.com.br\/index.php?rest_route=\/wp\/v2\/posts"}],"about":[{"href":"https:\/\/noticiasbahia360.com.br\/index.php?rest_route=\/wp\/v2\/types\/post"}],"author":[{"embeddable":true,"href":"https:\/\/noticiasbahia360.com.br\/index.php?rest_route=\/wp\/v2\/users\/1"}],"replies":[{"embeddable":true,"href":"https:\/\/noticiasbahia360.com.br\/index.php?rest_route=%2Fwp%2Fv2%2Fcomments&post=88560"}],"version-history":[{"count":0,"href":"https:\/\/noticiasbahia360.com.br\/index.php?rest_route=\/wp\/v2\/posts\/88560\/revisions"}],"wp:featuredmedia":[{"embeddable":true,"href":"https:\/\/noticiasbahia360.com.br\/index.php?rest_route=\/wp\/v2\/media\/88561"}],"wp:attachment":[{"href":"https:\/\/noticiasbahia360.com.br\/index.php?rest_route=%2Fwp%2Fv2%2Fmedia&parent=88560"}],"wp:term":[{"taxonomy":"category","embeddable":true,"href":"https:\/\/noticiasbahia360.com.br\/index.php?rest_route=%2Fwp%2Fv2%2Fcategories&post=88560"},{"taxonomy":"post_tag","embeddable":true,"href":"https:\/\/noticiasbahia360.com.br\/index.php?rest_route=%2Fwp%2Fv2%2Ftags&post=88560"}],"curies":[{"name":"wp","href":"https:\/\/api.w.org\/{rel}","templated":true}]}}