{"id":88565,"date":"2025-06-03T11:15:11","date_gmt":"2025-06-03T14:15:11","guid":{"rendered":"https:\/\/noticiasbahia360.com.br\/?p=88565"},"modified":"2025-06-03T11:15:11","modified_gmt":"2025-06-03T14:15:11","slug":"coordenador-da-policia-civil-rebate-pesquisa-que-aponta-feira-de-santana-como-a-cidade-mais-violenta-do-brasil","status":"publish","type":"post","link":"https:\/\/noticiasbahia360.com.br\/?p=88565","title":{"rendered":"Coordenador da Pol\u00edcia Civil rebate pesquisa que aponta Feira de Santana como a cidade mais violenta do Brasil"},"content":{"rendered":"<div>\n<div>\n<figure><img decoding=\"async\" src=\"http:\/\/noticiasbahia360.com.br\/wp-content\/uploads\/2025\/06\/delegado-yves-correia-foto-ed-santos.jpg\" alt=\"Feira de Santana\"><figcaption>Yves Correia, delegado coordenador da Pol\u00edcia Civil em Feira de Santana | Foto: Ed Santos \/ Acorda Cidade <\/figcaption><\/figure>\n<\/div>\n<div class=\"wp-block-group\">\n<div class=\"wp-block-group__inner-container is-layout-constrained wp-block-group-is-layout-constrained\">\n<p>O delegado Yves Correia rebateu uma pesquisa que aponta Feira de Santana como a cidade mais violenta do Brasil. Os dados, coletados por uma ONG Mexicana, s\u00e3o referentes ao ano de 2024 e foram divulgados pela Revista Exame. <strong>A cidade, conhecida como Princesa do Sert\u00e3o, est\u00e1 na 22\u00aa posi\u00e7\u00e3o na lista das 50 cidades mais violentas do mundo.<\/strong><\/p>\n<p>\u201cQuem acompanha o dia a dia da Pol\u00edcia Civil, no trabalho, nas opera\u00e7\u00f5es, nesse ciclo operacional constante, percebe a redu\u00e7\u00e3o clara nos \u00edndices de viol\u00eancia, e os dados oficiais da Secretaria de Seguran\u00e7a confirmam isso. Esses s\u00e3o os dados nos quais eu me baseio, porque dessa pesquisa n\u00e3o temos a fonte exata\u201d, disse Yves.<\/p>\n<\/div>\n<\/div>\n<div class=\"wp-block-group\">\n<div class=\"wp-block-group__inner-container is-layout-constrained wp-block-group-is-layout-constrained\">\n<h2 class=\"wp-block-heading\" id=\"h-indices-de-violencia-caindo\">\u00cdndices de viol\u00eancia caindo <\/h2>\n<p>De acordo com a <a href=\"https:\/\/www.acordacidade.com.br\/policia\/feira-de-santana-e-a-cidade-mais-violenta-do-brasil-e-22a-do-mundo-segundo-ong-mexicana\/\">pesquisa<\/a>, <strong>a posi\u00e7\u00e3o de uma cidade \u00e9 definida pela taxa de homic\u00eddios para cada 100 mil habitantes.<\/strong> Ao Acorda Cidade, o delegado, que atua como coordenador da Pol\u00edcia Civil em Feira de Santana, fez quest\u00e3o de ressaltar que n\u00e3o teve acesso aos dados e que o munic\u00edpio est\u00e1 vivendo um momento de redu\u00e7\u00e3o nos \u00edndices de viol\u00eancia.<\/p>\n<p>Nos primeiros cinco meses de 2025, <a href=\"https:\/\/www.acordacidade.com.br\/policia\/com-reducao-nos-homicidios-em-maio-feira-de-santana-mantem-tendencia-de-queda-na-violencia\/\">o n\u00famero de homic\u00eddios em Feira de Santana caiu<\/a> 32,43% em rela\u00e7\u00e3o ao mesmo per\u00edodo no ano anterior. O delegado informou que, no m\u00eas de maio, 15 ocorr\u00eancias do crime foram registradas no munic\u00edpio, a menor taxa entre os \u00faltimos dez anos. Para fevereiro, foi a menor registrada nos \u00faltimos 15 anos, e em mar\u00e7o, a menor dos \u00faltimos 20 anos.<\/p>\n<p>\u201c\u00c9 poss\u00edvel perceber que \u00e9 uma sequ\u00eancia consistente de redu\u00e7\u00e3o, n\u00e3o \u00e9 algo assim \u2018ah, foi a sorte de um m\u00eas\u2019. Ontem mesmo houve uma <a href=\"https:\/\/www.acordacidade.com.br\/policia\/integrante-de-faccao-responsavel-por-homicidios-em-feira-de-santana-e-preso-em-sao-paulo\/\">grande pris\u00e3o em S\u00e3o Paulo<\/a>, de uma lideran\u00e7a criminosa, de uma investiga\u00e7\u00e3o partindo de Feira de Santana e, por meio da intelig\u00eancia, alcan\u00e7ando esse indiv\u00edduo em S\u00e3o Paulo, junto com as for\u00e7as integradas de combate ao crime organizado. \u00c9 um trabalho consistente e dedicado\u201d, disse o delegado.<\/p>\n<\/div>\n<\/div>\n<h2 class=\"wp-block-heading\" id=\"h-margem-de-erro\">Margem de erro <\/h2>\n<p>O delegado disse que tentou procurar os respons\u00e1veis pela pesquisa para tentar entender como a coleta dos dados foi realizada. Yves demonstrou preocupa\u00e7\u00e3o com a possibilidade de a ONG Mexicana levar em considera\u00e7\u00e3o registros de \u201cmortes a esclarecer\u201d ou v\u00edtimas de acidentes de tr\u00e2nsito.<\/p>\n<p>Outra preocupa\u00e7\u00e3o \u00e9 que os \u00f3bitos que ocorrem no Hospital Geral Cl\u00e9riston Andrade (HGCA) estejam sendo contabilizados sem a devida distin\u00e7\u00e3o. Apesar de estar localizada em Feira de Santana, a unidade hospitalar recebe pacientes, por meio do sistema de regula\u00e7\u00e3o do estado, de 127 munic\u00edpios da Bahia. <strong>O delegado afirmou que a divulga\u00e7\u00e3o da pesquisa sem a comprova\u00e7\u00e3o da fonte pode trazer preju\u00edzos para a cidade.<\/strong><\/p>\n<p>\u201cOs empres\u00e1rios que queiram vir para c\u00e1 acabam n\u00e3o vindo, ou os que j\u00e1 est\u00e3o, saindo daqui, acreditando em uma pesquisa desse tipo. <strong>Eu acho que \u00e9 muito importante sempre buscar os dados oficiais, os dados da Secretaria de Seguran\u00e7a P\u00fablica (SSP), para poder dar a devida resposta.<\/strong> E n\u00e3o ficar buscando qualquer dado sem nenhum fundamento. A gente est\u00e1 buscando qual \u00e9 a fonte para poder dialogar e entender de onde est\u00e3o tirando isso\u201d, disse Yves.<\/p>\n<div class=\"wp-block-group\">\n<div class=\"wp-block-group__inner-container is-layout-constrained wp-block-group-is-layout-constrained\">\n<h2 class=\"wp-block-heading\" id=\"h-acoes-da-ssp\">A\u00e7\u00f5es da SSP<\/h2>\n<p>O Secret\u00e1rio de Seguran\u00e7a P\u00fablica do estado da Bahia, Marcelo Werner, esteve na manh\u00e3 desta ter\u00e7a (3) em Feira de Santana em um evento que lan\u00e7ou dois coletivos do programa Bahia Pela Paz. Questionado se ele comentaria a pesquisa da ONG Mexicana, o chefe da seguran\u00e7a p\u00fablica afirmou que n\u00e3o discute pesquisa e que a pasta vem constantemente realizando investimentos na cidade para perpetuar o comportamento de redu\u00e7\u00e3o na taxa de \u00edndice de crimes.<\/p>\n<figure class=\"wp-block-image size-large\"><img fetchpriority=\"high\" data-dominant-color=\"8f8882\" data-has-transparency=\"false\" style=\"--dominant-color: #8f8882;\" fetchpriority=\"high\" decoding=\"async\" width=\"1024\" height=\"768\" sizes=\"(max-width: 1024px) 100vw, 1024px\" src=\"http:\/\/noticiasbahia360.com.br\/wp-content\/uploads\/2025\/06\/4zlJrlAW-secretario-ssp-foto-ed-santos-1024x768-1.webp\" alt=\"Marcelo Werner, Secret\u00e1rio de Seguran\u00e7a P\u00fablica do estado da Bahia\" class=\"wp-image-561568 not-transparent\" srcset=\"https:\/\/uploads.acordacidade.com.br\/2025\/06\/4zlJrlAW-secretario-ssp-foto-ed-santos-487x365.webp 487w, http:\/\/noticiasbahia360.com.br\/wp-content\/uploads\/2025\/06\/4zlJrlAW-secretario-ssp-foto-ed-santos-1024x768-1.webp 1024w, https:\/\/uploads.acordacidade.com.br\/2025\/06\/4zlJrlAW-secretario-ssp-foto-ed-santos-737x553.webp 737w, https:\/\/uploads.acordacidade.com.br\/2025\/06\/4zlJrlAW-secretario-ssp-foto-ed-santos-150x113.webp 150w, https:\/\/uploads.acordacidade.com.br\/2025\/06\/4zlJrlAW-secretario-ssp-foto-ed-santos.webp 1200w\"><figcaption class=\"wp-element-caption\">Marcelo Werner, Secret\u00e1rio de Seguran\u00e7a P\u00fablica do estado da Bahia | Foto: Ed Santos \/ Acorda Cidade <\/figcaption><\/figure>\n<p>\u201cEu recebo a pesquisa de forma natural, como a gente recebe diversas pesquisas, mas destaco a diminui\u00e7\u00e3o que a gente vem apresentando ao longo desses dois anos e meio em Feira de Santana, em especial, neste ano, a partir do trabalho realizado pelas for\u00e7as de seguran\u00e7a. A gente continua trabalhando com afinco e dedica\u00e7\u00e3o. Eu estou falando em nome dos policiais, homens e mulheres, que est\u00e3o diuturnamente trabalhando para melhorar cada vez mais\u201d.<\/p>\n<p>O Secret\u00e1rio continuou. \u201cN\u00e3o s\u00f3 em Feira de Santana, a qual a gente destaca, mas, logicamente, em todo o estado da Bahia. A gente vai continuar trabalhando. Sabemos que temos muito a ser feito, mas temos um planejamento e convic\u00e7\u00e3o do caminho que tem que ser percorrido para a integra\u00e7\u00e3o necess\u00e1ria com a comunidade, os \u00f3rg\u00e3os de governo e justi\u00e7a, na busca pela diminui\u00e7\u00e3o da viol\u00eancia, combate \u00e0s fac\u00e7\u00f5es e, logicamente, redu\u00e7\u00e3o dos \u00edndices criminais e promo\u00e7\u00e3o da paz\u201d.<\/p>\n<div class=\"wp-block-group\">\n<div class=\"wp-block-group__inner-container is-layout-constrained wp-block-group-is-layout-constrained\">\n<p><strong>Leia tamb\u00e9m:<\/strong><\/p>\n<ul class=\"wp-block-list\">\n<li><a href=\"https:\/\/www.acordacidade.com.br\/policia\/feira-de-santana-e-a-cidade-mais-violenta-do-brasil-e-22a-do-mundo-segundo-ong-mexicana\/\">Feira de Santana \u00e9 a cidade mais violenta do Brasil e 22\u00aa do mundo segundo ONG mexicana<\/a><\/li>\n<li><a href=\"https:\/\/www.acordacidade.com.br\/policia\/integrante-de-faccao-responsavel-por-homicidios-em-feira-de-santana-e-preso-em-sao-paulo\/\">Integrante de fac\u00e7\u00e3o respons\u00e1vel por homic\u00eddios em Feira de Santana \u00e9 preso em S\u00e3o Paulo<\/a><\/li>\n<li><a href=\"https:\/\/www.acordacidade.com.br\/policia\/com-reducao-nos-homicidios-em-maio-feira-de-santana-mantem-tendencia-de-queda-na-violencia\/\">Com redu\u00e7\u00e3o nos homic\u00eddios em maio, Feira de Santana mant\u00e9m tend\u00eancia de queda na viol\u00eancia<\/a><\/li>\n<\/ul>\n<\/div>\n<\/div>\n<p><em>Com informa\u00e7\u00f5es do rep\u00f3rter Ed Santos do Acorda Cidade<\/em><\/p>\n<p><em>Reportagem escrita pelo estagi\u00e1rio de jornalismo Jefferson Ara\u00fajo sob supervis\u00e3o<\/em><\/p>\n<p><em>Siga o Acorda Cidade no<\/em><a href=\"https:\/\/news.google.com\/search?q=acorda%20cidade&amp;hl=pt-BR&amp;gl=BR&amp;ceid=BR%3Apt-419\"><strong><em>\u00a0Google Not\u00edcias<\/em><\/strong><\/a><em>\u00a0e receba os principais destaques do dia. Participe tamb\u00e9m dos nossos canais no\u00a0<\/em><a href=\"https:\/\/www.whatsapp.com\/channel\/0029Va6Rb4v3WHTNnsh8WI3N\"><strong><em>WhatsApp<\/em><\/strong><\/a><em>\u00a0e\u00a0<\/em><a href=\"https:\/\/www.youtube.com\/@acordacidadenoticias\/videos\"><strong>YouTube<\/strong><\/a><em>\u00a0e do grupo no\u00a0<\/em><a href=\"https:\/\/t.me\/+sSz0khrgARA0ZmRh\"><strong><em>Telegram<\/em><\/strong><\/a><em>.<\/em><\/p>\n<\/div>\n<\/div>\n<\/div>\n","protected":false},"excerpt":{"rendered":"<div>\n<div>\n<figure><img decoding=\"async\" src=\"https:\/\/uploads.acordacidade.com.br\/2025\/06\/delegado-yves-correia-foto-ed-santos.jpg\" alt=\"Feira de Santana\"><figcaption>Yves Correia, delegado coordenador da Pol\u00edcia Civil em Feira de Santana | Foto: Ed Santos \/ Acorda Cidade <\/figcaption><\/figure>\n<\/div>\n<p>De acordo com a pesquisa, a posi\u00e7\u00e3o de uma cidade \u00e9 definida pela taxa de homic\u00eddios para cada 100 mil habitantes.<\/p><\/div>\n","protected":false},"author":1,"featured_media":88566,"comment_status":"closed","ping_status":"closed","sticky":false,"template":"","format":"gallery","meta":{"footnotes":""},"categories":[8,9,6,57,56,10],"tags":[],"class_list":["post-88565","post","type-post","status-publish","format-gallery","has-post-thumbnail","hentry","category-bahia","category-brasil","category-feira-de-santana","category-mundo","category-policia","category-politica","post_format-post-format-gallery"],"featured_image_urls":{"full":["https:\/\/noticiasbahia360.com.br\/wp-content\/uploads\/2025\/06\/delegado-yves-correia-foto-ed-santos.jpg",1200,900,false],"thumbnail":["https:\/\/noticiasbahia360.com.br\/wp-content\/uploads\/2025\/06\/delegado-yves-correia-foto-ed-santos-150x150.jpg",150,150,true],"medium":["https:\/\/noticiasbahia360.com.br\/wp-content\/uploads\/2025\/06\/delegado-yves-correia-foto-ed-santos-300x225.jpg",300,225,true],"medium_large":["https:\/\/noticiasbahia360.com.br\/wp-content\/uploads\/2025\/06\/delegado-yves-correia-foto-ed-santos-768x576.jpg",640,480,true],"large":["https:\/\/noticiasbahia360.com.br\/wp-content\/uploads\/2025\/06\/delegado-yves-correia-foto-ed-santos-1024x768.jpg",640,480,true],"1536x1536":["https:\/\/noticiasbahia360.com.br\/wp-content\/uploads\/2025\/06\/delegado-yves-correia-foto-ed-santos.jpg",1200,900,false],"2048x2048":["https:\/\/noticiasbahia360.com.br\/wp-content\/uploads\/2025\/06\/delegado-yves-correia-foto-ed-santos.jpg",1200,900,false],"chromenews-featured":["https:\/\/noticiasbahia360.com.br\/wp-content\/uploads\/2025\/06\/delegado-yves-correia-foto-ed-santos-1024x768.jpg",1024,768,true],"chromenews-large":["https:\/\/noticiasbahia360.com.br\/wp-content\/uploads\/2025\/06\/delegado-yves-correia-foto-ed-santos-825x575.jpg",825,575,true],"chromenews-medium":["https:\/\/noticiasbahia360.com.br\/wp-content\/uploads\/2025\/06\/delegado-yves-correia-foto-ed-santos-590x410.jpg",590,410,true]},"author_info":{"display_name":"noticiasbahia360.com.br","author_link":"https:\/\/noticiasbahia360.com.br\/?author=1"},"category_info":"<a href=\"https:\/\/noticiasbahia360.com.br\/?cat=8\" rel=\"category\">Bahia<\/a> <a href=\"https:\/\/noticiasbahia360.com.br\/?cat=9\" rel=\"category\">Brasil<\/a> <a href=\"https:\/\/noticiasbahia360.com.br\/?cat=6\" rel=\"category\">Feira de Santana<\/a> <a href=\"https:\/\/noticiasbahia360.com.br\/?cat=57\" rel=\"category\">Mundo<\/a> <a href=\"https:\/\/noticiasbahia360.com.br\/?cat=56\" rel=\"category\">Pol\u00edcia<\/a> <a href=\"https:\/\/noticiasbahia360.com.br\/?cat=10\" rel=\"category\">Pol\u00edtica<\/a>","tag_info":"Pol\u00edtica","comment_count":"0","_links":{"self":[{"href":"https:\/\/noticiasbahia360.com.br\/index.php?rest_route=\/wp\/v2\/posts\/88565","targetHints":{"allow":["GET"]}}],"collection":[{"href":"https:\/\/noticiasbahia360.com.br\/index.php?rest_route=\/wp\/v2\/posts"}],"about":[{"href":"https:\/\/noticiasbahia360.com.br\/index.php?rest_route=\/wp\/v2\/types\/post"}],"author":[{"embeddable":true,"href":"https:\/\/noticiasbahia360.com.br\/index.php?rest_route=\/wp\/v2\/users\/1"}],"replies":[{"embeddable":true,"href":"https:\/\/noticiasbahia360.com.br\/index.php?rest_route=%2Fwp%2Fv2%2Fcomments&post=88565"}],"version-history":[{"count":0,"href":"https:\/\/noticiasbahia360.com.br\/index.php?rest_route=\/wp\/v2\/posts\/88565\/revisions"}],"wp:featuredmedia":[{"embeddable":true,"href":"https:\/\/noticiasbahia360.com.br\/index.php?rest_route=\/wp\/v2\/media\/88566"}],"wp:attachment":[{"href":"https:\/\/noticiasbahia360.com.br\/index.php?rest_route=%2Fwp%2Fv2%2Fmedia&parent=88565"}],"wp:term":[{"taxonomy":"category","embeddable":true,"href":"https:\/\/noticiasbahia360.com.br\/index.php?rest_route=%2Fwp%2Fv2%2Fcategories&post=88565"},{"taxonomy":"post_tag","embeddable":true,"href":"https:\/\/noticiasbahia360.com.br\/index.php?rest_route=%2Fwp%2Fv2%2Ftags&post=88565"}],"curies":[{"name":"wp","href":"https:\/\/api.w.org\/{rel}","templated":true}]}}