{"id":88568,"date":"2025-06-03T12:45:58","date_gmt":"2025-06-03T15:45:58","guid":{"rendered":"https:\/\/noticiasbahia360.com.br\/?p=88568"},"modified":"2025-06-03T12:45:58","modified_gmt":"2025-06-03T15:45:58","slug":"prevencao-a-violencia-feira-de-santana-recebe-os-dois-primeiros-coletivos-bahia-pela-paz-do-interior-do-estado","status":"publish","type":"post","link":"https:\/\/noticiasbahia360.com.br\/?p=88568","title":{"rendered":"Preven\u00e7\u00e3o \u00e0 Viol\u00eancia: Feira de Santana recebe os dois primeiros Coletivos Bahia pela Paz do interior do estado"},"content":{"rendered":"<div>\n<div>\n<figure><img decoding=\"async\" src=\"http:\/\/noticiasbahia360.com.br\/wp-content\/uploads\/2025\/06\/isSwsAo4-Coletivo-Bahia-pela-Paz-em-Feira-de-Santana-ft-ed-santos-acorda-cidade2.webp\" alt=\"Coletivo Bahia pela Paz em Feira de Santana\"><figcaption>Foto: Ed Santos\/Acorda Cidade<\/figcaption><\/figure>\n<\/div>\n<p>Na manh\u00e3 desta ter\u00e7a-feira (3), Feira de Santana recebe uma importante iniciativa voltada para a constru\u00e7\u00e3o de uma cultura de paz. O governador Jer\u00f4nimo Rodrigues esteve na cidade para inaugurar os dois primeiros <strong><a href=\"https:\/\/www.acordacidade.com.br\/tag\/bahia-pela-paz\/\">Coletivos Bahia pela Paz<\/a><\/strong> do interior do estado, localizados nos <strong>bairros da Concei\u00e7\u00e3o e da Mangabeira<\/strong>. <strong>No total, o programa prev\u00ea a implanta\u00e7\u00e3o de 24 coletivos em 16 cidades baianas, com um investimento de R$ 70 milh\u00f5es.<\/strong><\/p>\n<p>Os coletivos s\u00e3o espa\u00e7os comunit\u00e1rios destinados a fortalecer v\u00ednculos sociais, promover os direitos das juventudes e prevenir a viol\u00eancia. Eles fazem parte do programa Bahia pela Paz, uma estrat\u00e9gia do Governo do Estado que une pol\u00edticas p\u00fablicas de educa\u00e7\u00e3o, cultura, esporte, sa\u00fade, gera\u00e7\u00e3o de renda e assist\u00eancia social em territ\u00f3rios mais vulner\u00e1veis, onde a viol\u00eancia, o tr\u00e1fico de drogas, a inseguran\u00e7a alimentar, entre outros problemas alcan\u00e7am a popula\u00e7\u00e3o.<\/p>\n<figure class=\"wp-block-image size-large\"><img fetchpriority=\"high\" data-dominant-color=\"817e60\" data-has-transparency=\"false\" style=\"--dominant-color: #817e60;\" fetchpriority=\"high\" decoding=\"async\" width=\"1131\" height=\"768\" sizes=\"(max-width: 1131px) 100vw, 1131px\" src=\"http:\/\/noticiasbahia360.com.br\/wp-content\/uploads\/2025\/06\/h7OPXbEu-Coletivo-Bahia-pela-Paz-em-Feira-de-Santana-ft-ed-santos-acorda-cidade-1131x768-1.webp\" alt=\"Coletivo Bahia pela Paz em Feira de Santana\" class=\"wp-image-561608 not-transparent\" srcset=\"https:\/\/uploads.acordacidade.com.br\/2025\/06\/h7OPXbEu-Coletivo-Bahia-pela-Paz-em-Feira-de-Santana-ft-ed-santos-acorda-cidade-537x365.webp 537w, http:\/\/noticiasbahia360.com.br\/wp-content\/uploads\/2025\/06\/h7OPXbEu-Coletivo-Bahia-pela-Paz-em-Feira-de-Santana-ft-ed-santos-acorda-cidade-1131x768-1.webp 1131w, https:\/\/uploads.acordacidade.com.br\/2025\/06\/h7OPXbEu-Coletivo-Bahia-pela-Paz-em-Feira-de-Santana-ft-ed-santos-acorda-cidade-814x553.webp 814w, https:\/\/uploads.acordacidade.com.br\/2025\/06\/h7OPXbEu-Coletivo-Bahia-pela-Paz-em-Feira-de-Santana-ft-ed-santos-acorda-cidade-150x102.webp 150w, https:\/\/uploads.acordacidade.com.br\/2025\/06\/h7OPXbEu-Coletivo-Bahia-pela-Paz-em-Feira-de-Santana-ft-ed-santos-acorda-cidade.webp 1200w\"><figcaption class=\"wp-element-caption\">Foto: Ed Santos\/Acorda Cidade<\/figcaption><\/figure>\n<p>\u201cN\u00e3o estamos partindo do zero. Adaptamos, melhoramos, aperfei\u00e7oamos. Aqui, esse coletivo \u00e9 um ambiente f\u00edsico onde a gente disponibiliza profissionais da assist\u00eancia social, psicologia, na \u00e1rea de sa\u00fade, porque o foco \u00e9 a constru\u00e7\u00e3o de um ambiente de paz\u201d, explicou o governador Jer\u00f4nimo Rodrigues.<\/p>\n<h2 class=\"wp-block-heading\" id=\"h-bahia-pela-paz-vai-repetir-os-mesmos-indices-do-pacto-pela-vida\">Bahia pela Paz vai repetir os mesmos \u00edndices do Pacto pela Vida?<\/h2>\n<p>Tido como o substituto do <strong>\u201cPacto pela Vida\u201d<\/strong>, o <strong>Bahia pela Paz<\/strong> deve ser aperfei\u00e7oado para reduzir a letalidade da viol\u00eancia no estado. Apesar disso, entidades e especialistas criticam o programa que n\u00e3o pode se disfar\u00e7ar como mais uma \u201cpol\u00edtica de morte\u201d do estado.<\/p>\n<p>Segundo <strong>Boletim Pele Alvo: Mortes que revelam um padr\u00e3o<\/strong>, em 2023, a pol\u00edcia brasileira matou pelo menos sete pessoas por dia. Na Bahia, as for\u00e7as de seguran\u00e7a s\u00e3o respons\u00e1veis por 47,5% das mortes de pessoas negras em a\u00e7\u00f5es policiais, isso comparado com nove estados brasileiros.<\/p>\n<p>Em 2023 foram 1.702 v\u00edtimas \u2013 \u00fanico estado entre os monitorados a ultrapassar a marca de 1 mil casos no ano. Os mais afetados nessa conta s\u00e3o os jovens negros que s\u00e3o atingidos em 62% dos casos pela letalidade policial. <a href=\"https:\/\/drive.google.com\/file\/d\/1Es_wgKXniACtnI48RfMJ3_SM8y8zAdkT\/view\" target=\"_blank\" rel=\"noreferrer noopener\"><em>Confira o relat\u00f3rio aqui.<\/em><\/a><\/p>\n<p>A implanta\u00e7\u00e3o dos coletivos surge como resposta a esses desafios enfrentados por bairros que convivem com problemas de seguran\u00e7a e falta de infraestrutura. Segundo o governador, al\u00e9m do trabalho social, a a\u00e7\u00e3o tamb\u00e9m conta com apoio da intelig\u00eancia da pol\u00edcia.<\/p>\n<figure class=\"wp-block-image size-large\"><img data-dominant-color=\"74747c\" data-has-transparency=\"false\" style=\"--dominant-color: #74747c;\" decoding=\"async\" width=\"1100\" height=\"768\" sizes=\"(max-width: 1100px) 100vw, 1100px\" src=\"http:\/\/noticiasbahia360.com.br\/wp-content\/uploads\/2025\/06\/J08mVE7x-Coletivo-Bahia-pela-Paz-em-Feira-de-Santana-ft-ed-santos-acorda-cidade6-1100x768-1.webp\" alt=\"Coletivo Bahia pela Paz em Feira de Santana \" class=\"wp-image-561609 not-transparent\" srcset=\"https:\/\/uploads.acordacidade.com.br\/2025\/06\/J08mVE7x-Coletivo-Bahia-pela-Paz-em-Feira-de-Santana-ft-ed-santos-acorda-cidade6-523x365.webp 523w, http:\/\/noticiasbahia360.com.br\/wp-content\/uploads\/2025\/06\/J08mVE7x-Coletivo-Bahia-pela-Paz-em-Feira-de-Santana-ft-ed-santos-acorda-cidade6-1100x768-1.webp 1100w, https:\/\/uploads.acordacidade.com.br\/2025\/06\/J08mVE7x-Coletivo-Bahia-pela-Paz-em-Feira-de-Santana-ft-ed-santos-acorda-cidade6-792x553.webp 792w, https:\/\/uploads.acordacidade.com.br\/2025\/06\/J08mVE7x-Coletivo-Bahia-pela-Paz-em-Feira-de-Santana-ft-ed-santos-acorda-cidade6-150x105.webp 150w, https:\/\/uploads.acordacidade.com.br\/2025\/06\/J08mVE7x-Coletivo-Bahia-pela-Paz-em-Feira-de-Santana-ft-ed-santos-acorda-cidade6.webp 1200w\"><figcaption class=\"wp-element-caption\">Foto: Ed Santos\/Acorda Cidade<\/figcaption><\/figure>\n<p>A secret\u00e1ria de Educa\u00e7\u00e3o, Rowena Brito, tamb\u00e9m destacou a import\u00e2ncia da iniciativa para os jovens que est\u00e3o fora das salas de aulas.<\/p>\n<p>\u201c\u00c9 uma ferramenta reconhecidamente que j\u00e1 d\u00e1 certo, que funciona, porque a gente traz a popula\u00e7\u00e3o para mais perto do governo do estado. E as nossas unidades escolares j\u00e1 est\u00e3o linkadas num contato direto com os coletivos para fazer atividades. As equipes dos coletivos indo at\u00e9 as nossas unidades, mas tamb\u00e9m ajudando a gente a identificar quem n\u00e3o est\u00e1 na escola, quem n\u00e3o estuda, quem n\u00e3o est\u00e1 na escola, para a gente buscar essas pessoas.\u201d<\/p>\n<figure class=\"wp-block-image size-large\"><img data-dominant-color=\"8e8079\" data-has-transparency=\"false\" style=\"--dominant-color: #8e8079;\" decoding=\"async\" width=\"1131\" height=\"768\" sizes=\"(max-width: 1131px) 100vw, 1131px\" src=\"http:\/\/noticiasbahia360.com.br\/wp-content\/uploads\/2025\/06\/zvGzXHCL-Coletivo-Bahia-pela-Paz-em-Feira-de-Santana-ft-ed-santos-acorda-cidade1-1131x768-1.webp\" alt=\"Coletivo Bahia pela Paz em Feira de Santana\" class=\"wp-image-561607 not-transparent\" srcset=\"https:\/\/uploads.acordacidade.com.br\/2025\/06\/zvGzXHCL-Coletivo-Bahia-pela-Paz-em-Feira-de-Santana-ft-ed-santos-acorda-cidade1-537x365.webp 537w, http:\/\/noticiasbahia360.com.br\/wp-content\/uploads\/2025\/06\/zvGzXHCL-Coletivo-Bahia-pela-Paz-em-Feira-de-Santana-ft-ed-santos-acorda-cidade1-1131x768-1.webp 1131w, https:\/\/uploads.acordacidade.com.br\/2025\/06\/zvGzXHCL-Coletivo-Bahia-pela-Paz-em-Feira-de-Santana-ft-ed-santos-acorda-cidade1-814x553.webp 814w, https:\/\/uploads.acordacidade.com.br\/2025\/06\/zvGzXHCL-Coletivo-Bahia-pela-Paz-em-Feira-de-Santana-ft-ed-santos-acorda-cidade1-150x102.webp 150w, https:\/\/uploads.acordacidade.com.br\/2025\/06\/zvGzXHCL-Coletivo-Bahia-pela-Paz-em-Feira-de-Santana-ft-ed-santos-acorda-cidade1.webp 1200w\"><figcaption class=\"wp-element-caption\">Rowena Brito | Foto: Ed Santos\/Acorda Cidade<\/figcaption><\/figure>\n<p>Segundo a secret\u00e1ria, a parceria das escolas com a Bahia pela Paz, vai possibilitar \u00e0s fam\u00edlias um diagn\u00f3stico para acompanhar suas vulnerabilidades e tentar san\u00e1-las.<\/p>\n<p>\u201cVamos ter a perman\u00eancia desses estudantes, identificando quais s\u00e3o as fragilidades, por que eles n\u00e3o est\u00e3o indo para a escola. Ent\u00e3o, \u00e9 uma grande rede de prote\u00e7\u00e3o dos nossos estudantes, garantia de direito, que passa pela perman\u00eancia na escola.\u201d<\/p>\n<figure class=\"wp-block-image size-full\"><img data-dominant-color=\"898680\" data-has-transparency=\"false\" style=\"--dominant-color: #898680;\" decoding=\"async\" width=\"1200\" height=\"751\" sizes=\"(max-width: 1200px) 100vw, 1200px\" src=\"http:\/\/noticiasbahia360.com.br\/wp-content\/uploads\/2025\/06\/6mm8BEjQ-Coletivo-Bahia-pela-Paz-em-Feira-de-Santana-ft-ed-santos-acorda-cidade3.webp\" alt=\"Coletivo Bahia pela Paz em Feira de Santana\" class=\"wp-image-561605 not-transparent\" srcset=\"https:\/\/uploads.acordacidade.com.br\/2025\/06\/6mm8BEjQ-Coletivo-Bahia-pela-Paz-em-Feira-de-Santana-ft-ed-santos-acorda-cidade3-583x365.webp 583w, https:\/\/uploads.acordacidade.com.br\/2025\/06\/6mm8BEjQ-Coletivo-Bahia-pela-Paz-em-Feira-de-Santana-ft-ed-santos-acorda-cidade3-884x553.webp 884w, https:\/\/uploads.acordacidade.com.br\/2025\/06\/6mm8BEjQ-Coletivo-Bahia-pela-Paz-em-Feira-de-Santana-ft-ed-santos-acorda-cidade3-150x94.webp 150w, http:\/\/noticiasbahia360.com.br\/wp-content\/uploads\/2025\/06\/6mm8BEjQ-Coletivo-Bahia-pela-Paz-em-Feira-de-Santana-ft-ed-santos-acorda-cidade3.webp 1200w\"><figcaption class=\"wp-element-caption\">Foto: Ed Santos\/Acorda Cidade<\/figcaption><\/figure>\n<h2 class=\"wp-block-heading\" id=\"h-rede-de-protecao-e-atuacao-dos-direitos-humanos\">Rede de prote\u00e7\u00e3o e atua\u00e7\u00e3o dos Direitos Humanos<\/h2>\n<p>O secret\u00e1rio de Direitos Humanos da Bahia, Felipe Freitas, explicou que os coletivos s\u00e3o fruto de uma grande articula\u00e7\u00e3o institucional, envolvendo 12 secretarias estaduais, al\u00e9m de Minist\u00e9rio P\u00fablico, Defensoria, Tribunal de Justi\u00e7a e as prefeituras.<\/p>\n<p>\u201cEstamos criando um equipamento p\u00fablico para oferecer pol\u00edticas p\u00fablicas aos jovens das comunidades. V\u00e3o poder acessar nesses espa\u00e7os um conjunto de pol\u00edticas p\u00fablicas na \u00e1rea de esporte, do empreendedorismo, na \u00e1rea de cultura e de educa\u00e7\u00e3o. N\u00f3s temos equipes multidisciplinares, com pedagogos, psic\u00f3logos, advogados e assistentes sociais, v\u00e3o atuar nas escolas, associa\u00e7\u00f5es, igrejas, oferecendo alternativas de cidadania e direitos humanos\u201d, destacou ao Acorda Cidade.<\/p>\n<p>Segundo ele, a escolha dos <strong>bairros de Concei\u00e7\u00e3o e Mangabeira<\/strong> levou em conta fatores como densidade populacional, vulnerabilidade social e os desafios na \u00e1rea da seguran\u00e7a p\u00fablica.<\/p>\n<figure class=\"wp-block-image size-large\"><img loading=\"lazy\" data-dominant-color=\"aba596\" data-has-transparency=\"false\" style=\"--dominant-color: #aba596;\" decoding=\"async\" width=\"1185\" height=\"768\" sizes=\"(max-width: 1185px) 100vw, 1185px\" src=\"http:\/\/noticiasbahia360.com.br\/wp-content\/uploads\/2025\/06\/Jsx6BtoX-Coletivo-Bahia-pela-Paz-em-Feira-de-Santana-ft-ed-santos-acorda-cidade4-1185x768-1.webp\" alt=\"Coletivo Bahia pela Paz em Feira de Santana\" class=\"wp-image-561604 not-transparent\" srcset=\"https:\/\/uploads.acordacidade.com.br\/2025\/06\/Jsx6BtoX-Coletivo-Bahia-pela-Paz-em-Feira-de-Santana-ft-ed-santos-acorda-cidade4-563x365.webp 563w, http:\/\/noticiasbahia360.com.br\/wp-content\/uploads\/2025\/06\/Jsx6BtoX-Coletivo-Bahia-pela-Paz-em-Feira-de-Santana-ft-ed-santos-acorda-cidade4-1185x768-1.webp 1185w, https:\/\/uploads.acordacidade.com.br\/2025\/06\/Jsx6BtoX-Coletivo-Bahia-pela-Paz-em-Feira-de-Santana-ft-ed-santos-acorda-cidade4-853x553.webp 853w, https:\/\/uploads.acordacidade.com.br\/2025\/06\/Jsx6BtoX-Coletivo-Bahia-pela-Paz-em-Feira-de-Santana-ft-ed-santos-acorda-cidade4-150x97.webp 150w, https:\/\/uploads.acordacidade.com.br\/2025\/06\/Jsx6BtoX-Coletivo-Bahia-pela-Paz-em-Feira-de-Santana-ft-ed-santos-acorda-cidade4.webp 1200w\"><figcaption class=\"wp-element-caption\">Felipe Freitas | Foto: Ed Santos\/Acorda Cidade<\/figcaption><\/figure>\n<p>\u201cEsses s\u00e3o os bairros muito populosos que enfrentam desafios importantes do ponto de vista da seguran\u00e7a, mas tamb\u00e9m da infraestrutura urbana, da cria\u00e7\u00e3o de espa\u00e7os para poder acompanhar essa expans\u00e3o imobili\u00e1ria que aconteceu na regi\u00e3o. \u00c9 importante que o Estado esteja presente junto a essas comunidades para poder oferecer estrutura adequada para essa popula\u00e7\u00e3o viver em paz e com dignidade\u201d, pontuou o secret\u00e1rio.<\/p>\n<h2 class=\"wp-block-heading\" id=\"h-seguranca-que-vai-alem-da-policia\">Seguran\u00e7a que vai al\u00e9m da pol\u00edcia<\/h2>\n<p>O secret\u00e1rio de Seguran\u00e7a P\u00fablica, Marcelo Werner, tamb\u00e9m esteve presente e refor\u00e7ou que seguran\u00e7a p\u00fablica n\u00e3o se faz apenas com repress\u00e3o, mas com preven\u00e7\u00e3o, cuidado e aten\u00e7\u00e3o \u00e0 vida das pessoas.<\/p>\n<p>Ele destacou o combate da pol\u00edcia \u00e0s fac\u00e7\u00f5es criminosas, asfixiando elas com as apreens\u00f5es, pris\u00f5es, bloqueio de recursos, apesar disso, os criminosos tem estado presente nas comunidades, atraindo cada vez mais os jovens e devastando fam\u00edlias vulner\u00e1veis.<\/p>\n<figure class=\"wp-block-image size-large\"><img loading=\"lazy\" data-dominant-color=\"87888d\" data-has-transparency=\"false\" style=\"--dominant-color: #87888d;\" decoding=\"async\" width=\"987\" height=\"768\" sizes=\"(max-width: 987px) 100vw, 987px\" src=\"http:\/\/noticiasbahia360.com.br\/wp-content\/uploads\/2025\/06\/wyXpF1ZH-secretariosegurana-marcelowerner-foto-edsantos_acordacidade-987x768-1.webp\" alt=\"Secret\u00e1rio de Seguran\u00e7a P\u00fablica da Bahia, Marcelo Werner\" class=\"wp-image-561600 not-transparent\" srcset=\"https:\/\/uploads.acordacidade.com.br\/2025\/06\/wyXpF1ZH-secretariosegurana-marcelowerner-foto-edsantos_acordacidade-469x365.webp 469w, http:\/\/noticiasbahia360.com.br\/wp-content\/uploads\/2025\/06\/wyXpF1ZH-secretariosegurana-marcelowerner-foto-edsantos_acordacidade-987x768-1.webp 987w, https:\/\/uploads.acordacidade.com.br\/2025\/06\/wyXpF1ZH-secretariosegurana-marcelowerner-foto-edsantos_acordacidade-710x553.webp 710w, https:\/\/uploads.acordacidade.com.br\/2025\/06\/wyXpF1ZH-secretariosegurana-marcelowerner-foto-edsantos_acordacidade-150x117.webp 150w, https:\/\/uploads.acordacidade.com.br\/2025\/06\/wyXpF1ZH-secretariosegurana-marcelowerner-foto-edsantos_acordacidade.webp 1200w\"><figcaption class=\"wp-element-caption\">Foto: Ed Santos\/Acorda Cidade<\/figcaption><\/figure>\n<p>\u201cAs comunidades est\u00e3o sendo violentadas pelas fac\u00e7\u00f5es. Ent\u00e3o, uma a\u00e7\u00e3o como essa que visa promover justamente a aproxima\u00e7\u00e3o da educa\u00e7\u00e3o, do esporte, do lazer, da cultura, costumo dizer, da promo\u00e7\u00e3o de institutos importantes, como a fam\u00edlia, como a religi\u00e3o, independente dela qual for. Pol\u00edcia \u00e9 seguran\u00e7a p\u00fablica, mas seguran\u00e7a p\u00fablica n\u00e3o \u00e9 s\u00f3 pol\u00edcia. A gente tem que ter tamb\u00e9m a\u00e7\u00f5es de pol\u00edticas p\u00fablicas\u201d, afirmou Werner.<\/p>\n<p>O secret\u00e1rio destacou ainda os avan\u00e7os no combate ao crime organizado, com opera\u00e7\u00f5es que resultaram na pris\u00e3o de lideran\u00e7as, inclusive em outros estados, al\u00e9m de apreens\u00f5es de armas, drogas e desarticula\u00e7\u00e3o de laborat\u00f3rios do tr\u00e1fico.<\/p>\n<h2 class=\"wp-block-heading\" id=\"h-violencia-em-feira-de-santana\">Viol\u00eancia em Feira de Santana<\/h2>\n<p>O governador ainda comentou a repercuss\u00e3o de uma <em><a href=\"https:\/\/www.acordacidade.com.br\/policia\/feira-de-santana-e-a-cidade-mais-violenta-do-brasil-e-22a-do-mundo-segundo-ong-mexicana\/\" target=\"_blank\" rel=\"noreferrer noopener\">pesquisa internacional<\/a><\/em> que apontou Feira de Santana entre as cidades mais violentas do mundo, mesmo apresentando uma tend\u00eancia de <a href=\"https:\/\/www.acordacidade.com.br\/policia\/com-reducao-nos-homicidios-em-maio-feira-de-santana-mantem-tendencia-de-queda-na-violencia\/\" target=\"_blank\" rel=\"noreferrer noopener\">redu\u00e7\u00e3o no n\u00famero de Crimes Violentos Letais Intencionais (CVLIs)<\/a>. Segundo ele, os dados s\u00e3o levados em considera\u00e7\u00e3o, mas \u00e9 preciso cuidado para que n\u00e3o sejam usados de forma pol\u00edtica.<\/p>\n<p>\u201cEspero que alguns segmentos n\u00e3o utilizem dessas pesquisas para fazer atua\u00e7\u00e3o pol\u00edtico-partid\u00e1ria. O estado n\u00e3o merece isso. A Bahia \u00e9 um estado de paz. [\u2026] N\u00e3o \u00e9 poss\u00edvel que quem fa\u00e7a oposi\u00e7\u00e3o dia e noite n\u00e3o reconhe\u00e7a uma a\u00e7\u00e3o concreta estabelecida de paz. Veja quantos dias a gente fica sem um crime violento ou qualquer tipo de crime\u201d, respondeu ao Acorda Cidade.<\/p>\n<p>Em contrapartida ao estudo, Jer\u00f4nimo relembrou o per\u00edodo de Micareta, quando esteve na cidade e a sensa\u00e7\u00e3o foi \u201cquase 100% de seguran\u00e7a durante os quatro dias de festa\u201d. Para o governador, a redu\u00e7\u00e3o consistente da viol\u00eancia nos \u00faltimos meses \u00e9 resultado das opera\u00e7\u00f5es policiais, da intelig\u00eancia e das a\u00e7\u00f5es integradas com a sociedade.<\/p>\n<p><strong>Em Feira de Santana, os equipamentos do Bahia pela Paz est\u00e3o localizados nos bairros da Concei\u00e7\u00e3o (Rua Gameleira, n\u00ba 22) e da Mangabeira (Rua Borraz\u00f3polis, n\u00ba 106).<\/strong><\/p>\n<p><em>Com informa\u00e7\u00f5es do rep\u00f3rter Ed Santos do Acorda Cidade<\/em><\/p>\n<p><strong>Leia tamb\u00e9m: <\/strong><\/p>\n<p><a href=\"https:\/\/www.acordacidade.com.br\/policia\/feira-de-santana-e-a-cidade-mais-violenta-do-brasil-e-22a-do-mundo-segundo-ong-mexicana\/\" target=\"_blank\" rel=\"noreferrer noopener\">Feira de Santana \u00e9 a cidade mais violenta do Brasil e 22\u00aa do mundo segundo ONG mexicana<\/a><\/p>\n<p><a href=\"https:\/\/www.acordacidade.com.br\/policia\/com-reducao-nos-homicidios-em-maio-feira-de-santana-mantem-tendencia-de-queda-na-violencia\/\" target=\"_blank\" rel=\"noreferrer noopener\">Com redu\u00e7\u00e3o nos homic\u00eddios em maio, Feira de Santana mant\u00e9m tend\u00eancia de queda na viol\u00eancia<\/a><\/p>\n<p><em>Siga o Acorda Cidade no<\/em><a href=\"https:\/\/news.google.com\/search?q=acorda%20cidade&amp;hl=pt-BR&amp;gl=BR&amp;ceid=BR%3Apt-419\"><strong><em>\u00a0Google Not\u00edcias<\/em><\/strong><\/a><em>\u00a0e receba os principais destaques do dia. Participe tamb\u00e9m dos nossos canais no\u00a0<\/em><a href=\"https:\/\/www.whatsapp.com\/channel\/0029Va6Rb4v3WHTNnsh8WI3N\"><strong><em>WhatsApp<\/em><\/strong><\/a><em>\u00a0e\u00a0<\/em><a href=\"https:\/\/www.youtube.com\/@acordacidadenoticias\/videos\"><strong>YouTube<\/strong><\/a><em>\u00a0e grupo de\u00a0<\/em><a href=\"https:\/\/t.me\/+sSz0khrgARA0ZmRh\"><strong><em>Telegram<\/em><\/strong><\/a><em>.<\/em><\/p>\n<\/div>\n","protected":false},"excerpt":{"rendered":"<div>\n<div>\n<figure><img decoding=\"async\" src=\"https:\/\/uploads.acordacidade.com.br\/2025\/06\/isSwsAo4-Coletivo-Bahia-pela-Paz-em-Feira-de-Santana-ft-ed-santos-acorda-cidade2.webp\" alt=\"Coletivo Bahia pela Paz em Feira de Santana\"><figcaption>Foto: Ed Santos\/Acorda Cidade<\/figcaption><\/figure>\n<\/div>\n<p>Tido como o substituto do \u201cPacto pela Vida\u201d, o Bahia pela Paz deve ser aperfei\u00e7oado para reduzir a letalidade da viol\u00eancia no estado.<\/p><\/div>\n","protected":false},"author":1,"featured_media":88569,"comment_status":"closed","ping_status":"closed","sticky":false,"template":"","format":"gallery","meta":{"footnotes":""},"categories":[8,9,6,57,56,10],"tags":[],"class_list":["post-88568","post","type-post","status-publish","format-gallery","has-post-thumbnail","hentry","category-bahia","category-brasil","category-feira-de-santana","category-mundo","category-policia","category-politica","post_format-post-format-gallery"],"featured_image_urls":{"full":["https:\/\/noticiasbahia360.com.br\/wp-content\/uploads\/2025\/06\/isSwsAo4-Coletivo-Bahia-pela-Paz-em-Feira-de-Santana-ft-ed-santos-acorda-cidade2.webp",1200,805,false],"thumbnail":["https:\/\/noticiasbahia360.com.br\/wp-content\/uploads\/2025\/06\/isSwsAo4-Coletivo-Bahia-pela-Paz-em-Feira-de-Santana-ft-ed-santos-acorda-cidade2-150x150.webp",150,150,true],"medium":["https:\/\/noticiasbahia360.com.br\/wp-content\/uploads\/2025\/06\/isSwsAo4-Coletivo-Bahia-pela-Paz-em-Feira-de-Santana-ft-ed-santos-acorda-cidade2-300x201.webp",300,201,true],"medium_large":["https:\/\/noticiasbahia360.com.br\/wp-content\/uploads\/2025\/06\/isSwsAo4-Coletivo-Bahia-pela-Paz-em-Feira-de-Santana-ft-ed-santos-acorda-cidade2-768x515.webp",640,429,true],"large":["https:\/\/noticiasbahia360.com.br\/wp-content\/uploads\/2025\/06\/isSwsAo4-Coletivo-Bahia-pela-Paz-em-Feira-de-Santana-ft-ed-santos-acorda-cidade2-1024x687.webp",640,429,true],"1536x1536":["https:\/\/noticiasbahia360.com.br\/wp-content\/uploads\/2025\/06\/isSwsAo4-Coletivo-Bahia-pela-Paz-em-Feira-de-Santana-ft-ed-santos-acorda-cidade2.webp",1200,805,false],"2048x2048":["https:\/\/noticiasbahia360.com.br\/wp-content\/uploads\/2025\/06\/isSwsAo4-Coletivo-Bahia-pela-Paz-em-Feira-de-Santana-ft-ed-santos-acorda-cidade2.webp",1200,805,false],"chromenews-featured":["https:\/\/noticiasbahia360.com.br\/wp-content\/uploads\/2025\/06\/isSwsAo4-Coletivo-Bahia-pela-Paz-em-Feira-de-Santana-ft-ed-santos-acorda-cidade2-1024x687.webp",1024,687,true],"chromenews-large":["https:\/\/noticiasbahia360.com.br\/wp-content\/uploads\/2025\/06\/isSwsAo4-Coletivo-Bahia-pela-Paz-em-Feira-de-Santana-ft-ed-santos-acorda-cidade2-825x575.webp",825,575,true],"chromenews-medium":["https:\/\/noticiasbahia360.com.br\/wp-content\/uploads\/2025\/06\/isSwsAo4-Coletivo-Bahia-pela-Paz-em-Feira-de-Santana-ft-ed-santos-acorda-cidade2-590x410.webp",590,410,true]},"author_info":{"display_name":"noticiasbahia360.com.br","author_link":"https:\/\/noticiasbahia360.com.br\/?author=1"},"category_info":"<a href=\"https:\/\/noticiasbahia360.com.br\/?cat=8\" rel=\"category\">Bahia<\/a> <a href=\"https:\/\/noticiasbahia360.com.br\/?cat=9\" rel=\"category\">Brasil<\/a> <a href=\"https:\/\/noticiasbahia360.com.br\/?cat=6\" rel=\"category\">Feira de Santana<\/a> <a href=\"https:\/\/noticiasbahia360.com.br\/?cat=57\" rel=\"category\">Mundo<\/a> <a href=\"https:\/\/noticiasbahia360.com.br\/?cat=56\" rel=\"category\">Pol\u00edcia<\/a> <a href=\"https:\/\/noticiasbahia360.com.br\/?cat=10\" rel=\"category\">Pol\u00edtica<\/a>","tag_info":"Pol\u00edtica","comment_count":"0","_links":{"self":[{"href":"https:\/\/noticiasbahia360.com.br\/index.php?rest_route=\/wp\/v2\/posts\/88568","targetHints":{"allow":["GET"]}}],"collection":[{"href":"https:\/\/noticiasbahia360.com.br\/index.php?rest_route=\/wp\/v2\/posts"}],"about":[{"href":"https:\/\/noticiasbahia360.com.br\/index.php?rest_route=\/wp\/v2\/types\/post"}],"author":[{"embeddable":true,"href":"https:\/\/noticiasbahia360.com.br\/index.php?rest_route=\/wp\/v2\/users\/1"}],"replies":[{"embeddable":true,"href":"https:\/\/noticiasbahia360.com.br\/index.php?rest_route=%2Fwp%2Fv2%2Fcomments&post=88568"}],"version-history":[{"count":0,"href":"https:\/\/noticiasbahia360.com.br\/index.php?rest_route=\/wp\/v2\/posts\/88568\/revisions"}],"wp:featuredmedia":[{"embeddable":true,"href":"https:\/\/noticiasbahia360.com.br\/index.php?rest_route=\/wp\/v2\/media\/88569"}],"wp:attachment":[{"href":"https:\/\/noticiasbahia360.com.br\/index.php?rest_route=%2Fwp%2Fv2%2Fmedia&parent=88568"}],"wp:term":[{"taxonomy":"category","embeddable":true,"href":"https:\/\/noticiasbahia360.com.br\/index.php?rest_route=%2Fwp%2Fv2%2Fcategories&post=88568"},{"taxonomy":"post_tag","embeddable":true,"href":"https:\/\/noticiasbahia360.com.br\/index.php?rest_route=%2Fwp%2Fv2%2Ftags&post=88568"}],"curies":[{"name":"wp","href":"https:\/\/api.w.org\/{rel}","templated":true}]}}