{"id":88576,"date":"2025-06-03T13:00:01","date_gmt":"2025-06-03T16:00:01","guid":{"rendered":"https:\/\/noticiasbahia360.com.br\/?p=88576"},"modified":"2025-06-03T13:00:01","modified_gmt":"2025-06-03T16:00:01","slug":"prf-apreende-132-kg-de-drogas-e-fuzil-na-br-116","status":"publish","type":"post","link":"https:\/\/noticiasbahia360.com.br\/?p=88576","title":{"rendered":"PRF apreende 132 kg de drogas e fuzil na BR-116"},"content":{"rendered":"<div>\n<div>\n<figure><img decoding=\"async\" src=\"http:\/\/noticiasbahia360.com.br\/wp-content\/uploads\/2025\/06\/apreensao_prf_drogas_fuzil_foto_prf_.jpg\" alt=\"PRF apreende 132 kg de drogas e fuzil na BR-116\"><figcaption>Foto: PRF<\/figcaption><\/figure>\n<\/div>\n<p>Na manh\u00e3 desta ter\u00e7a-feira (03), por volta das 10h, durante fiscaliza\u00e7\u00e3o realizada pela <a href=\"https:\/\/www.acordacidade.com.br\/tag\/policia-rodoviaria-federal-2\/\">Pol\u00edcia Rodovi\u00e1ria Federal<\/a> (PRF) no km 429 da BR-116, em Feira de Santana, policiais abordaram um ve\u00edculo de transporte de passageiros. <\/p>\n<p>Durante a verifica\u00e7\u00e3o, foi constatado que o ve\u00edculo transportava uma grande quantidade de tecido e diversas caixas. Mas ao checar o conte\u00fado, os policiais encontraram aproximadamente 132 quilos de entorpecentes \u2014 sendo 131 quilos de maconha e 1 quilo de pasta base de coca\u00edna \u2014 al\u00e9m de um fuzil calibre 5.56 e dois carregadores para fuzil do mesmo calibre. Duas pessoas foram presas em flagrante.<\/p>\n<figure class=\"wp-block-image size-large\"><img fetchpriority=\"high\" data-dominant-color=\"657763\" data-has-transparency=\"false\" style=\"--dominant-color: #657763;\" fetchpriority=\"high\" decoding=\"async\" width=\"1024\" height=\"768\" sizes=\"(max-width: 1024px) 100vw, 1024px\" src=\"http:\/\/noticiasbahia360.com.br\/wp-content\/uploads\/2025\/06\/SIqJWvKA-apreensao_prf_drogas_fuzil_foto_prf-1024x768-1.webp\" alt=\"PRF apreende 132 kg de drogas e fuzil na BR-116\" class=\"wp-image-561618 not-transparent\" srcset=\"https:\/\/uploads.acordacidade.com.br\/2025\/06\/SIqJWvKA-apreensao_prf_drogas_fuzil_foto_prf-487x365.webp 487w, http:\/\/noticiasbahia360.com.br\/wp-content\/uploads\/2025\/06\/SIqJWvKA-apreensao_prf_drogas_fuzil_foto_prf-1024x768-1.webp 1024w, https:\/\/uploads.acordacidade.com.br\/2025\/06\/SIqJWvKA-apreensao_prf_drogas_fuzil_foto_prf-737x553.webp 737w, https:\/\/uploads.acordacidade.com.br\/2025\/06\/SIqJWvKA-apreensao_prf_drogas_fuzil_foto_prf-150x113.webp 150w, https:\/\/uploads.acordacidade.com.br\/2025\/06\/SIqJWvKA-apreensao_prf_drogas_fuzil_foto_prf.webp 1200w\"><figcaption class=\"wp-element-caption\">Foto: PRF<\/figcaption><\/figure>\n<p>Logo ap\u00f3s a apreens\u00e3o e pris\u00e3o, a PRF entrou em contato com a Delegacia de T\u00f3xicos e Entorpecentes (DTE), que, com base nas informa\u00e7\u00f5es repassadas, iniciou dilig\u00eancias e conseguiu localizar e prender os traficantes respons\u00e1veis pelo recebimento dos il\u00edcitos.<\/p>\n<p>A a\u00e7\u00e3o demonstra a efic\u00e1cia do trabalho conjunto entre as for\u00e7as policiais, que, ao atuarem de forma integrada, t\u00eam a capacidade de alcan\u00e7ar resultados mais eficazes no combate ao crime organizado e ao tr\u00e1fico de drogas.<\/p>\n<p><em>Siga o Acorda Cidade no<\/em><a href=\"https:\/\/news.google.com\/search?q=acorda%20cidade&amp;hl=pt-BR&amp;gl=BR&amp;ceid=BR%3Apt-419\"><strong><em> Google Not\u00edcias<\/em><\/strong><\/a><em> e receba os principais destaques do dia. Participe tamb\u00e9m dos nossos canais no <\/em><a href=\"https:\/\/whatsapp.com\/channel\/0029Va6Rb4v3WHTNnsh8WI3N\"><strong><em>WhatsApp<\/em><\/strong><\/a><em> e <\/em><a href=\"https:\/\/www.youtube.com\/@acordacidadenoticias\/videos\"><strong>Youtube<\/strong><\/a><em> e grupo de <\/em><a href=\"https:\/\/t.me\/+sSz0khrgARA0ZmRh\"><strong><em>Telegram<\/em><\/strong><\/a><em>.<\/em><\/p>\n<\/div>\n","protected":false},"excerpt":{"rendered":"<div>\n<div>\n<figure><img decoding=\"async\" src=\"https:\/\/uploads.acordacidade.com.br\/2025\/06\/apreensao_prf_drogas_fuzil_foto_prf_.jpg\" alt=\"PRF apreende 132 kg de drogas e fuzil na BR-116\"><figcaption>Foto: PRF<\/figcaption><\/figure>\n<\/div>\n<p>Na a\u00e7\u00e3o integrada um traficante foi preso<\/p><\/div>\n","protected":false},"author":1,"featured_media":88577,"comment_status":"closed","ping_status":"closed","sticky":false,"template":"","format":"gallery","meta":{"footnotes":""},"categories":[8,9,6,57,56,10],"tags":[],"class_list":["post-88576","post","type-post","status-publish","format-gallery","has-post-thumbnail","hentry","category-bahia","category-brasil","category-feira-de-santana","category-mundo","category-policia","category-politica","post_format-post-format-gallery"],"featured_image_urls":{"full":["https:\/\/noticiasbahia360.com.br\/wp-content\/uploads\/2025\/06\/apreensao_prf_drogas_fuzil_foto_prf_.jpg",1200,900,false],"thumbnail":["https:\/\/noticiasbahia360.com.br\/wp-content\/uploads\/2025\/06\/apreensao_prf_drogas_fuzil_foto_prf_-150x150.jpg",150,150,true],"medium":["https:\/\/noticiasbahia360.com.br\/wp-content\/uploads\/2025\/06\/apreensao_prf_drogas_fuzil_foto_prf_-300x225.jpg",300,225,true],"medium_large":["https:\/\/noticiasbahia360.com.br\/wp-content\/uploads\/2025\/06\/apreensao_prf_drogas_fuzil_foto_prf_-768x576.jpg",640,480,true],"large":["https:\/\/noticiasbahia360.com.br\/wp-content\/uploads\/2025\/06\/apreensao_prf_drogas_fuzil_foto_prf_-1024x768.jpg",640,480,true],"1536x1536":["https:\/\/noticiasbahia360.com.br\/wp-content\/uploads\/2025\/06\/apreensao_prf_drogas_fuzil_foto_prf_.jpg",1200,900,false],"2048x2048":["https:\/\/noticiasbahia360.com.br\/wp-content\/uploads\/2025\/06\/apreensao_prf_drogas_fuzil_foto_prf_.jpg",1200,900,false],"chromenews-featured":["https:\/\/noticiasbahia360.com.br\/wp-content\/uploads\/2025\/06\/apreensao_prf_drogas_fuzil_foto_prf_-1024x768.jpg",1024,768,true],"chromenews-large":["https:\/\/noticiasbahia360.com.br\/wp-content\/uploads\/2025\/06\/apreensao_prf_drogas_fuzil_foto_prf_-825x575.jpg",825,575,true],"chromenews-medium":["https:\/\/noticiasbahia360.com.br\/wp-content\/uploads\/2025\/06\/apreensao_prf_drogas_fuzil_foto_prf_-590x410.jpg",590,410,true]},"author_info":{"display_name":"noticiasbahia360.com.br","author_link":"https:\/\/noticiasbahia360.com.br\/?author=1"},"category_info":"<a href=\"https:\/\/noticiasbahia360.com.br\/?cat=8\" rel=\"category\">Bahia<\/a> <a href=\"https:\/\/noticiasbahia360.com.br\/?cat=9\" rel=\"category\">Brasil<\/a> <a href=\"https:\/\/noticiasbahia360.com.br\/?cat=6\" rel=\"category\">Feira de Santana<\/a> <a href=\"https:\/\/noticiasbahia360.com.br\/?cat=57\" rel=\"category\">Mundo<\/a> <a href=\"https:\/\/noticiasbahia360.com.br\/?cat=56\" rel=\"category\">Pol\u00edcia<\/a> <a href=\"https:\/\/noticiasbahia360.com.br\/?cat=10\" rel=\"category\">Pol\u00edtica<\/a>","tag_info":"Pol\u00edtica","comment_count":"0","_links":{"self":[{"href":"https:\/\/noticiasbahia360.com.br\/index.php?rest_route=\/wp\/v2\/posts\/88576","targetHints":{"allow":["GET"]}}],"collection":[{"href":"https:\/\/noticiasbahia360.com.br\/index.php?rest_route=\/wp\/v2\/posts"}],"about":[{"href":"https:\/\/noticiasbahia360.com.br\/index.php?rest_route=\/wp\/v2\/types\/post"}],"author":[{"embeddable":true,"href":"https:\/\/noticiasbahia360.com.br\/index.php?rest_route=\/wp\/v2\/users\/1"}],"replies":[{"embeddable":true,"href":"https:\/\/noticiasbahia360.com.br\/index.php?rest_route=%2Fwp%2Fv2%2Fcomments&post=88576"}],"version-history":[{"count":0,"href":"https:\/\/noticiasbahia360.com.br\/index.php?rest_route=\/wp\/v2\/posts\/88576\/revisions"}],"wp:featuredmedia":[{"embeddable":true,"href":"https:\/\/noticiasbahia360.com.br\/index.php?rest_route=\/wp\/v2\/media\/88577"}],"wp:attachment":[{"href":"https:\/\/noticiasbahia360.com.br\/index.php?rest_route=%2Fwp%2Fv2%2Fmedia&parent=88576"}],"wp:term":[{"taxonomy":"category","embeddable":true,"href":"https:\/\/noticiasbahia360.com.br\/index.php?rest_route=%2Fwp%2Fv2%2Fcategories&post=88576"},{"taxonomy":"post_tag","embeddable":true,"href":"https:\/\/noticiasbahia360.com.br\/index.php?rest_route=%2Fwp%2Fv2%2Ftags&post=88576"}],"curies":[{"name":"wp","href":"https:\/\/api.w.org\/{rel}","templated":true}]}}