{"id":88579,"date":"2025-06-03T13:49:38","date_gmt":"2025-06-03T16:49:38","guid":{"rendered":"https:\/\/noticiasbahia360.com.br\/?p=88579"},"modified":"2025-06-03T13:49:38","modified_gmt":"2025-06-03T16:49:38","slug":"gratuidade-no-transporte-pacientes-com-fibromialgia-bloqueiam-a-entrada-do-terminal-central-para-cobrar-emissao-do-passe","status":"publish","type":"post","link":"https:\/\/noticiasbahia360.com.br\/?p=88579","title":{"rendered":"Gratuidade no transporte: pacientes com fibromialgia bloqueiam a entrada do Terminal Central para cobrar emiss\u00e3o do passe"},"content":{"rendered":"<div>\n<div>\n<figure><img decoding=\"async\" src=\"http:\/\/noticiasbahia360.com.br\/wp-content\/uploads\/2025\/06\/Oa2F48Qx-Pessoas-com-fibromialgia-realizam-protesto-ft-ney-silva-acorda-cidade3.webp\" alt=\"Pessoas com fibromialgia realizam protesto\"><figcaption>Foto: Ney Silva\/Acorda Cidade<\/figcaption><\/figure>\n<\/div>\n<p>Pessoas com fibromialgia realizaram, nesta ter\u00e7a-feira (3), uma manifesta\u00e7\u00e3o no Terminal Central Rodovi\u00e1rio de Feira de Santana. A mobiliza\u00e7\u00e3o chama aten\u00e7\u00e3o para o descumprimento da <a href=\"https:\/\/www.acordacidade.com.br\/feira-de-santana\/vereador-pedro-americo-vai-a-justica-por-direitos-da-fibromialgia\/\" target=\"_blank\" rel=\"noreferrer noopener\">Lei Municipal n\u00ba 4.278\/2025, de autoria do vereador Pedro Am\u00e9rico (Cidadania)<\/a>, que garante transporte p\u00fablico gratuito \u00e0s pessoas com fibromialgia na cidade. Promulgada em 12 de mar\u00e7o deste ano, a lei representa uma conquista hist\u00f3rica para quem convive com a condi\u00e7\u00e3o cr\u00f4nica, mas, quase tr\u00eas meses ap\u00f3s a san\u00e7\u00e3o, pacientes continuam enfrentando dificuldades para acessar o benef\u00edcio.<\/p>\n<p>Jussara Leite, terapeuta e integrante da ONG Amor que Conforta, relatou os obst\u00e1culos enfrentados para garantir o passe livre.<\/p>\n<figure class=\"wp-block-image size-full\"><img fetchpriority=\"high\" data-dominant-color=\"7a7773\" data-has-transparency=\"false\" style=\"--dominant-color: #7a7773;\" fetchpriority=\"high\" decoding=\"async\" width=\"1200\" height=\"683\" sizes=\"(max-width: 1200px) 100vw, 1200px\" src=\"http:\/\/noticiasbahia360.com.br\/wp-content\/uploads\/2025\/06\/jlSB7kv1-Pessoas-com-fibromialgia-realizam-protesto-ft-ney-silva-acorda-cidade4.webp\" alt=\"Pessoas com fibromialgia realizam protesto\" class=\"wp-image-561630 not-transparent\" srcset=\"https:\/\/uploads.acordacidade.com.br\/2025\/06\/jlSB7kv1-Pessoas-com-fibromialgia-realizam-protesto-ft-ney-silva-acorda-cidade4-641x365.webp 641w, https:\/\/uploads.acordacidade.com.br\/2025\/06\/jlSB7kv1-Pessoas-com-fibromialgia-realizam-protesto-ft-ney-silva-acorda-cidade4-972x553.webp 972w, https:\/\/uploads.acordacidade.com.br\/2025\/06\/jlSB7kv1-Pessoas-com-fibromialgia-realizam-protesto-ft-ney-silva-acorda-cidade4-150x85.webp 150w, http:\/\/noticiasbahia360.com.br\/wp-content\/uploads\/2025\/06\/jlSB7kv1-Pessoas-com-fibromialgia-realizam-protesto-ft-ney-silva-acorda-cidade4.webp 1200w\"><figcaption class=\"wp-element-caption\">Jussara Leite | Foto: Ney Silva\/Acorda Cidade<\/figcaption><\/figure>\n<p>\u201cEssa manifesta\u00e7\u00e3o aqui \u00e9 porque n\u00f3s n\u00e3o estamos conseguindo tirar o passe. Chega na Secretaria de Transporte, \u00e9 autorizado. Quando chega aqui \u00e9 vedado, sempre est\u00e1 em atualizando o sistema\u201d, desabafou.<\/p>\n<p>Ela apontou ainda que o problema n\u00e3o \u00e9 apenas com as empresas de transporte, mas especificamente com a Via Feira, cons\u00f3rcio respons\u00e1vel pela opera\u00e7\u00e3o dos \u00f4nibus na cidade.<\/p>\n<p>A manifesta\u00e7\u00e3o come\u00e7ou por volta das 10h e, segundo Jussara, nenhum \u00f4nibus entrou no terminal desde ent\u00e3o. Apesar do protesto, o terminal j\u00e1 est\u00e1 funcionando normalmente.<\/p>\n<p>\u201cSem contar que n\u00f3s tamb\u00e9m precisamos desse apoio. O INSS tamb\u00e9m n\u00e3o libera benef\u00edcio pra gente. \u00c9 outro sofrimento. Passamos muitas dificuldades, tem pessoas que vivem acamada, depress\u00e3o, dor generalizada, dist\u00farbio psicol\u00f3gico. Gente, \u00e9 complicado, \u00e9 uma situa\u00e7\u00e3o dolorosa\u201d, completou.<\/p>\n<p>Eliana Santana, presidente da ONG Amor que Conforta, tamb\u00e9m esteve presente no protesto e refor\u00e7ou a necessidade de uma solu\u00e7\u00e3o definitiva.<\/p>\n<figure class=\"wp-block-image size-large\"><img data-dominant-color=\"868589\" data-has-transparency=\"false\" style=\"--dominant-color: #868589;\" decoding=\"async\" width=\"1096\" height=\"768\" sizes=\"(max-width: 1096px) 100vw, 1096px\" src=\"http:\/\/noticiasbahia360.com.br\/wp-content\/uploads\/2025\/06\/Y7KQc2nD-Pessoas-com-fibromialgia-realizam-protesto-ft-ney-silva-acorda-cidade-1096x768-1.webp\" alt=\"Pessoas com fibromialgia realizam protesto\" class=\"wp-image-561634 not-transparent\" srcset=\"https:\/\/uploads.acordacidade.com.br\/2025\/06\/Y7KQc2nD-Pessoas-com-fibromialgia-realizam-protesto-ft-ney-silva-acorda-cidade-521x365.webp 521w, http:\/\/noticiasbahia360.com.br\/wp-content\/uploads\/2025\/06\/Y7KQc2nD-Pessoas-com-fibromialgia-realizam-protesto-ft-ney-silva-acorda-cidade-1096x768-1.webp 1096w, https:\/\/uploads.acordacidade.com.br\/2025\/06\/Y7KQc2nD-Pessoas-com-fibromialgia-realizam-protesto-ft-ney-silva-acorda-cidade-789x553.webp 789w, https:\/\/uploads.acordacidade.com.br\/2025\/06\/Y7KQc2nD-Pessoas-com-fibromialgia-realizam-protesto-ft-ney-silva-acorda-cidade-150x105.webp 150w, https:\/\/uploads.acordacidade.com.br\/2025\/06\/Y7KQc2nD-Pessoas-com-fibromialgia-realizam-protesto-ft-ney-silva-acorda-cidade.webp 1200w\"><figcaption class=\"wp-element-caption\">Eliana Santana | Foto: Ney Silva\/Acorda Cidade<\/figcaption><\/figure>\n<p>\u201cN\u00e3o aguentamos mais as pessoas sofrerem, chegar aqui no terminal e n\u00e3o ser feito o passe, sendo que j\u00e1 passou por per\u00edcia e o perito j\u00e1 deu a documenta\u00e7\u00e3o para vir fazer. E quando chega aqui, na Via Feira, est\u00e1 sendo um empecilho, n\u00e3o fazem, as pessoas est\u00e3o voltando\u201d, relatou ao Acorda Cidade.<\/p>\n<p>Ela destacou que, sem o passe, muitas pessoas deixam de fazer seus tratamentos porque muitas n\u00e3o t\u00eam recursos para custear o transporte.<\/p>\n<p>\u201cTem que ter uma solu\u00e7\u00e3o. Hoje a gente s\u00f3 sai daqui com a solu\u00e7\u00e3o de secret\u00e1rio, de empresa, de juiz, de prefeito. Porque um est\u00e1 jogando para o outro. Secret\u00e1rio joga para o prefeito, o prefeito joga para o secret\u00e1rio, o secret\u00e1rio joga para as empresas de \u00f4nibus. A gente hoje aqui precisa de uma solu\u00e7\u00e3o\u201d, frisou Eliana.<\/p>\n<figure class=\"wp-block-image size-full\"><img data-dominant-color=\"73717d\" data-has-transparency=\"false\" style=\"--dominant-color: #73717d;\" decoding=\"async\" width=\"1200\" height=\"742\" sizes=\"(max-width: 1200px) 100vw, 1200px\" src=\"http:\/\/noticiasbahia360.com.br\/wp-content\/uploads\/2025\/06\/gfVGnKnT-Pessoas-com-fibromialgia-realizam-protesto-ft-ney-silva-acorda-cidade1.webp\" alt=\"Pessoas com fibromialgia realizam protesto\" class=\"wp-image-561633 not-transparent\" srcset=\"https:\/\/uploads.acordacidade.com.br\/2025\/06\/gfVGnKnT-Pessoas-com-fibromialgia-realizam-protesto-ft-ney-silva-acorda-cidade1-590x365.webp 590w, https:\/\/uploads.acordacidade.com.br\/2025\/06\/gfVGnKnT-Pessoas-com-fibromialgia-realizam-protesto-ft-ney-silva-acorda-cidade1-894x553.webp 894w, https:\/\/uploads.acordacidade.com.br\/2025\/06\/gfVGnKnT-Pessoas-com-fibromialgia-realizam-protesto-ft-ney-silva-acorda-cidade1-150x93.webp 150w, http:\/\/noticiasbahia360.com.br\/wp-content\/uploads\/2025\/06\/gfVGnKnT-Pessoas-com-fibromialgia-realizam-protesto-ft-ney-silva-acorda-cidade1.webp 1200w\"><figcaption class=\"wp-element-caption\">Foto: Ney Silva\/Acorda Cidade<\/figcaption><\/figure>\n<p>Por outro lado, o secret\u00e1rio municipal de Mobilidade Urbana, S\u00e9rgio Carneiro, afirmou ao Acorda Cidade que a lei aprovada na C\u00e2mara \u00e9 considerada inconstitucional. Segundo ele, \u201c\u00e9 inconstitucional, vereador, deputado, eles n\u00e3o podem apresentar projetos que reduzam receita ou aumentem a despesa. Ent\u00e3o, esse projeto terminou sendo n\u00e3o vetado pelo executivo, foi um momento de transi\u00e7\u00e3o, e a\u00ed a C\u00e2mara terminou por sancion\u00e1-lo\u201d.<\/p>\n<p>Ainda de acordo com S\u00e9rgio Carneiro, a Procuradoria questionou a validade da lei para evitar precedentes. \u201cNada contra o pessoal portador de fibromialgia, muito menos contra o vereador Pedro Am\u00e9rico, que \u00e9 um excelente vereador, teve a melhor das inten\u00e7\u00f5es. Entretanto, permitindo que esse projeto vigorasse, abriria uma exce\u00e7\u00e3o para outros vereadores tamb\u00e9m quererem apresentar projetos que aumentassem essa despesa\u201d, justificou.<\/p>\n<figure class=\"wp-block-image size-full\"><img data-dominant-color=\"786569\" data-has-transparency=\"false\" style=\"--dominant-color: #786569;\" decoding=\"async\" width=\"1200\" height=\"742\" sizes=\"(max-width: 1200px) 100vw, 1200px\" src=\"http:\/\/noticiasbahia360.com.br\/wp-content\/uploads\/2025\/06\/yI43rRZy-Pessoas-com-fibromialgia-realizam-protesto-ft-ney-silva-acorda-cidade2.webp\" alt=\"Pessoas com fibromialgia realizam protesto\" class=\"wp-image-561632 not-transparent\" srcset=\"https:\/\/uploads.acordacidade.com.br\/2025\/06\/yI43rRZy-Pessoas-com-fibromialgia-realizam-protesto-ft-ney-silva-acorda-cidade2-590x365.webp 590w, https:\/\/uploads.acordacidade.com.br\/2025\/06\/yI43rRZy-Pessoas-com-fibromialgia-realizam-protesto-ft-ney-silva-acorda-cidade2-894x553.webp 894w, https:\/\/uploads.acordacidade.com.br\/2025\/06\/yI43rRZy-Pessoas-com-fibromialgia-realizam-protesto-ft-ney-silva-acorda-cidade2-150x93.webp 150w, http:\/\/noticiasbahia360.com.br\/wp-content\/uploads\/2025\/06\/yI43rRZy-Pessoas-com-fibromialgia-realizam-protesto-ft-ney-silva-acorda-cidade2.webp 1200w\"><figcaption class=\"wp-element-caption\">Foto: Ney Silva\/Acorda Cidade<\/figcaption><\/figure>\n<p>Ele explicou que o subs\u00eddio de transporte pesa no or\u00e7amento do munic\u00edpio. \u201cA prefeitura paga 100% da passagem do idoso, 100% da passagem dos portadores de doen\u00e7a listados na lei de 2003 ou deferidos pela justi\u00e7a. A prefeitura paga ainda 73% da passagem do estudante e paga 44% da passagem do trabalhador.\u201d<\/p>\n<p>S\u00e9rgio Carneiro ainda explicou que para viabilizar legalmente o benef\u00edcio, a iniciativa teria que partir do Executivo, que det\u00e9m os recursos.<\/p>\n<p><em>Com informa\u00e7\u00f5es do rep\u00f3rter Ney Silva do Acorda Cidade<\/em><\/p>\n<p><strong>Leia tamb\u00e9m: <a href=\"https:\/\/www.acordacidade.com.br\/feira-de-santana\/vereador-pedro-americo-vai-a-justica-por-direitos-da-fibromialgia\/\" target=\"_blank\" rel=\"noreferrer noopener\">Vereador Pedro Am\u00e9rico vai \u00e0 Justi\u00e7a por direitos da fibromialgia<\/a><\/strong><\/p>\n<p><em>Siga o Acorda Cidade no<\/em><a href=\"https:\/\/news.google.com\/search?q=acorda%20cidade&amp;hl=pt-BR&amp;gl=BR&amp;ceid=BR%3Apt-419\"><strong><em>\u00a0Google Not\u00edcias<\/em><\/strong><\/a><em>\u00a0e receba os principais destaques do dia. Participe tamb\u00e9m dos nossos canais no\u00a0<\/em><a href=\"https:\/\/whatsapp.com\/channel\/0029Va6Rb4v3WHTNnsh8WI3N\"><strong><em>WhatsApp<\/em><\/strong><\/a><em>\u00a0e\u00a0<\/em><a href=\"https:\/\/www.youtube.com\/@acordacidadenoticias\/videos\"><strong>Youtube<\/strong><\/a><em>\u00a0e grupo de\u00a0<\/em><a href=\"https:\/\/t.me\/+sSz0khrgARA0ZmRh\"><strong><em>Telegram<\/em><\/strong><\/a><em>.<\/em><\/p>\n<\/div>\n","protected":false},"excerpt":{"rendered":"<div>\n<div>\n<figure><img decoding=\"async\" src=\"https:\/\/uploads.acordacidade.com.br\/2025\/06\/Oa2F48Qx-Pessoas-com-fibromialgia-realizam-protesto-ft-ney-silva-acorda-cidade3.webp\" alt=\"Pessoas com fibromialgia realizam protesto\"><figcaption>Foto: Ney Silva\/Acorda Cidade<\/figcaption><\/figure>\n<\/div>\n<p>Promulgada em 12 de mar\u00e7o deste ano, a lei representa uma conquista hist\u00f3rica para quem convive com a condi\u00e7\u00e3o cr\u00f4nica.<\/p><\/div>\n","protected":false},"author":1,"featured_media":88580,"comment_status":"closed","ping_status":"closed","sticky":false,"template":"","format":"gallery","meta":{"footnotes":""},"categories":[8,9,6,57,56,10],"tags":[],"class_list":["post-88579","post","type-post","status-publish","format-gallery","has-post-thumbnail","hentry","category-bahia","category-brasil","category-feira-de-santana","category-mundo","category-policia","category-politica","post_format-post-format-gallery"],"featured_image_urls":{"full":["https:\/\/noticiasbahia360.com.br\/wp-content\/uploads\/2025\/06\/Oa2F48Qx-Pessoas-com-fibromialgia-realizam-protesto-ft-ney-silva-acorda-cidade3.webp",1200,811,false],"thumbnail":["https:\/\/noticiasbahia360.com.br\/wp-content\/uploads\/2025\/06\/Oa2F48Qx-Pessoas-com-fibromialgia-realizam-protesto-ft-ney-silva-acorda-cidade3-150x150.webp",150,150,true],"medium":["https:\/\/noticiasbahia360.com.br\/wp-content\/uploads\/2025\/06\/Oa2F48Qx-Pessoas-com-fibromialgia-realizam-protesto-ft-ney-silva-acorda-cidade3-300x203.webp",300,203,true],"medium_large":["https:\/\/noticiasbahia360.com.br\/wp-content\/uploads\/2025\/06\/Oa2F48Qx-Pessoas-com-fibromialgia-realizam-protesto-ft-ney-silva-acorda-cidade3-768x519.webp",640,433,true],"large":["https:\/\/noticiasbahia360.com.br\/wp-content\/uploads\/2025\/06\/Oa2F48Qx-Pessoas-com-fibromialgia-realizam-protesto-ft-ney-silva-acorda-cidade3-1024x692.webp",640,433,true],"1536x1536":["https:\/\/noticiasbahia360.com.br\/wp-content\/uploads\/2025\/06\/Oa2F48Qx-Pessoas-com-fibromialgia-realizam-protesto-ft-ney-silva-acorda-cidade3.webp",1200,811,false],"2048x2048":["https:\/\/noticiasbahia360.com.br\/wp-content\/uploads\/2025\/06\/Oa2F48Qx-Pessoas-com-fibromialgia-realizam-protesto-ft-ney-silva-acorda-cidade3.webp",1200,811,false],"chromenews-featured":["https:\/\/noticiasbahia360.com.br\/wp-content\/uploads\/2025\/06\/Oa2F48Qx-Pessoas-com-fibromialgia-realizam-protesto-ft-ney-silva-acorda-cidade3-1024x692.webp",1024,692,true],"chromenews-large":["https:\/\/noticiasbahia360.com.br\/wp-content\/uploads\/2025\/06\/Oa2F48Qx-Pessoas-com-fibromialgia-realizam-protesto-ft-ney-silva-acorda-cidade3-825x575.webp",825,575,true],"chromenews-medium":["https:\/\/noticiasbahia360.com.br\/wp-content\/uploads\/2025\/06\/Oa2F48Qx-Pessoas-com-fibromialgia-realizam-protesto-ft-ney-silva-acorda-cidade3-590x410.webp",590,410,true]},"author_info":{"display_name":"noticiasbahia360.com.br","author_link":"https:\/\/noticiasbahia360.com.br\/?author=1"},"category_info":"<a href=\"https:\/\/noticiasbahia360.com.br\/?cat=8\" rel=\"category\">Bahia<\/a> <a href=\"https:\/\/noticiasbahia360.com.br\/?cat=9\" rel=\"category\">Brasil<\/a> <a href=\"https:\/\/noticiasbahia360.com.br\/?cat=6\" rel=\"category\">Feira de Santana<\/a> <a href=\"https:\/\/noticiasbahia360.com.br\/?cat=57\" rel=\"category\">Mundo<\/a> <a href=\"https:\/\/noticiasbahia360.com.br\/?cat=56\" rel=\"category\">Pol\u00edcia<\/a> <a href=\"https:\/\/noticiasbahia360.com.br\/?cat=10\" rel=\"category\">Pol\u00edtica<\/a>","tag_info":"Pol\u00edtica","comment_count":"0","_links":{"self":[{"href":"https:\/\/noticiasbahia360.com.br\/index.php?rest_route=\/wp\/v2\/posts\/88579","targetHints":{"allow":["GET"]}}],"collection":[{"href":"https:\/\/noticiasbahia360.com.br\/index.php?rest_route=\/wp\/v2\/posts"}],"about":[{"href":"https:\/\/noticiasbahia360.com.br\/index.php?rest_route=\/wp\/v2\/types\/post"}],"author":[{"embeddable":true,"href":"https:\/\/noticiasbahia360.com.br\/index.php?rest_route=\/wp\/v2\/users\/1"}],"replies":[{"embeddable":true,"href":"https:\/\/noticiasbahia360.com.br\/index.php?rest_route=%2Fwp%2Fv2%2Fcomments&post=88579"}],"version-history":[{"count":0,"href":"https:\/\/noticiasbahia360.com.br\/index.php?rest_route=\/wp\/v2\/posts\/88579\/revisions"}],"wp:featuredmedia":[{"embeddable":true,"href":"https:\/\/noticiasbahia360.com.br\/index.php?rest_route=\/wp\/v2\/media\/88580"}],"wp:attachment":[{"href":"https:\/\/noticiasbahia360.com.br\/index.php?rest_route=%2Fwp%2Fv2%2Fmedia&parent=88579"}],"wp:term":[{"taxonomy":"category","embeddable":true,"href":"https:\/\/noticiasbahia360.com.br\/index.php?rest_route=%2Fwp%2Fv2%2Fcategories&post=88579"},{"taxonomy":"post_tag","embeddable":true,"href":"https:\/\/noticiasbahia360.com.br\/index.php?rest_route=%2Fwp%2Fv2%2Ftags&post=88579"}],"curies":[{"name":"wp","href":"https:\/\/api.w.org\/{rel}","templated":true}]}}