{"id":88587,"date":"2025-06-03T15:25:58","date_gmt":"2025-06-03T18:25:58","guid":{"rendered":"https:\/\/noticiasbahia360.com.br\/?p=88587"},"modified":"2025-06-03T15:25:58","modified_gmt":"2025-06-03T18:25:58","slug":"bebe-reborn-vereador-classifica-propagacao-do-tema-como-romantizacao-da-loucura","status":"publish","type":"post","link":"https:\/\/noticiasbahia360.com.br\/?p=88587","title":{"rendered":"Beb\u00ea reborn: vereador classifica propaga\u00e7\u00e3o do tema como \u201cromantiza\u00e7\u00e3o da loucura\u201d"},"content":{"rendered":"<div>\n<div>\n<figure><img decoding=\"async\" src=\"https:\/\/uploads.acordacidade.com.br\/2025\/05\/small-child-lies-bed-with-toys-bebe-reborn-crianca-.jpg\" alt=\"beb\u00ea reborn\"><figcaption>Foto: Freepik<\/figcaption><\/figure>\n<\/div>\n<p>A grande repercuss\u00e3o, em todo o pa\u00eds, sobre a \u201ccria\u00e7\u00e3o\u201d, especialmente por mulheres (crian\u00e7as, adolescentes e at\u00e9 adultas), de beb\u00eas reborn, bonecos que parecem humanos, levou o vereador evang\u00e9lico <a href=\"https:\/\/www.acordacidade.com.br\/tag\/edvaldo-lima\/\">Edvaldo Lima<\/a> (UB) a usar a Tribuna da C\u00e2mara, nesta ter\u00e7a-feira (3). Ele levantou questionamentos sobre \u201co que est\u00e1 acontecendo com a sociedade e esta febre dos bonecos\u201d, classificada pelo edil como um \u201ccolapso mental, surto psic\u00f3tico autorizado, estimulado e transformado pela ind\u00fastria\u201d. A substitui\u00e7\u00e3o de filhos de carne e osso pelos brinquedos, ele advertiu, deve ser repensada.<\/p>\n<p>\u201cEnquanto muitos criam (o brinquedo), crian\u00e7as reais s\u00e3o violentadas, abandonadas e esquecidas por seus pais e respons\u00e1veis. \u00c9 uma sociedade que prefere viver de faz de conta\u201d, lamentou o vereador. Para Edvaldo, beb\u00ea reborn \u00e9 \u201cantivida, o filho sem alma, um \u00fatero sem Deus, uma maternidade sem dor, esfor\u00e7o e vida\u201d. \u00c9, ele acrescenta, \u201ca chance que a ind\u00fastria e mercado consumerista esperavam para lucrar cada vez mais\u201d.<\/p>\n<p>O vereador pontuou que o assunto n\u00e3o \u00e9 discutido porque \u201cgera lucro, rende cliques e conforta a insanidade\u201d. E refor\u00e7ou que o empenho na cria\u00e7\u00e3o dos bonecos vem aumentando a comercializa\u00e7\u00e3o de fraldas, mamadeiras, cadeirinhas de beb\u00ea e at\u00e9 creches. \u201cEstamos normalizando o anormal e romantizando a loucura\u201d, afirmou, ao cobrar mais lucidez aos m\u00e9dicos psiquiatras, ao lidar com estes \u201cpacientes\u201d.<\/p>\n<p><em>Informa\u00e7\u00f5es da C\u00e2mara Municipal de Vereadores de Feira de Santana<\/em><\/p>\n<p><em>Siga o Acorda Cidade no<\/em><a href=\"https:\/\/news.google.com\/search?q=acorda%20cidade&amp;hl=pt-BR&amp;gl=BR&amp;ceid=BR%3Apt-419\"><strong><em> Google Not\u00edcias<\/em><\/strong><\/a><em> e receba os principais destaques do dia. Participe tamb\u00e9m dos nossos canais no <\/em><a href=\"https:\/\/whatsapp.com\/channel\/0029Va6Rb4v3WHTNnsh8WI3N\"><strong><em>WhatsApp<\/em><\/strong><\/a><em> e <\/em><a href=\"https:\/\/www.youtube.com\/@acordacidadenoticias\/videos\"><strong>Youtube<\/strong><\/a><em> e grupo de <\/em><a href=\"https:\/\/t.me\/+sSz0khrgARA0ZmRh\"><strong><em>Telegram<\/em><\/strong><\/a><em>.<\/em><\/p>\n<\/div>\n","protected":false},"excerpt":{"rendered":"<div>\n<div>\n<figure><img decoding=\"async\" src=\"https:\/\/uploads.acordacidade.com.br\/2025\/05\/small-child-lies-bed-with-toys-bebe-reborn-crianca-.jpg\" alt=\"beb\u00ea reborn\"><figcaption>Foto: Freepik<\/figcaption><\/figure>\n<\/div>\n<p>O vereador Edvaldo Lima usou a Tribuna Livre da C\u00e2mara de Vereadores para falar sobre o tema<\/p><\/div>\n","protected":false},"author":1,"featured_media":0,"comment_status":"closed","ping_status":"closed","sticky":false,"template":"","format":"gallery","meta":{"footnotes":""},"categories":[8,9,6,57,56,10],"tags":[],"class_list":["post-88587","post","type-post","status-publish","format-gallery","hentry","category-bahia","category-brasil","category-feira-de-santana","category-mundo","category-policia","category-politica","post_format-post-format-gallery"],"featured_image_urls":{"full":"","thumbnail":"","medium":"","medium_large":"","large":"","1536x1536":"","2048x2048":"","chromenews-featured":"","chromenews-large":"","chromenews-medium":""},"author_info":{"display_name":"noticiasbahia360.com.br","author_link":"https:\/\/noticiasbahia360.com.br\/?author=1"},"category_info":"<a href=\"https:\/\/noticiasbahia360.com.br\/?cat=8\" rel=\"category\">Bahia<\/a> <a href=\"https:\/\/noticiasbahia360.com.br\/?cat=9\" rel=\"category\">Brasil<\/a> <a href=\"https:\/\/noticiasbahia360.com.br\/?cat=6\" rel=\"category\">Feira de Santana<\/a> <a href=\"https:\/\/noticiasbahia360.com.br\/?cat=57\" rel=\"category\">Mundo<\/a> <a href=\"https:\/\/noticiasbahia360.com.br\/?cat=56\" rel=\"category\">Pol\u00edcia<\/a> <a href=\"https:\/\/noticiasbahia360.com.br\/?cat=10\" rel=\"category\">Pol\u00edtica<\/a>","tag_info":"Pol\u00edtica","comment_count":"0","_links":{"self":[{"href":"https:\/\/noticiasbahia360.com.br\/index.php?rest_route=\/wp\/v2\/posts\/88587","targetHints":{"allow":["GET"]}}],"collection":[{"href":"https:\/\/noticiasbahia360.com.br\/index.php?rest_route=\/wp\/v2\/posts"}],"about":[{"href":"https:\/\/noticiasbahia360.com.br\/index.php?rest_route=\/wp\/v2\/types\/post"}],"author":[{"embeddable":true,"href":"https:\/\/noticiasbahia360.com.br\/index.php?rest_route=\/wp\/v2\/users\/1"}],"replies":[{"embeddable":true,"href":"https:\/\/noticiasbahia360.com.br\/index.php?rest_route=%2Fwp%2Fv2%2Fcomments&post=88587"}],"version-history":[{"count":0,"href":"https:\/\/noticiasbahia360.com.br\/index.php?rest_route=\/wp\/v2\/posts\/88587\/revisions"}],"wp:attachment":[{"href":"https:\/\/noticiasbahia360.com.br\/index.php?rest_route=%2Fwp%2Fv2%2Fmedia&parent=88587"}],"wp:term":[{"taxonomy":"category","embeddable":true,"href":"https:\/\/noticiasbahia360.com.br\/index.php?rest_route=%2Fwp%2Fv2%2Fcategories&post=88587"},{"taxonomy":"post_tag","embeddable":true,"href":"https:\/\/noticiasbahia360.com.br\/index.php?rest_route=%2Fwp%2Fv2%2Ftags&post=88587"}],"curies":[{"name":"wp","href":"https:\/\/api.w.org\/{rel}","templated":true}]}}