{"id":88588,"date":"2025-06-03T15:41:36","date_gmt":"2025-06-03T18:41:36","guid":{"rendered":"https:\/\/noticiasbahia360.com.br\/?p=88588"},"modified":"2025-06-03T15:41:36","modified_gmt":"2025-06-03T18:41:36","slug":"governo-da-bahia-confirma-apoio-financeiro-para-o-sao-joao-de-feira-de-santana","status":"publish","type":"post","link":"https:\/\/noticiasbahia360.com.br\/?p=88588","title":{"rendered":"Governo da Bahia confirma apoio financeiro para o S\u00e3o Jo\u00e3o de Feira de Santana"},"content":{"rendered":"<div>\n<div>\n<figure><img decoding=\"async\" src=\"http:\/\/noticiasbahia360.com.br\/wp-content\/uploads\/2025\/06\/saojoaodefeiradesantana_reginaldocavalcante_secom-1.jpg\" alt=\"S\u00e3o Jo\u00e3o de Feira de Santana\"><figcaption>Foto: Reginaldo Cavalcante<\/figcaption><\/figure>\n<\/div>\n<p>O secret\u00e1rio de Cultura do Estado da Bahia, Bruno Monteiro, confirmou que o Governo do Estado vai apoiar financeiramente a realiza\u00e7\u00e3o dos festejos juninos em Feira de Santana. A declara\u00e7\u00e3o foi feita nesta ter\u00e7a-feira (3) ap\u00f3s reuni\u00e3o com o prefeito Jos\u00e9 Ronaldo e o secret\u00e1rio municipal de Cultura, Esporte e Lazer, Cristiano Lobo.<\/p>\n<figure class=\"wp-block-image size-large\"><img fetchpriority=\"high\" data-dominant-color=\"979692\" data-has-transparency=\"false\" style=\"--dominant-color: #979692;\" fetchpriority=\"high\" decoding=\"async\" width=\"1024\" height=\"768\" sizes=\"(max-width: 1024px) 100vw, 1024px\" src=\"http:\/\/noticiasbahia360.com.br\/wp-content\/uploads\/2025\/06\/V3BlmWYB-secretariobrunomonteiro_edsantos_acordacidade-1024x768-1.webp\" alt=\"Secret\u00e1rio Bruno Monteiro\" class=\"wp-image-561592 not-transparent\" srcset=\"https:\/\/uploads.acordacidade.com.br\/2025\/06\/V3BlmWYB-secretariobrunomonteiro_edsantos_acordacidade-487x365.webp 487w, http:\/\/noticiasbahia360.com.br\/wp-content\/uploads\/2025\/06\/V3BlmWYB-secretariobrunomonteiro_edsantos_acordacidade-1024x768-1.webp 1024w, https:\/\/uploads.acordacidade.com.br\/2025\/06\/V3BlmWYB-secretariobrunomonteiro_edsantos_acordacidade-737x553.webp 737w, https:\/\/uploads.acordacidade.com.br\/2025\/06\/V3BlmWYB-secretariobrunomonteiro_edsantos_acordacidade-150x113.webp 150w, https:\/\/uploads.acordacidade.com.br\/2025\/06\/V3BlmWYB-secretariobrunomonteiro_edsantos_acordacidade.webp 1200w\"><figcaption class=\"wp-element-caption\">Foto: Ed Santos\/Acorda Cidade<\/figcaption><\/figure>\n<p>\u201cFeira de Santana \u00e9 uma cidade muito importante para a Bahia e tem uma tradi\u00e7\u00e3o marcante nos festejos juninos, especialmente nos distritos. Estamos em di\u00e1logo constante com a prefeitura para viabilizar o apoio do governo estadual ao S\u00e3o Jo\u00e3o da cidade\u201d, afirmou o secret\u00e1rio.<\/p>\n<p>De acordo com Bruno , ainda h\u00e1 uma pend\u00eancia burocr\u00e1tica relacionada a conv\u00eanios antigos na \u00e1rea de assist\u00eancia social, que impede o repasse direto de recursos para a prefeitura. \u201cEsse problema de presta\u00e7\u00e3o de contas n\u00e3o vai impedir o apoio, assim como aconteceu com a Micareta. Estamos trabalhando para resolver a situa\u00e7\u00e3o e garantir que Feira de Santana n\u00e3o fique de fora dos festejos\u201d, explicou.<\/p>\n<p>Monteiro ressaltou que o modelo de apoio do governo aos munic\u00edpios se d\u00e1, majoritariamente, atrav\u00e9s de repasse financeiro para que cada prefeitura organize sua pr\u00f3pria programa\u00e7\u00e3o cultural. \u201c\u00c9 uma forma de respeitar a autonomia dos munic\u00edpios e descentralizar a festa, fortalecendo a cultura local\u201d, disse.<\/p>\n<p>O investimento estadual nos festejos juninos em toda a Bahia ultrapassa R$ 200 milh\u00f5es. \u201cEsse valor cobre desde o suporte \u00e0 cultura e contrata\u00e7\u00f5es art\u00edsticas at\u00e9 a mobiliza\u00e7\u00e3o de cerca de 12 mil policiais, refor\u00e7o nas estruturas de sa\u00fade e infraestrutura, al\u00e9m das a\u00e7\u00f5es de prote\u00e7\u00e3o aos direitos dos trabalhadores da festa\u201d, detalhou Monteiro.<\/p>\n<p>Segundo ele, o S\u00e3o Jo\u00e3o representa n\u00e3o s\u00f3 um momento de valoriza\u00e7\u00e3o da cultura baiana e nordestina, mas tamb\u00e9m um motor de aquecimento econ\u00f4mico para diversas cidades. \u201cSabemos a import\u00e2ncia do S\u00e3o Jo\u00e3o para a economia local, o turismo e a circula\u00e7\u00e3o de pessoas. Por isso, estamos comprometidos em garantir que os festejos aconte\u00e7am com seguran\u00e7a, tranquilidade e muita cultura\u201d, concluiu.<\/p>\n<p><em>Com informa\u00e7\u00f5es do rep\u00f3rter Ed Santos do Acorda Cidade<\/em><\/p>\n<p><em>Siga o Acorda Cidade no<\/em><a href=\"https:\/\/news.google.com\/search?q=acorda%20cidade&amp;hl=pt-BR&amp;gl=BR&amp;ceid=BR%3Apt-419\"><strong><em> Google Not\u00edcias<\/em><\/strong><\/a><em> e receba os principais destaques do dia. Participe tamb\u00e9m dos nossos canais no <\/em><a href=\"https:\/\/whatsapp.com\/channel\/0029Va6Rb4v3WHTNnsh8WI3N\"><strong><em>WhatsApp<\/em><\/strong><\/a><em> e <\/em><a href=\"https:\/\/www.youtube.com\/@acordacidadenoticias\/videos\"><strong>Youtube<\/strong><\/a><em> e grupo de <\/em><a href=\"https:\/\/t.me\/+sSz0khrgARA0ZmRh\"><strong><em>Telegram<\/em><\/strong><\/a><em>.<\/em><\/p>\n<\/div>\n","protected":false},"excerpt":{"rendered":"<div>\n<div>\n<figure><img decoding=\"async\" src=\"https:\/\/uploads.acordacidade.com.br\/wp-content\/uploads\/2024\/08\/08143627\/saojoaodefeiradesantana_reginaldocavalcante_secom-1.jpg\" alt=\"S\u00e3o Jo\u00e3o de Feira de Santana\"><figcaption>Foto: Reginaldo Cavalcante<\/figcaption><\/figure>\n<\/div>\n<p>A declara\u00e7\u00e3o foi feita nesta ter\u00e7a-feira (3) ap\u00f3s reuni\u00e3o com o prefeito Jos\u00e9 Ronaldo e o secret\u00e1rio municipal de Cultura, Esporte e Lazer, Cristiano Lobo.<\/p><\/div>\n","protected":false},"author":1,"featured_media":88589,"comment_status":"closed","ping_status":"closed","sticky":false,"template":"","format":"gallery","meta":{"footnotes":""},"categories":[8,9,6,57,56,10],"tags":[],"class_list":["post-88588","post","type-post","status-publish","format-gallery","has-post-thumbnail","hentry","category-bahia","category-brasil","category-feira-de-santana","category-mundo","category-policia","category-politica","post_format-post-format-gallery"],"featured_image_urls":{"full":["https:\/\/noticiasbahia360.com.br\/wp-content\/uploads\/2025\/06\/saojoaodefeiradesantana_reginaldocavalcante_secom-1.jpg",640,323,false],"thumbnail":["https:\/\/noticiasbahia360.com.br\/wp-content\/uploads\/2025\/06\/saojoaodefeiradesantana_reginaldocavalcante_secom-1-150x150.jpg",150,150,true],"medium":["https:\/\/noticiasbahia360.com.br\/wp-content\/uploads\/2025\/06\/saojoaodefeiradesantana_reginaldocavalcante_secom-1-300x151.jpg",300,151,true],"medium_large":["https:\/\/noticiasbahia360.com.br\/wp-content\/uploads\/2025\/06\/saojoaodefeiradesantana_reginaldocavalcante_secom-1.jpg",640,323,false],"large":["https:\/\/noticiasbahia360.com.br\/wp-content\/uploads\/2025\/06\/saojoaodefeiradesantana_reginaldocavalcante_secom-1.jpg",640,323,false],"1536x1536":["https:\/\/noticiasbahia360.com.br\/wp-content\/uploads\/2025\/06\/saojoaodefeiradesantana_reginaldocavalcante_secom-1.jpg",640,323,false],"2048x2048":["https:\/\/noticiasbahia360.com.br\/wp-content\/uploads\/2025\/06\/saojoaodefeiradesantana_reginaldocavalcante_secom-1.jpg",640,323,false],"chromenews-featured":["https:\/\/noticiasbahia360.com.br\/wp-content\/uploads\/2025\/06\/saojoaodefeiradesantana_reginaldocavalcante_secom-1.jpg",640,323,false],"chromenews-large":["https:\/\/noticiasbahia360.com.br\/wp-content\/uploads\/2025\/06\/saojoaodefeiradesantana_reginaldocavalcante_secom-1.jpg",640,323,false],"chromenews-medium":["https:\/\/noticiasbahia360.com.br\/wp-content\/uploads\/2025\/06\/saojoaodefeiradesantana_reginaldocavalcante_secom-1-590x323.jpg",590,323,true]},"author_info":{"display_name":"noticiasbahia360.com.br","author_link":"https:\/\/noticiasbahia360.com.br\/?author=1"},"category_info":"<a href=\"https:\/\/noticiasbahia360.com.br\/?cat=8\" rel=\"category\">Bahia<\/a> <a href=\"https:\/\/noticiasbahia360.com.br\/?cat=9\" rel=\"category\">Brasil<\/a> <a href=\"https:\/\/noticiasbahia360.com.br\/?cat=6\" rel=\"category\">Feira de Santana<\/a> <a href=\"https:\/\/noticiasbahia360.com.br\/?cat=57\" rel=\"category\">Mundo<\/a> <a href=\"https:\/\/noticiasbahia360.com.br\/?cat=56\" rel=\"category\">Pol\u00edcia<\/a> <a href=\"https:\/\/noticiasbahia360.com.br\/?cat=10\" rel=\"category\">Pol\u00edtica<\/a>","tag_info":"Pol\u00edtica","comment_count":"0","_links":{"self":[{"href":"https:\/\/noticiasbahia360.com.br\/index.php?rest_route=\/wp\/v2\/posts\/88588","targetHints":{"allow":["GET"]}}],"collection":[{"href":"https:\/\/noticiasbahia360.com.br\/index.php?rest_route=\/wp\/v2\/posts"}],"about":[{"href":"https:\/\/noticiasbahia360.com.br\/index.php?rest_route=\/wp\/v2\/types\/post"}],"author":[{"embeddable":true,"href":"https:\/\/noticiasbahia360.com.br\/index.php?rest_route=\/wp\/v2\/users\/1"}],"replies":[{"embeddable":true,"href":"https:\/\/noticiasbahia360.com.br\/index.php?rest_route=%2Fwp%2Fv2%2Fcomments&post=88588"}],"version-history":[{"count":0,"href":"https:\/\/noticiasbahia360.com.br\/index.php?rest_route=\/wp\/v2\/posts\/88588\/revisions"}],"wp:featuredmedia":[{"embeddable":true,"href":"https:\/\/noticiasbahia360.com.br\/index.php?rest_route=\/wp\/v2\/media\/88589"}],"wp:attachment":[{"href":"https:\/\/noticiasbahia360.com.br\/index.php?rest_route=%2Fwp%2Fv2%2Fmedia&parent=88588"}],"wp:term":[{"taxonomy":"category","embeddable":true,"href":"https:\/\/noticiasbahia360.com.br\/index.php?rest_route=%2Fwp%2Fv2%2Fcategories&post=88588"},{"taxonomy":"post_tag","embeddable":true,"href":"https:\/\/noticiasbahia360.com.br\/index.php?rest_route=%2Fwp%2Fv2%2Ftags&post=88588"}],"curies":[{"name":"wp","href":"https:\/\/api.w.org\/{rel}","templated":true}]}}