{"id":88593,"date":"2025-06-03T15:54:49","date_gmt":"2025-06-03T18:54:49","guid":{"rendered":"https:\/\/noticiasbahia360.com.br\/?p=88593"},"modified":"2025-06-03T15:54:49","modified_gmt":"2025-06-03T18:54:49","slug":"projeto-que-preve-faixa-exclusiva-para-motos-em-feira-sera-analisado-pela-comissao-de-obras","status":"publish","type":"post","link":"https:\/\/noticiasbahia360.com.br\/?p=88593","title":{"rendered":"Projeto que prev\u00ea faixa exclusiva para motos em Feira ser\u00e1 analisado pela Comiss\u00e3o de Obras"},"content":{"rendered":"<div>\n<div>\n<figure><img decoding=\"async\" src=\"http:\/\/noticiasbahia360.com.br\/wp-content\/uploads\/2025\/06\/transito-avenida-joao-durval.jpg\" alt=\"Tr\u00e2nsito motos\"><figcaption>Foto: Paulo Jos\u00e9\/ Acorda Cidade <\/figcaption><\/figure>\n<\/div>\n<p>Com o objetivo de desafogar o tr\u00e2nsito e contribuir para melhoria da mobilidade urbana em Feira de Santana, est\u00e1 tramitando na <a href=\"https:\/\/www.acordacidade.com.br\/tag\/camara-municipal-de-feira-de-santana\/\">C\u00e2mara Municipal<\/a> um projeto de lei prevendo a institui\u00e7\u00e3o da chamada \u201cFaixa Azul\u201d, nas vias de grande circula\u00e7\u00e3o de ve\u00edculos do Munic\u00edpio. A proposi\u00e7\u00e3o, de autoria do vereador Lulinha da Gente (Uni\u00e3o), esteve na ordem do dia desta ter\u00e7a (3), mas ser\u00e1 encaminhada para an\u00e1lise da Comiss\u00e3o de Obras, Infraestrutura e Urbanismo e voltar\u00e1 para a pauta em breve.<\/p>\n<p>Durante pronunciamento na Tribuna da Casa, o autor do projeto disse que a ideia de oferecer exclusividade de uma pista para os motociclistas visa atender, principalmente, aos que usam o ve\u00edculo para trabalhar. A autoriza\u00e7\u00e3o para o \u00f3rg\u00e3o municipal implantar a \u201cFaixa Azul\u201d funciona tanto para as vias existentes quanto em rela\u00e7\u00e3o \u00e0s que forem constru\u00eddas no futuro.<\/p>\n<p>\u201cEste projeto, inclusive, j\u00e1 est\u00e1 sendo implantado em Salvador e em outras cidades. Com certeza, Feira poder\u00e1 ser refer\u00eancia para outros munic\u00edpios e, quem sabe, para outros estados tamb\u00e9m, quando concretizar a medida\u201d, afirmou o parlamentar. Para Lulinha, a iniciativa poder\u00e1 contribuir com a diminui\u00e7\u00e3o de atendimentos m\u00e9dicos na rede de sa\u00fade.<\/p>\n<p>Hospitais, cl\u00ednicas e Unidades de Pronto Atendimento (UPAs), ressaltou Lulinha da Gente, t\u00eam ficado constantemente superlotados, devido \u00e0 quantidade de acidentes envolvendo motociclistas. Com as faixas exclusivas, ele acredita, o tr\u00e2nsito vai fluir melhor.<\/p>\n<p><em>Siga o Acorda Cidade no<\/em><a href=\"https:\/\/news.google.com\/search?q=acorda%20cidade&amp;hl=pt-BR&amp;gl=BR&amp;ceid=BR%3Apt-419\"><strong><em>\u00a0Google Not\u00edcias<\/em><\/strong><\/a><em>\u00a0e receba os principais destaques do dia. Participe tamb\u00e9m dos nossos canais no\u00a0<\/em><a href=\"https:\/\/www.whatsapp.com\/channel\/0029Va6Rb4v3WHTNnsh8WI3N\"><strong><em>WhatsApp<\/em><\/strong><\/a><em>\u00a0e\u00a0<\/em><a href=\"https:\/\/www.youtube.com\/@acordacidadenoticias\/videos\"><strong>YouTube<\/strong><\/a><em>\u00a0e do grupo no\u00a0<\/em><a href=\"https:\/\/t.me\/+sSz0khrgARA0ZmRh\"><strong><em>Telegram<\/em><\/strong><\/a><em>.<\/em><\/p>\n<\/div>\n","protected":false},"excerpt":{"rendered":"<div>\n<div>\n<figure><img decoding=\"async\" src=\"https:\/\/uploads.acordacidade.com.br\/wp-content\/uploads\/2024\/04\/02102123\/transito-avenida-joao-durval.jpg\" alt=\"Tr\u00e2nsito motos\"><figcaption>Foto: Paulo Jos\u00e9\/ Acorda Cidade <\/figcaption><\/figure>\n<\/div>\n<p>A autoriza\u00e7\u00e3o para o \u00f3rg\u00e3o municipal implantar a \u201cFaixa Azul\u201d funciona tanto para as vias existentes quanto em rela\u00e7\u00e3o \u00e0s que forem constru\u00eddas no futuro.<\/p><\/div>\n","protected":false},"author":1,"featured_media":88594,"comment_status":"closed","ping_status":"closed","sticky":false,"template":"","format":"gallery","meta":{"footnotes":""},"categories":[8,9,6,57,56,10],"tags":[],"class_list":["post-88593","post","type-post","status-publish","format-gallery","has-post-thumbnail","hentry","category-bahia","category-brasil","category-feira-de-santana","category-mundo","category-policia","category-politica","post_format-post-format-gallery"],"featured_image_urls":{"full":["https:\/\/noticiasbahia360.com.br\/wp-content\/uploads\/2025\/06\/transito-avenida-joao-durval.jpg",640,288,false],"thumbnail":["https:\/\/noticiasbahia360.com.br\/wp-content\/uploads\/2025\/06\/transito-avenida-joao-durval-150x150.jpg",150,150,true],"medium":["https:\/\/noticiasbahia360.com.br\/wp-content\/uploads\/2025\/06\/transito-avenida-joao-durval-300x135.jpg",300,135,true],"medium_large":["https:\/\/noticiasbahia360.com.br\/wp-content\/uploads\/2025\/06\/transito-avenida-joao-durval.jpg",640,288,false],"large":["https:\/\/noticiasbahia360.com.br\/wp-content\/uploads\/2025\/06\/transito-avenida-joao-durval.jpg",640,288,false],"1536x1536":["https:\/\/noticiasbahia360.com.br\/wp-content\/uploads\/2025\/06\/transito-avenida-joao-durval.jpg",640,288,false],"2048x2048":["https:\/\/noticiasbahia360.com.br\/wp-content\/uploads\/2025\/06\/transito-avenida-joao-durval.jpg",640,288,false],"chromenews-featured":["https:\/\/noticiasbahia360.com.br\/wp-content\/uploads\/2025\/06\/transito-avenida-joao-durval.jpg",640,288,false],"chromenews-large":["https:\/\/noticiasbahia360.com.br\/wp-content\/uploads\/2025\/06\/transito-avenida-joao-durval.jpg",640,288,false],"chromenews-medium":["https:\/\/noticiasbahia360.com.br\/wp-content\/uploads\/2025\/06\/transito-avenida-joao-durval-590x288.jpg",590,288,true]},"author_info":{"display_name":"noticiasbahia360.com.br","author_link":"https:\/\/noticiasbahia360.com.br\/?author=1"},"category_info":"<a href=\"https:\/\/noticiasbahia360.com.br\/?cat=8\" rel=\"category\">Bahia<\/a> <a href=\"https:\/\/noticiasbahia360.com.br\/?cat=9\" rel=\"category\">Brasil<\/a> <a href=\"https:\/\/noticiasbahia360.com.br\/?cat=6\" rel=\"category\">Feira de Santana<\/a> <a href=\"https:\/\/noticiasbahia360.com.br\/?cat=57\" rel=\"category\">Mundo<\/a> <a href=\"https:\/\/noticiasbahia360.com.br\/?cat=56\" rel=\"category\">Pol\u00edcia<\/a> <a href=\"https:\/\/noticiasbahia360.com.br\/?cat=10\" rel=\"category\">Pol\u00edtica<\/a>","tag_info":"Pol\u00edtica","comment_count":"0","_links":{"self":[{"href":"https:\/\/noticiasbahia360.com.br\/index.php?rest_route=\/wp\/v2\/posts\/88593","targetHints":{"allow":["GET"]}}],"collection":[{"href":"https:\/\/noticiasbahia360.com.br\/index.php?rest_route=\/wp\/v2\/posts"}],"about":[{"href":"https:\/\/noticiasbahia360.com.br\/index.php?rest_route=\/wp\/v2\/types\/post"}],"author":[{"embeddable":true,"href":"https:\/\/noticiasbahia360.com.br\/index.php?rest_route=\/wp\/v2\/users\/1"}],"replies":[{"embeddable":true,"href":"https:\/\/noticiasbahia360.com.br\/index.php?rest_route=%2Fwp%2Fv2%2Fcomments&post=88593"}],"version-history":[{"count":0,"href":"https:\/\/noticiasbahia360.com.br\/index.php?rest_route=\/wp\/v2\/posts\/88593\/revisions"}],"wp:featuredmedia":[{"embeddable":true,"href":"https:\/\/noticiasbahia360.com.br\/index.php?rest_route=\/wp\/v2\/media\/88594"}],"wp:attachment":[{"href":"https:\/\/noticiasbahia360.com.br\/index.php?rest_route=%2Fwp%2Fv2%2Fmedia&parent=88593"}],"wp:term":[{"taxonomy":"category","embeddable":true,"href":"https:\/\/noticiasbahia360.com.br\/index.php?rest_route=%2Fwp%2Fv2%2Fcategories&post=88593"},{"taxonomy":"post_tag","embeddable":true,"href":"https:\/\/noticiasbahia360.com.br\/index.php?rest_route=%2Fwp%2Fv2%2Ftags&post=88593"}],"curies":[{"name":"wp","href":"https:\/\/api.w.org\/{rel}","templated":true}]}}