{"id":88595,"date":"2025-06-03T15:54:51","date_gmt":"2025-06-03T18:54:51","guid":{"rendered":"https:\/\/noticiasbahia360.com.br\/?p=88595"},"modified":"2025-06-03T15:54:51","modified_gmt":"2025-06-03T18:54:51","slug":"seguranca-publica-secretario-fala-sobre-acoes-de-combate-ao-crime-em-eunapolis","status":"publish","type":"post","link":"https:\/\/noticiasbahia360.com.br\/?p=88595","title":{"rendered":"Seguran\u00e7a P\u00fablica: secret\u00e1rio fala sobre a\u00e7\u00f5es de combate ao crime em Eun\u00e1polis"},"content":{"rendered":"<div>\n<div>\n<figure><img decoding=\"async\" src=\"http:\/\/noticiasbahia360.com.br\/wp-content\/uploads\/2025\/06\/Conjunto-Penal-Eunapolis-foto-fachada.jpg\" alt=\"Conjunto Penal Eunapolis\"><figcaption>Foto: Divulga\u00e7\u00e3o\/Seap<\/figcaption><\/figure>\n<\/div>\n<p>O Secret\u00e1rio de Seguran\u00e7a P\u00fablica da Bahia (<a href=\"https:\/\/www.acordacidade.com.br\/tag\/ssp-ba\/\">SSP-BA<\/a>), Marcelo Werner, visitou Feira de Santana na manh\u00e3 desta ter\u00e7a-feira (3) para participar de um evento que lan\u00e7ou <a href=\"https:\/\/www.acordacidade.com.br\/feira-de-santana\/prevencao-a-violencia-feira-de-santana-recebe-os-dois-primeiros-coletivos-bahia-pela-paz-do-interior-do-estado\/\">dois coletivos do programa Bahia Pela Paz<\/a>. Ele tamb\u00e9m falou sobre viol\u00eancia em Eun\u00e1polis e Salvador.<\/p>\n<p>Na ocasi\u00e3o, o secret\u00e1rio conversou com a reportagem do Acorda Cidade sobre a\u00e7\u00f5es que est\u00e3o sendo feitas em combate a viol\u00eancia em Eun\u00e1polis, principalmente ap\u00f3s uma <a href=\"https:\/\/www.acordacidade.com.br\/policia\/apos-ameacas-diretor-do-presidio-de-eunapolis-e-alvo-de-ataque-a-tiros-motorista-e-baleado\/\">tentativa de atentado<\/a> contra o diretor do pres\u00eddio da cidade que aconteceu no dia 20 de maio deste ano.<\/p>\n<p>\u201cPrecisamos destacar diversas a\u00e7\u00f5es que est\u00e3o sendo realizadas l\u00e1, desde aquele atentado realizado contra uma lideran\u00e7a, que s\u00e3o a for\u00e7a de policiamento especializado, opera\u00e7\u00f5es policiais realizadas, a pris\u00e3o de um dos criminosos que cometeu aquele atentado, agora chegada da For\u00e7a Penal Federal, somando esfor\u00e7os com as nossas for\u00e7as de seguran\u00e7a.\u201d<\/p>\n<figure class=\"wp-block-image size-large\"><img fetchpriority=\"high\" data-dominant-color=\"87888d\" data-has-transparency=\"false\" style=\"--dominant-color: #87888d;\" fetchpriority=\"high\" decoding=\"async\" width=\"987\" height=\"768\" sizes=\"(max-width: 987px) 100vw, 987px\" src=\"http:\/\/noticiasbahia360.com.br\/wp-content\/uploads\/2025\/06\/wyXpF1ZH-secretariosegurana-marcelowerner-foto-edsantos_acordacidade-987x768-2.webp\" alt=\"Secret\u00e1rio de Seguran\u00e7a P\u00fablica da Bahia, Marcelo Werner\" class=\"wp-image-561600 not-transparent\" srcset=\"https:\/\/uploads.acordacidade.com.br\/2025\/06\/wyXpF1ZH-secretariosegurana-marcelowerner-foto-edsantos_acordacidade-469x365.webp 469w, http:\/\/noticiasbahia360.com.br\/wp-content\/uploads\/2025\/06\/wyXpF1ZH-secretariosegurana-marcelowerner-foto-edsantos_acordacidade-987x768-2.webp 987w, https:\/\/uploads.acordacidade.com.br\/2025\/06\/wyXpF1ZH-secretariosegurana-marcelowerner-foto-edsantos_acordacidade-710x553.webp 710w, https:\/\/uploads.acordacidade.com.br\/2025\/06\/wyXpF1ZH-secretariosegurana-marcelowerner-foto-edsantos_acordacidade-150x117.webp 150w, https:\/\/uploads.acordacidade.com.br\/2025\/06\/wyXpF1ZH-secretariosegurana-marcelowerner-foto-edsantos_acordacidade.webp 1200w\"><figcaption class=\"wp-element-caption\">Foto: Ed Santos\/Acorda Cidade<\/figcaption><\/figure>\n<p>O secret\u00e1rio destacou que o trabalho de combate ao crime n\u00e3o parou. \u201cA gente segue fazendo o combate e as a\u00e7\u00f5es de intelig\u00eancia para fortalecer a seguran\u00e7a p\u00fablica em Eun\u00e1polis e em toda a regi\u00e3o. A gente n\u00e3o vai descansar at\u00e9 alcan\u00e7ar todos os respons\u00e1veis por aquele atentado em Eun\u00e1polis.\u201d\u00a0<\/p>\n<p>Sobre a crescente incid\u00eancia de armamento e entorpecentes apreendidos na cidade nos \u00faltimos meses, Werner acrescentou. \u201cN\u00f3s realizamos diversas apreens\u00f5es esse ano, inclusive de armamento de grosso calibre. N\u00e3o s\u00f3 isso, mas pris\u00f5es tamb\u00e9m realizadas. Logicamente as outras opera\u00e7\u00f5es est\u00e3o em andamento, e a gente tem que manter sigilo nas outras investiga\u00e7\u00f5es, mas a gente espera que em breve outras pris\u00f5es, outras apreens\u00f5es de relevo, de drogas e de armas sejam apresentadas pelas posi\u00e7\u00f5es de seguran\u00e7a.<\/p>\n<h2 class=\"wp-block-heading\" id=\"h-violencia-na-capital-baiana\"><strong>Viol\u00eancia na capital baiana<\/strong><\/h2>\n<p>Na oportunidade, al\u00e9m de falar sobre Eun\u00e1polis, Marcelo Werner falou sobre os \u00edndices de viol\u00eancia em Salvador, cidade que ocupa o 35\u00ba lugar no ranking de cidades mais violentas do mundo, segundo levantamento da ONG Mexicana Conselho Cidad\u00e3o.<\/p>\n<p>\u201cVou destacar a diminui\u00e7\u00e3o dos discriminais, um trabalho tamb\u00e9m interessante como a gente vem realizando na capital do estado, lan\u00e7ando investimentos com novos policiais, lan\u00e7ando investimentos com viaturas, lan\u00e7ando investimentos com a\u00e7\u00e3o de intelig\u00eancia, com diversas opera\u00e7\u00f5es, mas acima de tudo, aumento de lideran\u00e7as.\u201d, explicou.<\/p>\n<p>O Secret\u00e1rio destacou que o aumento no n\u00famero de lideran\u00e7as foi imprescind\u00edvel para a redu\u00e7\u00e3o constante da criminalidade atrav\u00e9s da opera\u00e7\u00f5es e apreens\u00f5es. \u201cJ\u00e1 foram 40 lideran\u00e7as alcan\u00e7adas esse ano, n\u00f3s temos recorde de apreens\u00f5es de armas de fogo, estamos com um aumento de 20% em rela\u00e7\u00e3o ao per\u00edodo do ano passado, ou seja, \u00e9 um trabalho incans\u00e1vel das for\u00e7as de seguran\u00e7a, integrados para proteger a nossa comunidade e combater as fac\u00e7\u00f5es e a viol\u00eancia do nosso estado.\u201d finalizou.<\/p>\n<p><em>Com informa\u00e7\u00f5es do rep\u00f3rter Ed Santos do Acorda Cidade<\/em><\/p>\n<p><strong>Leia tamb\u00e9m:<\/strong> <a href=\"https:\/\/www.acordacidade.com.br\/feira-de-santana\/prevencao-a-violencia-feira-de-santana-recebe-os-dois-primeiros-coletivos-bahia-pela-paz-do-interior-do-estado\/\">Preven\u00e7\u00e3o \u00e0 Viol\u00eancia: Feira de Santana recebe os dois primeiros Coletivos Bahia pela Paz do interior do estado<\/a><\/p>\n<p><em>Siga o Acorda Cidade no<\/em><a href=\"https:\/\/news.google.com\/search?q=acorda%20cidade&amp;hl=pt-BR&amp;gl=BR&amp;ceid=BR%3Apt-419\"><strong><em> Google Not\u00edcias<\/em><\/strong><\/a><em> e receba os principais destaques do dia. Participe tamb\u00e9m dos nossos canais no <\/em><a href=\"https:\/\/whatsapp.com\/channel\/0029Va6Rb4v3WHTNnsh8WI3N\"><strong><em>WhatsApp<\/em><\/strong><\/a><em> e <\/em><a href=\"https:\/\/www.youtube.com\/@acordacidadenoticias\/videos\"><strong>Youtube<\/strong><\/a><em> e grupo de <\/em><a href=\"https:\/\/t.me\/+sSz0khrgARA0ZmRh\"><strong><em>Telegram<\/em><\/strong><\/a><em>.<\/em><\/p>\n<\/div>\n","protected":false},"excerpt":{"rendered":"<div>\n<div>\n<figure><img decoding=\"async\" src=\"https:\/\/uploads.acordacidade.com.br\/2024\/12\/Conjunto-Penal-Eunapolis-foto-fachada.jpg\" alt=\"Conjunto Penal Eunapolis\"><figcaption>Foto: Divulga\u00e7\u00e3o\/Seap<\/figcaption><\/figure>\n<\/div>\n<p>&#8220;A gente n\u00e3o vai descansar at\u00e9 alcan\u00e7ar todos os respons\u00e1veis por aquele atentado&#8221; declarou o secret\u00e1rio sobre a tentativa de atendado contra o diretor do Conjunto Penal de Eun\u00e1polis<\/p><\/div>\n","protected":false},"author":1,"featured_media":88596,"comment_status":"closed","ping_status":"closed","sticky":false,"template":"","format":"gallery","meta":{"footnotes":""},"categories":[8,9,6,57,56,10],"tags":[],"class_list":["post-88595","post","type-post","status-publish","format-gallery","has-post-thumbnail","hentry","category-bahia","category-brasil","category-feira-de-santana","category-mundo","category-policia","category-politica","post_format-post-format-gallery"],"featured_image_urls":{"full":["https:\/\/noticiasbahia360.com.br\/wp-content\/uploads\/2025\/06\/Conjunto-Penal-Eunapolis-foto-fachada.jpg",640,360,false],"thumbnail":["https:\/\/noticiasbahia360.com.br\/wp-content\/uploads\/2025\/06\/Conjunto-Penal-Eunapolis-foto-fachada-150x150.jpg",150,150,true],"medium":["https:\/\/noticiasbahia360.com.br\/wp-content\/uploads\/2025\/06\/Conjunto-Penal-Eunapolis-foto-fachada-300x169.jpg",300,169,true],"medium_large":["https:\/\/noticiasbahia360.com.br\/wp-content\/uploads\/2025\/06\/Conjunto-Penal-Eunapolis-foto-fachada.jpg",640,360,false],"large":["https:\/\/noticiasbahia360.com.br\/wp-content\/uploads\/2025\/06\/Conjunto-Penal-Eunapolis-foto-fachada.jpg",640,360,false],"1536x1536":["https:\/\/noticiasbahia360.com.br\/wp-content\/uploads\/2025\/06\/Conjunto-Penal-Eunapolis-foto-fachada.jpg",640,360,false],"2048x2048":["https:\/\/noticiasbahia360.com.br\/wp-content\/uploads\/2025\/06\/Conjunto-Penal-Eunapolis-foto-fachada.jpg",640,360,false],"chromenews-featured":["https:\/\/noticiasbahia360.com.br\/wp-content\/uploads\/2025\/06\/Conjunto-Penal-Eunapolis-foto-fachada.jpg",640,360,false],"chromenews-large":["https:\/\/noticiasbahia360.com.br\/wp-content\/uploads\/2025\/06\/Conjunto-Penal-Eunapolis-foto-fachada.jpg",640,360,false],"chromenews-medium":["https:\/\/noticiasbahia360.com.br\/wp-content\/uploads\/2025\/06\/Conjunto-Penal-Eunapolis-foto-fachada-590x360.jpg",590,360,true]},"author_info":{"display_name":"noticiasbahia360.com.br","author_link":"https:\/\/noticiasbahia360.com.br\/?author=1"},"category_info":"<a href=\"https:\/\/noticiasbahia360.com.br\/?cat=8\" rel=\"category\">Bahia<\/a> <a href=\"https:\/\/noticiasbahia360.com.br\/?cat=9\" rel=\"category\">Brasil<\/a> <a href=\"https:\/\/noticiasbahia360.com.br\/?cat=6\" rel=\"category\">Feira de Santana<\/a> <a href=\"https:\/\/noticiasbahia360.com.br\/?cat=57\" rel=\"category\">Mundo<\/a> <a href=\"https:\/\/noticiasbahia360.com.br\/?cat=56\" rel=\"category\">Pol\u00edcia<\/a> <a href=\"https:\/\/noticiasbahia360.com.br\/?cat=10\" rel=\"category\">Pol\u00edtica<\/a>","tag_info":"Pol\u00edtica","comment_count":"0","_links":{"self":[{"href":"https:\/\/noticiasbahia360.com.br\/index.php?rest_route=\/wp\/v2\/posts\/88595","targetHints":{"allow":["GET"]}}],"collection":[{"href":"https:\/\/noticiasbahia360.com.br\/index.php?rest_route=\/wp\/v2\/posts"}],"about":[{"href":"https:\/\/noticiasbahia360.com.br\/index.php?rest_route=\/wp\/v2\/types\/post"}],"author":[{"embeddable":true,"href":"https:\/\/noticiasbahia360.com.br\/index.php?rest_route=\/wp\/v2\/users\/1"}],"replies":[{"embeddable":true,"href":"https:\/\/noticiasbahia360.com.br\/index.php?rest_route=%2Fwp%2Fv2%2Fcomments&post=88595"}],"version-history":[{"count":0,"href":"https:\/\/noticiasbahia360.com.br\/index.php?rest_route=\/wp\/v2\/posts\/88595\/revisions"}],"wp:featuredmedia":[{"embeddable":true,"href":"https:\/\/noticiasbahia360.com.br\/index.php?rest_route=\/wp\/v2\/media\/88596"}],"wp:attachment":[{"href":"https:\/\/noticiasbahia360.com.br\/index.php?rest_route=%2Fwp%2Fv2%2Fmedia&parent=88595"}],"wp:term":[{"taxonomy":"category","embeddable":true,"href":"https:\/\/noticiasbahia360.com.br\/index.php?rest_route=%2Fwp%2Fv2%2Fcategories&post=88595"},{"taxonomy":"post_tag","embeddable":true,"href":"https:\/\/noticiasbahia360.com.br\/index.php?rest_route=%2Fwp%2Fv2%2Ftags&post=88595"}],"curies":[{"name":"wp","href":"https:\/\/api.w.org\/{rel}","templated":true}]}}