{"id":88598,"date":"2025-06-03T15:54:55","date_gmt":"2025-06-03T18:54:55","guid":{"rendered":"https:\/\/noticiasbahia360.com.br\/?p=88598"},"modified":"2025-06-03T15:54:55","modified_gmt":"2025-06-03T18:54:55","slug":"feira-de-santana-celebra-semana-mundial-do-meio-ambiente-com-programacao-especial","status":"publish","type":"post","link":"https:\/\/noticiasbahia360.com.br\/?p=88598","title":{"rendered":"Feira de Santana celebra Semana Mundial do Meio Ambiente com programa\u00e7\u00e3o especial"},"content":{"rendered":"<div>\n<div>\n<figure><img decoding=\"async\" src=\"http:\/\/noticiasbahia360.com.br\/wp-content\/uploads\/2025\/06\/secretaria_meioambiente_foto_ACM_secom.jpg\" alt=\"Foto da Lagoa do Jacar\u00e9\"><figcaption>Foto: ACM\/Secom<\/figcaption><\/figure>\n<\/div>\n<p>A <a href=\"https:\/\/www.acordacidade.com.br\/tag\/prefeitura\/\">Prefeitura <\/a>de Feira de Santana, por meio da Secretaria de Meio Ambiente, preparou uma s\u00e9rie de atividades em comemora\u00e7\u00e3o \u00e0 Semana Mundial do Meio Ambiente. Com o tema \u201cMudan\u00e7as Clim\u00e1ticas\u201d, o evento contar\u00e1 com palestras, rodas de conversa, exibi\u00e7\u00f5es de v\u00eddeos e a\u00e7\u00f5es educativas distribu\u00eddas ao longo da semana.<\/p>\n<p>As atividades iniciaram nesta ter\u00e7a-feira (03), com rodas de conversa e plantio de \u00e1rvores na Escola Municipal Ernestina Carneiro. No dia seguinte, a programa\u00e7\u00e3o se estende \u00e0 Universidade Federal do Rec\u00f4ncavo da Bahia (UFRB) com palestras e debates voltados \u00e0 conscientiza\u00e7\u00e3o ambiental.<\/p>\n<p>O destaque da programa\u00e7\u00e3o ser\u00e1 no Dia Mundial do Meio Ambiente, celebrado nesta quinta-feira (05), com a\u00e7\u00f5es no Col\u00e9gio Municipal Joselito Amorim. A agenda inclui palestras com especialistas, al\u00e9m da participa\u00e7\u00e3o de educadores e representantes institucionais. Entre os temas abordados est\u00e3o mobilidade urbana, transi\u00e7\u00e3o energ\u00e9tica, conserva\u00e7\u00e3o dos biomas e cidades verdes \u2014 todos relacionados aos impactos e solu\u00e7\u00f5es diante das mudan\u00e7as clim\u00e1ticas.<\/p>\n<p>Ainda no dia 05, tamb\u00e9m ser\u00e1 lan\u00e7ado oficialmente o Concurso de Fotografias com o tema \u201cLagoas de Feira de Santana\u201d, valorizando imagens registradas nos cart\u00f5es-postais naturais da cidade, como a Lagoa do Suba\u00e9 e a Lagoa de S\u00e3o Domingos.<\/p>\n<p>Segundo a secret\u00e1ria municipal de Meio Ambiente, Jaciara Moreira da Costa, a proposta \u00e9 ampliar o di\u00e1logo com a sociedade e engajar a popula\u00e7\u00e3o nas quest\u00f5es ambientais.<\/p>\n<p>\u201cPrecisamos construir uma cidade mais resiliente \u00e0s mudan\u00e7as do clima e isso come\u00e7a pela educa\u00e7\u00e3o. A Semana do Meio Ambiente \u00e9 um convite para que toda a comunidade reflita, participe e transforme o cuidado com a natureza em uma pr\u00e1tica cotidiana,\u201d afirmou a secret\u00e1ria.<\/p>\n<p>A iniciativa refor\u00e7a o compromisso da gest\u00e3o municipal com a sustentabilidade e a valoriza\u00e7\u00e3o dos recursos naturais locais, promovendo uma consci\u00eancia coletiva sobre a import\u00e2ncia da preserva\u00e7\u00e3o ambiental.<\/p>\n<p><em>Informa\u00e7\u00f5es da Secretaria de Comunica\u00e7\u00e3o de Feira de Santana.<\/em><\/p>\n<p><em>Siga o Acorda Cidade no<\/em><a href=\"https:\/\/news.google.com\/search?q=acorda%20cidade&amp;hl=pt-BR&amp;gl=BR&amp;ceid=BR%3Apt-419\"><strong><em> Google Not\u00edcias<\/em><\/strong><\/a><em> e receba os principais destaques do dia. Participe tamb\u00e9m dos nossos canais no <\/em><a href=\"https:\/\/whatsapp.com\/channel\/0029Va6Rb4v3WHTNnsh8WI3N\"><strong><em>WhatsApp<\/em><\/strong><\/a><em> e <\/em><a href=\"https:\/\/www.youtube.com\/@acordacidadenoticias\/videos\"><strong>Youtube<\/strong><\/a><em> e grupo de <\/em><a href=\"https:\/\/t.me\/+sSz0khrgARA0ZmRh\"><strong><em>Telegram<\/em><\/strong><\/a><em>.<\/em><\/p>\n<\/div>\n","protected":false},"excerpt":{"rendered":"<div>\n<div>\n<figure><img decoding=\"async\" src=\"https:\/\/uploads.acordacidade.com.br\/2025\/06\/secretaria_meioambiente_foto_ACM_secom.jpg\" alt=\"Foto da Lagoa do Jacar\u00e9\"><figcaption>Foto: ACM\/Secom<\/figcaption><\/figure>\n<\/div>\n<p>As atividades iniciaram nesta ter\u00e7a-feira (03), com rodas de conversa e plantio de \u00e1rvores na Escola Municipal Ernestina Carneiro<\/p><\/div>\n","protected":false},"author":1,"featured_media":88599,"comment_status":"closed","ping_status":"closed","sticky":false,"template":"","format":"gallery","meta":{"footnotes":""},"categories":[8,9,6,57,56,10],"tags":[],"class_list":["post-88598","post","type-post","status-publish","format-gallery","has-post-thumbnail","hentry","category-bahia","category-brasil","category-feira-de-santana","category-mundo","category-policia","category-politica","post_format-post-format-gallery"],"featured_image_urls":{"full":["https:\/\/noticiasbahia360.com.br\/wp-content\/uploads\/2025\/06\/secretaria_meioambiente_foto_ACM_secom.jpg",1200,799,false],"thumbnail":["https:\/\/noticiasbahia360.com.br\/wp-content\/uploads\/2025\/06\/secretaria_meioambiente_foto_ACM_secom-150x150.jpg",150,150,true],"medium":["https:\/\/noticiasbahia360.com.br\/wp-content\/uploads\/2025\/06\/secretaria_meioambiente_foto_ACM_secom-300x200.jpg",300,200,true],"medium_large":["https:\/\/noticiasbahia360.com.br\/wp-content\/uploads\/2025\/06\/secretaria_meioambiente_foto_ACM_secom-768x511.jpg",640,426,true],"large":["https:\/\/noticiasbahia360.com.br\/wp-content\/uploads\/2025\/06\/secretaria_meioambiente_foto_ACM_secom-1024x682.jpg",640,426,true],"1536x1536":["https:\/\/noticiasbahia360.com.br\/wp-content\/uploads\/2025\/06\/secretaria_meioambiente_foto_ACM_secom.jpg",1200,799,false],"2048x2048":["https:\/\/noticiasbahia360.com.br\/wp-content\/uploads\/2025\/06\/secretaria_meioambiente_foto_ACM_secom.jpg",1200,799,false],"chromenews-featured":["https:\/\/noticiasbahia360.com.br\/wp-content\/uploads\/2025\/06\/secretaria_meioambiente_foto_ACM_secom-1024x682.jpg",1024,682,true],"chromenews-large":["https:\/\/noticiasbahia360.com.br\/wp-content\/uploads\/2025\/06\/secretaria_meioambiente_foto_ACM_secom-825x575.jpg",825,575,true],"chromenews-medium":["https:\/\/noticiasbahia360.com.br\/wp-content\/uploads\/2025\/06\/secretaria_meioambiente_foto_ACM_secom-590x410.jpg",590,410,true]},"author_info":{"display_name":"noticiasbahia360.com.br","author_link":"https:\/\/noticiasbahia360.com.br\/?author=1"},"category_info":"<a href=\"https:\/\/noticiasbahia360.com.br\/?cat=8\" rel=\"category\">Bahia<\/a> <a href=\"https:\/\/noticiasbahia360.com.br\/?cat=9\" rel=\"category\">Brasil<\/a> <a href=\"https:\/\/noticiasbahia360.com.br\/?cat=6\" rel=\"category\">Feira de Santana<\/a> <a href=\"https:\/\/noticiasbahia360.com.br\/?cat=57\" rel=\"category\">Mundo<\/a> <a href=\"https:\/\/noticiasbahia360.com.br\/?cat=56\" rel=\"category\">Pol\u00edcia<\/a> <a href=\"https:\/\/noticiasbahia360.com.br\/?cat=10\" rel=\"category\">Pol\u00edtica<\/a>","tag_info":"Pol\u00edtica","comment_count":"0","_links":{"self":[{"href":"https:\/\/noticiasbahia360.com.br\/index.php?rest_route=\/wp\/v2\/posts\/88598","targetHints":{"allow":["GET"]}}],"collection":[{"href":"https:\/\/noticiasbahia360.com.br\/index.php?rest_route=\/wp\/v2\/posts"}],"about":[{"href":"https:\/\/noticiasbahia360.com.br\/index.php?rest_route=\/wp\/v2\/types\/post"}],"author":[{"embeddable":true,"href":"https:\/\/noticiasbahia360.com.br\/index.php?rest_route=\/wp\/v2\/users\/1"}],"replies":[{"embeddable":true,"href":"https:\/\/noticiasbahia360.com.br\/index.php?rest_route=%2Fwp%2Fv2%2Fcomments&post=88598"}],"version-history":[{"count":0,"href":"https:\/\/noticiasbahia360.com.br\/index.php?rest_route=\/wp\/v2\/posts\/88598\/revisions"}],"wp:featuredmedia":[{"embeddable":true,"href":"https:\/\/noticiasbahia360.com.br\/index.php?rest_route=\/wp\/v2\/media\/88599"}],"wp:attachment":[{"href":"https:\/\/noticiasbahia360.com.br\/index.php?rest_route=%2Fwp%2Fv2%2Fmedia&parent=88598"}],"wp:term":[{"taxonomy":"category","embeddable":true,"href":"https:\/\/noticiasbahia360.com.br\/index.php?rest_route=%2Fwp%2Fv2%2Fcategories&post=88598"},{"taxonomy":"post_tag","embeddable":true,"href":"https:\/\/noticiasbahia360.com.br\/index.php?rest_route=%2Fwp%2Fv2%2Ftags&post=88598"}],"curies":[{"name":"wp","href":"https:\/\/api.w.org\/{rel}","templated":true}]}}