{"id":88600,"date":"2025-06-03T16:04:42","date_gmt":"2025-06-03T19:04:42","guid":{"rendered":"https:\/\/noticiasbahia360.com.br\/?p=88600"},"modified":"2025-06-03T16:04:42","modified_gmt":"2025-06-03T19:04:42","slug":"governador-comenta-pesquisa-que-aponta-feira-de-santana-como-a-cidade-mais-violenta-do-brasil-espero-que-nao-utilizem-para-fazer-politica-partidaria","status":"publish","type":"post","link":"https:\/\/noticiasbahia360.com.br\/?p=88600","title":{"rendered":"Governador comenta pesquisa que aponta Feira de Santana como a cidade mais violenta do Brasil: \u201cEspero que n\u00e3o utilizem para fazer pol\u00edtica partid\u00e1ria\u201d"},"content":{"rendered":"<div>\n<div>\n<figure><img decoding=\"async\" src=\"http:\/\/noticiasbahia360.com.br\/wp-content\/uploads\/2025\/06\/governador-jeronimo-rodrigues-foto-ed-santos-acorda-cidade.jpg\" alt=\"Jer\u00f4nimo Rodrigues (PT), governador da Bahia\"><figcaption>Jer\u00f4nimo Rodrigues (PT), governador da Bahia | Foto: Ed Santos \/ Acorda Cidade<\/figcaption><\/figure>\n<\/div>\n<div class=\"wp-block-group\">\n<div class=\"wp-block-group__inner-container is-layout-constrained wp-block-group-is-layout-constrained\">\n<p>O governador da Bahia, Jer\u00f4nimo Rodrigues (PT), comentou a <a href=\"https:\/\/www.acordacidade.com.br\/policia\/feira-de-santana-e-a-cidade-mais-violenta-do-brasil-e-22a-do-mundo-segundo-ong-mexicana\/\">pesquisa realizada por uma ONG mexicana<\/a>, que aponta Feira de Santana como a cidade mais violenta do Brasil. A fala foi feita na manh\u00e3 desta ter\u00e7a-feira (3), durante a <a href=\"https:\/\/www.acordacidade.com.br\/feira-de-santana\/prevencao-a-violencia-feira-de-santana-recebe-os-dois-primeiros-coletivos-bahia-pela-paz-do-interior-do-estado\/\">inaugura\u00e7\u00e3o de dois coletivos do programa Bahia Pela Paz<\/a>, localizados nos bairros Concei\u00e7\u00e3o e Mangabeira.<\/p>\n<p>\u201cEu espero que alguns segmentos n\u00e3o utilizem essas pesquisas para fazer pol\u00edtica partid\u00e1ria. <strong>O Estado n\u00e3o merece isso. A pr\u00f3pria pesquisa mostra os indicadores favor\u00e1veis comparativamente aos meses anteriores.<\/strong> N\u00e3o \u00e9 poss\u00edvel que quem faz oposi\u00e7\u00e3o dia e noite n\u00e3o reconhe\u00e7a uma a\u00e7\u00e3o concreta estabelecida de paz. Veja quantos dias a gente fica sem [registrar] um crime violento ou qualquer tipo de crime\u201d, disse o governador.<\/p>\n<\/div>\n<\/div>\n<div class=\"wp-block-group\">\n<div class=\"wp-block-group__inner-container is-layout-constrained wp-block-group-is-layout-constrained\">\n<h2 class=\"wp-block-heading\" id=\"h-dois-olhares\">Dois olhares <\/h2>\n<p>A pesquisa \u00e9 referente ao ano de 2024 e aponta que <strong>Feira de Santana est\u00e1 presente no grupo das 50 cidades mais violentas de todo o planeta, ocupando a 22\u00aa coloca\u00e7\u00e3o.<\/strong> A metodologia adotada para definir a posi\u00e7\u00e3o de uma cidade na lista \u00e9 a taxa de homic\u00eddios para cada 100 mil habitantes.<\/p>\n<p>O governador disse que respeita as pesquisas, at\u00e9 porque, segundo ele, muitas s\u00e3o desenvolvidas em parceria com \u00f3rg\u00e3os s\u00e9rios e ligados aos direitos humanos. Jer\u00f4nimo afirmou que toda pesquisa \u00e9 monitorada pelo pr\u00f3prio governo e que, a partir deste resultado negativo, vai refor\u00e7ar dois olhares sobre Feira de Santana: o de <strong>preocupa\u00e7\u00e3o<\/strong>, se existir de fato o que a pesquisa mostra, e o de <strong>intensifica\u00e7\u00e3o<\/strong> com base nos dados favor\u00e1veis \u00e0s a\u00e7\u00f5es do governo na tentativa de diminuir os indicadores de viol\u00eancia.<\/p>\n<figure class=\"wp-block-image size-large\"><img fetchpriority=\"high\" data-dominant-color=\"75747d\" data-has-transparency=\"false\" style=\"--dominant-color: #75747d;\" fetchpriority=\"high\" decoding=\"async\" width=\"1100\" height=\"768\" sizes=\"(max-width: 1100px) 100vw, 1100px\" src=\"http:\/\/noticiasbahia360.com.br\/wp-content\/uploads\/2025\/06\/Iw4lWLXl-governador-jeronimo-rodrigues-foto-ed-santos-acorda-cidade-00-1100x768-1.webp\" alt=\"\" class=\"wp-image-561693 not-transparent\" srcset=\"https:\/\/uploads.acordacidade.com.br\/2025\/06\/Iw4lWLXl-governador-jeronimo-rodrigues-foto-ed-santos-acorda-cidade-00-523x365.webp 523w, http:\/\/noticiasbahia360.com.br\/wp-content\/uploads\/2025\/06\/Iw4lWLXl-governador-jeronimo-rodrigues-foto-ed-santos-acorda-cidade-00-1100x768-1.webp 1100w, https:\/\/uploads.acordacidade.com.br\/2025\/06\/Iw4lWLXl-governador-jeronimo-rodrigues-foto-ed-santos-acorda-cidade-00-792x553.webp 792w, https:\/\/uploads.acordacidade.com.br\/2025\/06\/Iw4lWLXl-governador-jeronimo-rodrigues-foto-ed-santos-acorda-cidade-00-150x105.webp 150w, https:\/\/uploads.acordacidade.com.br\/2025\/06\/Iw4lWLXl-governador-jeronimo-rodrigues-foto-ed-santos-acorda-cidade-00.webp 1200w\"><figcaption class=\"wp-element-caption\">Jer\u00f4nimo Rodrigues (PT), governador da Bahia (Dir.) e Marcelo Werner,  secret\u00e1rio de Seguran\u00e7a P\u00fablica do estado | Foto: Ed Santos \/ Acorda Cidade <\/figcaption><\/figure>\n<p>\u201c<strong>A Bahia \u00e9 um estado de paz.<\/strong> N\u00f3s tivemos a Micareta de Feira [neste ano], depois da festa a Secretaria de Seguran\u00e7a P\u00fablica fez uma pesquisa e entrevistou aproximadamente 3.500 pessoas, e a sensa\u00e7\u00e3o foi quase de 100% de seguran\u00e7a durante os quatro dias de folia. Uma festa com quase 2 milh\u00f5es de pessoas, envolvendo inclusive bebidas alco\u00f3licas, a gente tem um ambiente desse, \u00e9 prova que n\u00f3s temos uma compet\u00eancia instalada da intelig\u00eancia, da infraestrutura, da capacita\u00e7\u00e3o\u201d, disse Jer\u00f4nimo.<\/p>\n<p>O governador continuou: \u201cMas \u00e9 claro que <strong>a gente n\u00e3o pode perder de vista um caso se quer que aconte\u00e7a de inseguran\u00e7a ou de viol\u00eancia<\/strong>, n\u00f3s temos que nos preocupar, nos envolver, nos dedicar, criar um sentimento de perda, mas a gente tem que tamb\u00e9m contrastar com o que n\u00f3s estamos fazendo [na \u00e1rea da seguran\u00e7a p\u00fablica em Feira de Santana]\u201d.<\/p>\n<\/div>\n<\/div>\n<div class=\"wp-block-group\">\n<div class=\"wp-block-group__inner-container is-layout-constrained wp-block-group-is-layout-constrained\">\n<h2 class=\"wp-block-heading\" id=\"h-mas-esta-melhorando\">Mas est\u00e1 melhorando?<\/h2>\n<p>O governador aproveitou a oportunidade para ressaltar que Feira de Santana vem passando por um momento de <a href=\"https:\/\/www.acordacidade.com.br\/policia\/coordenador-da-policia-civil-rebate-pesquisa-que-aponta-feira-de-santana-como-a-cidade-mais-violenta-do-brasil\/\">queda nos indicadores de viol\u00eancia<\/a>. <strong>No m\u00eas de maio, 15 homic\u00eddios foram registrados na cidade, a menor taxa da \u00faltima d\u00e9cada.<\/strong> Para o coronel Magalh\u00e3es, comandante-geral da Pol\u00edcia Militar (PM) na Bahia, o indicador mostra que a corpora\u00e7\u00e3o est\u00e1 empenhada em garantir mais seguran\u00e7a para toda a popula\u00e7\u00e3o.<\/p>\n<figure class=\"wp-block-image size-large\"><img data-dominant-color=\"8b8079\" data-has-transparency=\"false\" style=\"--dominant-color: #8b8079;\" decoding=\"async\" width=\"1024\" height=\"768\" sizes=\"(max-width: 1024px) 100vw, 1024px\" src=\"http:\/\/noticiasbahia360.com.br\/wp-content\/uploads\/2025\/06\/UTbkusPV-comandante-geral-da-pm-foto-ed-santos-acorda-cidade-1024x768-1.webp\" alt=\"Coronel Magalh\u00e3es, comandante-geral da Pol\u00edcia Militar (PM) na Bahia \" class=\"wp-image-561694 not-transparent\" srcset=\"https:\/\/uploads.acordacidade.com.br\/2025\/06\/UTbkusPV-comandante-geral-da-pm-foto-ed-santos-acorda-cidade-487x365.webp 487w, http:\/\/noticiasbahia360.com.br\/wp-content\/uploads\/2025\/06\/UTbkusPV-comandante-geral-da-pm-foto-ed-santos-acorda-cidade-1024x768-1.webp 1024w, https:\/\/uploads.acordacidade.com.br\/2025\/06\/UTbkusPV-comandante-geral-da-pm-foto-ed-santos-acorda-cidade-737x553.webp 737w, https:\/\/uploads.acordacidade.com.br\/2025\/06\/UTbkusPV-comandante-geral-da-pm-foto-ed-santos-acorda-cidade-150x113.webp 150w, https:\/\/uploads.acordacidade.com.br\/2025\/06\/UTbkusPV-comandante-geral-da-pm-foto-ed-santos-acorda-cidade.webp 1200w\"><figcaption class=\"wp-element-caption\">Coronel Magalh\u00e3es, comandante-geral da Pol\u00edcia Militar (PM) na Bahia | Foto: Ed Santos \/ Acorda Cidade <\/figcaption><\/figure>\n<p>\u201cHoje n\u00f3s estamos com 11% de redu\u00e7\u00e3o no \u00edndice de viol\u00eancia nesses cinco primeiros meses do ano em rela\u00e7\u00e3o ao mesmo per\u00edodo do ano anterior, que j\u00e1 era resultado tamb\u00e9m de uma diminui\u00e7\u00e3o. Ent\u00e3o n\u00f3s estamos com n\u00fameros bons, estamos trabalhando nesse sentido, intensificando o policiamento, fazendo o melhor, fazendo essa integra\u00e7\u00e3o com a comunidade, e estamos tendo resultados muito positivos\u201d, disse o comandante-geral.<\/p>\n<p>Questionado sobre se iria comentar a pesquisa, o coronel respondeu: \u201cEu n\u00e3o gosto de falar de n\u00fameros, pois s\u00e3o relativos para quem fala.<strong> Eu posso dizer que n\u00f3s temos intensificado o policiamento em toda a Bahia, e os nossos n\u00fameros s\u00e3o muito bons.<\/strong> Feira de Santana tem recorde na redu\u00e7\u00e3o de viol\u00eancia, e n\u00f3s temos provado isso com os nossos n\u00fameros oficiais. Por mais que digam [o contr\u00e1rio], n\u00f3s sabemos que a sociedade de Feira reconhece que n\u00f3s estamos melhorando muito em raz\u00e3o da intensifica\u00e7\u00e3o do policiamento que tem feito em toda a regi\u00e3o\u201d, concluiu o comandante-geral da PM.<\/p>\n<\/div>\n<\/div>\n<div class=\"wp-block-group\">\n<div class=\"wp-block-group__inner-container is-layout-constrained wp-block-group-is-layout-constrained\">\n<p><strong>Leia Tamb\u00e9m:<\/strong><\/p>\n<ul class=\"wp-block-list\">\n<li><a href=\"https:\/\/www.acordacidade.com.br\/policia\/feira-de-santana-e-a-cidade-mais-violenta-do-brasil-e-22a-do-mundo-segundo-ong-mexicana\/\">Feira de Santana \u00e9 a cidade mais violenta do Brasil e 22\u00aa do mundo segundo ONG mexicana<\/a><\/li>\n<li><a href=\"https:\/\/www.acordacidade.com.br\/policia\/coordenador-da-policia-civil-rebate-pesquisa-que-aponta-feira-de-santana-como-a-cidade-mais-violenta-do-brasil\/\">Coordenador da Pol\u00edcia Civil rebate pesquisa que aponta Feira de Santana como a cidade mais violenta do Brasil<\/a><\/li>\n<li><a href=\"https:\/\/www.acordacidade.com.br\/feira-de-santana\/prevencao-a-violencia-feira-de-santana-recebe-os-dois-primeiros-coletivos-bahia-pela-paz-do-interior-do-estado\/\">Preven\u00e7\u00e3o \u00e0 Viol\u00eancia: Feira de Santana recebe os dois primeiros Coletivos Bahia pela Paz do interior do estado<\/a><\/li>\n<\/ul>\n<div class=\"wp-block-group\">\n<div class=\"wp-block-group__inner-container is-layout-constrained wp-block-group-is-layout-constrained\">\n<p>Com informa\u00e7\u00f5es do rep\u00f3rter Ed Santos do Acorda Cidade <\/p>\n<p><em>Reportagem escrita pelo estagi\u00e1rio de jornalismo Jefferson Ara\u00fajo sob supervis\u00e3o <\/em><\/p>\n<p><em>Siga o Acorda Cidade no<\/em><a href=\"https:\/\/news.google.com\/search?q=acorda%20cidade&amp;hl=pt-BR&amp;gl=BR&amp;ceid=BR%3Apt-419\"><strong><em>\u00a0Google Not\u00edcias<\/em><\/strong><\/a><em>\u00a0e receba os principais destaques do dia. Participe tamb\u00e9m dos nossos canais no\u00a0<\/em><a href=\"https:\/\/www.whatsapp.com\/channel\/0029Va6Rb4v3WHTNnsh8WI3N\"><strong><em>WhatsApp<\/em><\/strong><\/a><em>\u00a0e\u00a0<\/em><a href=\"https:\/\/www.youtube.com\/@acordacidadenoticias\/videos\"><strong>YouTube<\/strong><\/a><em>\u00a0e do grupo no\u00a0<\/em><a href=\"https:\/\/t.me\/+sSz0khrgARA0ZmRh\"><strong><em>Telegram<\/em><\/strong><\/a><em>.<\/em><\/p>\n<\/div>\n<\/div>\n<\/div>\n<\/div>\n<\/div>\n","protected":false},"excerpt":{"rendered":"<div>\n<div>\n<figure><img decoding=\"async\" src=\"https:\/\/uploads.acordacidade.com.br\/2025\/06\/governador-jeronimo-rodrigues-foto-ed-santos-acorda-cidade.jpg\" alt=\"Jer\u00f4nimo Rodrigues (PT), governador da Bahia\"><figcaption>Jer\u00f4nimo Rodrigues (PT), governador da Bahia | Foto: Ed Santos \/ Acorda Cidade<\/figcaption><\/figure>\n<\/div>\n<p>J\u00e1 o comandante-geral da PM preferiu falar sobre as a\u00e7\u00f5es positivas que est\u00e3o garantindo a redu\u00e7\u00e3o dos indicadores de viol\u00eancia na cidade.<\/p><\/div>\n","protected":false},"author":1,"featured_media":88601,"comment_status":"closed","ping_status":"closed","sticky":false,"template":"","format":"gallery","meta":{"footnotes":""},"categories":[8,9,6,57,56,10],"tags":[],"class_list":["post-88600","post","type-post","status-publish","format-gallery","has-post-thumbnail","hentry","category-bahia","category-brasil","category-feira-de-santana","category-mundo","category-policia","category-politica","post_format-post-format-gallery"],"featured_image_urls":{"full":["https:\/\/noticiasbahia360.com.br\/wp-content\/uploads\/2025\/06\/governador-jeronimo-rodrigues-foto-ed-santos-acorda-cidade.jpg",1200,900,false],"thumbnail":["https:\/\/noticiasbahia360.com.br\/wp-content\/uploads\/2025\/06\/governador-jeronimo-rodrigues-foto-ed-santos-acorda-cidade-150x150.jpg",150,150,true],"medium":["https:\/\/noticiasbahia360.com.br\/wp-content\/uploads\/2025\/06\/governador-jeronimo-rodrigues-foto-ed-santos-acorda-cidade-300x225.jpg",300,225,true],"medium_large":["https:\/\/noticiasbahia360.com.br\/wp-content\/uploads\/2025\/06\/governador-jeronimo-rodrigues-foto-ed-santos-acorda-cidade-768x576.jpg",640,480,true],"large":["https:\/\/noticiasbahia360.com.br\/wp-content\/uploads\/2025\/06\/governador-jeronimo-rodrigues-foto-ed-santos-acorda-cidade-1024x768.jpg",640,480,true],"1536x1536":["https:\/\/noticiasbahia360.com.br\/wp-content\/uploads\/2025\/06\/governador-jeronimo-rodrigues-foto-ed-santos-acorda-cidade.jpg",1200,900,false],"2048x2048":["https:\/\/noticiasbahia360.com.br\/wp-content\/uploads\/2025\/06\/governador-jeronimo-rodrigues-foto-ed-santos-acorda-cidade.jpg",1200,900,false],"chromenews-featured":["https:\/\/noticiasbahia360.com.br\/wp-content\/uploads\/2025\/06\/governador-jeronimo-rodrigues-foto-ed-santos-acorda-cidade-1024x768.jpg",1024,768,true],"chromenews-large":["https:\/\/noticiasbahia360.com.br\/wp-content\/uploads\/2025\/06\/governador-jeronimo-rodrigues-foto-ed-santos-acorda-cidade-825x575.jpg",825,575,true],"chromenews-medium":["https:\/\/noticiasbahia360.com.br\/wp-content\/uploads\/2025\/06\/governador-jeronimo-rodrigues-foto-ed-santos-acorda-cidade-590x410.jpg",590,410,true]},"author_info":{"display_name":"noticiasbahia360.com.br","author_link":"https:\/\/noticiasbahia360.com.br\/?author=1"},"category_info":"<a href=\"https:\/\/noticiasbahia360.com.br\/?cat=8\" rel=\"category\">Bahia<\/a> <a href=\"https:\/\/noticiasbahia360.com.br\/?cat=9\" rel=\"category\">Brasil<\/a> <a href=\"https:\/\/noticiasbahia360.com.br\/?cat=6\" rel=\"category\">Feira de Santana<\/a> <a href=\"https:\/\/noticiasbahia360.com.br\/?cat=57\" rel=\"category\">Mundo<\/a> <a href=\"https:\/\/noticiasbahia360.com.br\/?cat=56\" rel=\"category\">Pol\u00edcia<\/a> <a href=\"https:\/\/noticiasbahia360.com.br\/?cat=10\" rel=\"category\">Pol\u00edtica<\/a>","tag_info":"Pol\u00edtica","comment_count":"0","_links":{"self":[{"href":"https:\/\/noticiasbahia360.com.br\/index.php?rest_route=\/wp\/v2\/posts\/88600","targetHints":{"allow":["GET"]}}],"collection":[{"href":"https:\/\/noticiasbahia360.com.br\/index.php?rest_route=\/wp\/v2\/posts"}],"about":[{"href":"https:\/\/noticiasbahia360.com.br\/index.php?rest_route=\/wp\/v2\/types\/post"}],"author":[{"embeddable":true,"href":"https:\/\/noticiasbahia360.com.br\/index.php?rest_route=\/wp\/v2\/users\/1"}],"replies":[{"embeddable":true,"href":"https:\/\/noticiasbahia360.com.br\/index.php?rest_route=%2Fwp%2Fv2%2Fcomments&post=88600"}],"version-history":[{"count":0,"href":"https:\/\/noticiasbahia360.com.br\/index.php?rest_route=\/wp\/v2\/posts\/88600\/revisions"}],"wp:featuredmedia":[{"embeddable":true,"href":"https:\/\/noticiasbahia360.com.br\/index.php?rest_route=\/wp\/v2\/media\/88601"}],"wp:attachment":[{"href":"https:\/\/noticiasbahia360.com.br\/index.php?rest_route=%2Fwp%2Fv2%2Fmedia&parent=88600"}],"wp:term":[{"taxonomy":"category","embeddable":true,"href":"https:\/\/noticiasbahia360.com.br\/index.php?rest_route=%2Fwp%2Fv2%2Fcategories&post=88600"},{"taxonomy":"post_tag","embeddable":true,"href":"https:\/\/noticiasbahia360.com.br\/index.php?rest_route=%2Fwp%2Fv2%2Ftags&post=88600"}],"curies":[{"name":"wp","href":"https:\/\/api.w.org\/{rel}","templated":true}]}}