{"id":88604,"date":"2025-06-03T16:09:32","date_gmt":"2025-06-03T19:09:32","guid":{"rendered":"https:\/\/noticiasbahia360.com.br\/?p=88604"},"modified":"2025-06-03T16:09:32","modified_gmt":"2025-06-03T19:09:32","slug":"sorteio-do-milhao-281-mil-baianos-se-cadastraram-na-nota-premiada-bahia","status":"publish","type":"post","link":"https:\/\/noticiasbahia360.com.br\/?p=88604","title":{"rendered":"Sorteio do milh\u00e3o: 28,1 mil baianos se cadastraram na Nota Premiada Bahia"},"content":{"rendered":"<div>\n<div>\n<figure><img decoding=\"async\" src=\"http:\/\/noticiasbahia360.com.br\/wp-content\/uploads\/2025\/06\/notapremiadabahia_Foto_Matheus-Lens_Ascom-Sefaz-Ba-.jpg\" alt=\"Nota Premiada Bahia, foto ilustrativa\"><figcaption>Foto: Matheus Lens &#8211; Ascom\/Sefaz-BA<\/figcaption><\/figure>\n<\/div>\n<p><a href=\"https:\/\/www.facebook.com\/sharer\/sharer.php?u=http:\/\/www.ba.gov.br\/comunicacao\/noticias\/2025-06\/369524\/281-mil-baianos-se-cadastraram-na-nota-premiada-bahia-em-maio-para&amp;title=28%2C1%20mil%20baianos%20se%20cadastraram%20na%20Nota%20Premiada%20Bahia%20em%20maio%20para%20participar%20do%20sorteio%20do%20milh%C3%A3o\" target=\"_blank\" rel=\"noreferrer noopener\"><\/a><a href=\"https:\/\/twitter.com\/intent\/tweet?text=28%2C1%20mil%20baianos%20se%20cadastraram%20na%20Nota%20Premiada%20Bahia%20em%20maio%20para%20participar%20do%20sorteio%20do%20milh%C3%A3o+http:\/\/www.ba.gov.br\/comunicacao\/noticias\/2025-06\/369524\/281-mil-baianos-se-cadastraram-na-nota-premiada-bahia-em-maio-para\" target=\"_blank\" rel=\"noreferrer noopener\"><\/a><a href=\"https:\/\/wa.me\/?text=http:\/\/www.ba.gov.br\/comunicacao\/noticias\/2025-06\/369524\/281-mil-baianos-se-cadastraram-na-nota-premiada-bahia-em-maio-para\" target=\"_blank\" rel=\"noreferrer noopener\"><\/a><a href=\"https:\/\/www.linkedin.com\/sharing\/share-offsite\/?url=http:\/\/www.ba.gov.br\/comunicacao\/noticias\/2025-06\/369524\/281-mil-baianos-se-cadastraram-na-nota-premiada-bahia-em-maio-para\" target=\"_blank\" rel=\"noreferrer noopener\"><\/a><a href=\"mailto:?subject=28%2C1%20mil%20baianos%20se%20cadastraram%20na%20Nota%20Premiada%20Bahia%20em%20maio%20para%20participar%20do%20sorteio%20do%20milh%C3%A3o&amp;body=http:\/\/www.ba.gov.br\/comunicacao\/noticias\/2025-06\/369524\/281-mil-baianos-se-cadastraram-na-nota-premiada-bahia-em-maio-para\" target=\"_blank\" rel=\"noreferrer noopener\"><\/a><a href=\"https:\/\/www.ba.gov.br\/comunicacao\/noticias\/2025-06\/369524\/281-mil-baianos-se-cadastraram-na-nota-premiada-bahia-em-maio-para#\"><\/a><a href=\"javascript:window.print()\"><\/a>A chance de ganhar o pr\u00eamio de R$ 1 milh\u00e3o no sorteio especial da Nota Premiada Bahia levou 28,1 mil <a href=\"https:\/\/www.acordacidade.com.br\/tag\/baianos\/\">baianos<\/a> a se cadastrarem na campanha em maio.<\/p>\n<p>O volume de inscri\u00e7\u00f5es acima da m\u00e9dia mensal ocorreu em fun\u00e7\u00e3o do prazo para participar da Nota Premiada e concorrer ao pr\u00eamio: s\u00e3o v\u00e1lidos para o sorteio, agendado para o dia 17 de julho, os bilhetes eletr\u00f4nicos gerados a partir de notas fiscais associadas ao CPF dos participantes, emitidas entre 1\u00ba de junho de 2024 e 31 de maio de 2025.<\/p>\n<p>Quem perdeu o prazo para o sorteio especial, no entanto, ainda tem bons motivos para se inscrever na Nota Premiada Bahia, lembra o coordenador Programa de Educa\u00e7\u00e3o Fiscal da Secretaria da Fazenda do Estado (Sefaz-Ba), Andr\u00e9 Aguiar. \u201cA Nota Premiada Bahia realiza sorteios regulares todos os meses, distribuindo o valor de R$ 1 milh\u00e3o entre 91 participantes\u201d, observa.<\/p>\n<p>Nos sorteios mensais, s\u00e3o distribu\u00eddos 90 pr\u00eamios de R$ 10 mil e um de R$ 100 mil, com base nos bilhetes eletr\u00f4nicos gerados a partir das notas fiscais eletr\u00f4nicas emitidas no m\u00eas anterior. O pr\u00f3ximo sorteio regular est\u00e1 agendado para dia 26 de junho. <\/p>\n<p>Andr\u00e9 Aguiar lembra tamb\u00e9m que os participantes que os participantes que se inscreverem a partir de agora e passarem a inserir o CPF na nota em suas compras no mercado baiano estar\u00e3o habilitados a concorrer ainda, em 2026, no sorteio especial de R$ 1 milh\u00e3o para um \u00fanico vencedor, previsto para julho do pr\u00f3ximo ano.<\/p>\n<p>Para participar da Nota Premiada Bahia, basta se cadastrar uma \u00fanica vez no site\u00a0<a href=\"http:\/\/www.notapremiadabahia.ba.gov.br\/\">www.notapremiadabahia.ba.gov.br<\/a>\u00a0e preencher um formul\u00e1rio simples. No momento do cadastro, devem ser escolhidas at\u00e9 duas entidades filantr\u00f3picas, uma da \u00e1rea de sa\u00fade e outra da social, com as quais ser\u00e3o compartilhadas todas as notas eletr\u00f4nicas que forem associadas ao CPF cadastrado.<\/p>\n<h2 class=\"wp-block-heading\" id=\"h-acoes-de-comunicacao\"><strong>A\u00e7\u00f5es de comunica\u00e7\u00e3o<\/strong><\/h2>\n<p>De acordo com a Sefaz-Ba, respons\u00e1vel pela gest\u00e3o da campanha, boa parte das ades\u00f5es de novos participantes em maio ocorreu em pouco mais de duas semanas, e se concentrou no per\u00edodo em que foram realizadas a\u00e7\u00f5es de comunica\u00e7\u00e3o alertando o p\u00fablico baiano sobre a proximidade do prazo final para participar e ficar apto ao sorteio. Como reflexo destas a\u00e7\u00f5es, o n\u00famero de participantes, que totalizava 822,2 mil no in\u00edcio de maio, chegou a 850,3 mil no final do m\u00eas.<\/p>\n<p>As a\u00e7\u00f5es de comunica\u00e7\u00e3o inclu\u00edram campanha publicit\u00e1ria com o mote \u201cO jeito mais f\u00e1cil de concorrer a R$ 1 milh\u00e3o\u201d, e encaminhamento, a usu\u00e1rios do portal ba.gov,br, de mensagem destacando \u201c5 vantagens de colocar o CPF na sua nota\u201d, entre as quais est\u00e3o a chance de ganhar pr\u00eamios em dinheiro na Nota Premiada Bahia e a oportunidade de compartilhar a nota fiscal com at\u00e9 duas entre as mais de 500 institui\u00e7\u00f5es filantr\u00f3picas vinculadas ao programa Sua Nota \u00e9 um Show de Solidariedade. <\/p>\n<p>A cada quatro meses, o Estado da Bahia distribui um total de R$ 5 milh\u00f5es entre estas entidades, com base no total de notas recebidas por cada uma delas no per\u00edodo.<\/p>\n<p><em>Siga o Acorda Cidade no<\/em><a href=\"https:\/\/news.google.com\/search?q=acorda%20cidade&amp;hl=pt-BR&amp;gl=BR&amp;ceid=BR%3Apt-419\"><strong><em> Google Not\u00edcias<\/em><\/strong><\/a><em> e receba os principais destaques do dia. Participe tamb\u00e9m dos nossos canais no <\/em><a href=\"https:\/\/whatsapp.com\/channel\/0029Va6Rb4v3WHTNnsh8WI3N\"><strong><em>WhatsApp<\/em><\/strong><\/a><em> e <\/em><a href=\"https:\/\/www.youtube.com\/@acordacidadenoticias\/videos\"><strong>Youtube<\/strong><\/a><em> e grupo de <\/em><a href=\"https:\/\/t.me\/+sSz0khrgARA0ZmRh\"><strong><em>Telegram<\/em><\/strong><\/a><em>.<\/em><\/p>\n<\/div>\n","protected":false},"excerpt":{"rendered":"<div>\n<div>\n<figure><img decoding=\"async\" src=\"https:\/\/uploads.acordacidade.com.br\/2025\/06\/notapremiadabahia_Foto_Matheus-Lens_Ascom-Sefaz-Ba-.jpg\" alt=\"Nota Premiada Bahia, foto ilustrativa\"><figcaption>Foto: Matheus Lens &#8211; Ascom\/Sefaz-BA<\/figcaption><\/figure>\n<\/div>\n<p>Volume de cadastros em maio foi considerado acima da m\u00e9dia mensal<\/p><\/div>\n","protected":false},"author":1,"featured_media":88605,"comment_status":"closed","ping_status":"closed","sticky":false,"template":"","format":"gallery","meta":{"footnotes":""},"categories":[8,9,6,57,56,10],"tags":[],"class_list":["post-88604","post","type-post","status-publish","format-gallery","has-post-thumbnail","hentry","category-bahia","category-brasil","category-feira-de-santana","category-mundo","category-policia","category-politica","post_format-post-format-gallery"],"featured_image_urls":{"full":["https:\/\/noticiasbahia360.com.br\/wp-content\/uploads\/2025\/06\/notapremiadabahia_Foto_Matheus-Lens_Ascom-Sefaz-Ba-.jpg",1200,800,false],"thumbnail":["https:\/\/noticiasbahia360.com.br\/wp-content\/uploads\/2025\/06\/notapremiadabahia_Foto_Matheus-Lens_Ascom-Sefaz-Ba--150x150.jpg",150,150,true],"medium":["https:\/\/noticiasbahia360.com.br\/wp-content\/uploads\/2025\/06\/notapremiadabahia_Foto_Matheus-Lens_Ascom-Sefaz-Ba--300x200.jpg",300,200,true],"medium_large":["https:\/\/noticiasbahia360.com.br\/wp-content\/uploads\/2025\/06\/notapremiadabahia_Foto_Matheus-Lens_Ascom-Sefaz-Ba--768x512.jpg",640,427,true],"large":["https:\/\/noticiasbahia360.com.br\/wp-content\/uploads\/2025\/06\/notapremiadabahia_Foto_Matheus-Lens_Ascom-Sefaz-Ba--1024x683.jpg",640,427,true],"1536x1536":["https:\/\/noticiasbahia360.com.br\/wp-content\/uploads\/2025\/06\/notapremiadabahia_Foto_Matheus-Lens_Ascom-Sefaz-Ba-.jpg",1200,800,false],"2048x2048":["https:\/\/noticiasbahia360.com.br\/wp-content\/uploads\/2025\/06\/notapremiadabahia_Foto_Matheus-Lens_Ascom-Sefaz-Ba-.jpg",1200,800,false],"chromenews-featured":["https:\/\/noticiasbahia360.com.br\/wp-content\/uploads\/2025\/06\/notapremiadabahia_Foto_Matheus-Lens_Ascom-Sefaz-Ba--1024x683.jpg",1024,683,true],"chromenews-large":["https:\/\/noticiasbahia360.com.br\/wp-content\/uploads\/2025\/06\/notapremiadabahia_Foto_Matheus-Lens_Ascom-Sefaz-Ba--825x575.jpg",825,575,true],"chromenews-medium":["https:\/\/noticiasbahia360.com.br\/wp-content\/uploads\/2025\/06\/notapremiadabahia_Foto_Matheus-Lens_Ascom-Sefaz-Ba--590x410.jpg",590,410,true]},"author_info":{"display_name":"noticiasbahia360.com.br","author_link":"https:\/\/noticiasbahia360.com.br\/?author=1"},"category_info":"<a href=\"https:\/\/noticiasbahia360.com.br\/?cat=8\" rel=\"category\">Bahia<\/a> <a href=\"https:\/\/noticiasbahia360.com.br\/?cat=9\" rel=\"category\">Brasil<\/a> <a href=\"https:\/\/noticiasbahia360.com.br\/?cat=6\" rel=\"category\">Feira de Santana<\/a> <a href=\"https:\/\/noticiasbahia360.com.br\/?cat=57\" rel=\"category\">Mundo<\/a> <a href=\"https:\/\/noticiasbahia360.com.br\/?cat=56\" rel=\"category\">Pol\u00edcia<\/a> <a href=\"https:\/\/noticiasbahia360.com.br\/?cat=10\" rel=\"category\">Pol\u00edtica<\/a>","tag_info":"Pol\u00edtica","comment_count":"0","_links":{"self":[{"href":"https:\/\/noticiasbahia360.com.br\/index.php?rest_route=\/wp\/v2\/posts\/88604","targetHints":{"allow":["GET"]}}],"collection":[{"href":"https:\/\/noticiasbahia360.com.br\/index.php?rest_route=\/wp\/v2\/posts"}],"about":[{"href":"https:\/\/noticiasbahia360.com.br\/index.php?rest_route=\/wp\/v2\/types\/post"}],"author":[{"embeddable":true,"href":"https:\/\/noticiasbahia360.com.br\/index.php?rest_route=\/wp\/v2\/users\/1"}],"replies":[{"embeddable":true,"href":"https:\/\/noticiasbahia360.com.br\/index.php?rest_route=%2Fwp%2Fv2%2Fcomments&post=88604"}],"version-history":[{"count":0,"href":"https:\/\/noticiasbahia360.com.br\/index.php?rest_route=\/wp\/v2\/posts\/88604\/revisions"}],"wp:featuredmedia":[{"embeddable":true,"href":"https:\/\/noticiasbahia360.com.br\/index.php?rest_route=\/wp\/v2\/media\/88605"}],"wp:attachment":[{"href":"https:\/\/noticiasbahia360.com.br\/index.php?rest_route=%2Fwp%2Fv2%2Fmedia&parent=88604"}],"wp:term":[{"taxonomy":"category","embeddable":true,"href":"https:\/\/noticiasbahia360.com.br\/index.php?rest_route=%2Fwp%2Fv2%2Fcategories&post=88604"},{"taxonomy":"post_tag","embeddable":true,"href":"https:\/\/noticiasbahia360.com.br\/index.php?rest_route=%2Fwp%2Fv2%2Ftags&post=88604"}],"curies":[{"name":"wp","href":"https:\/\/api.w.org\/{rel}","templated":true}]}}