{"id":88606,"date":"2025-06-03T16:19:57","date_gmt":"2025-06-03T19:19:57","guid":{"rendered":"https:\/\/noticiasbahia360.com.br\/?p=88606"},"modified":"2025-06-03T16:19:57","modified_gmt":"2025-06-03T19:19:57","slug":"policia-resgata-adolescente-de-14-anos-de-carcere-privado-em-vera-cruz","status":"publish","type":"post","link":"https:\/\/noticiasbahia360.com.br\/?p=88606","title":{"rendered":"Pol\u00edcia resgata adolescente de 14 anos de c\u00e1rcere privado em Vera Cruz"},"content":{"rendered":"<div>\n<div>\n<figure><img decoding=\"async\" src=\"http:\/\/noticiasbahia360.com.br\/wp-content\/uploads\/2025\/06\/adolescente_carcere_veracruz_fotodivulgacao_ascom-PC.jpg\" alt=\"Foto ilustrativa Pol\u00edcia Militar\"><figcaption>Foto: Divulga\u00e7\u00e3o Ascom PC<\/figcaption><\/figure>\n<\/div>\n<p>Uma adolescente de 14 anos foi resgatada, nesta segunda-feira (2), de uma situa\u00e7\u00e3o de c\u00e1rcere privado na localidade de Jiribatuba, zona rural do munic\u00edpio de <a href=\"https:\/\/www.acordacidade.com.br\/tag\/vera-cruz\/\">Vera Cruz<\/a>. Os policiais civis localizaram a v\u00edtima em uma resid\u00eancia isolada, situada em \u00e1rea de mata e de dif\u00edcil acesso. Ela recebeu atendimento m\u00e9dico e psicol\u00f3gico, sendo encaminhada para acompanhamento psicossocial.<\/p>\n<p>No local, foi preso em flagrante um homem de 37 anos, suspeito pelo ato delituoso. Al\u00e9m do crime de sequestro e c\u00e1rcere privado, ele tamb\u00e9m \u00e9 investigado por estupro de vulner\u00e1vel, homic\u00eddio, les\u00e3o corporal e amea\u00e7a.<\/p>\n<p>Durante a abordagem, foram apreendidos um aparelho celular, por\u00e7\u00f5es de maconha e coca\u00edna. De acordo com as investiga\u00e7\u00f5es, o homem possui antecedentes por tr\u00e1fico de drogas e outros crimes na regi\u00e3o de Senhor do Bonfim.<\/p>\n<p>A opera\u00e7\u00e3o foi realizada pela 24\u00aa Delegacia Territorial de Vera Cruz, com apoio da Pol\u00edcia Militar, e foi deflagrada ap\u00f3s informa\u00e7\u00f5es repassadas pelo Departamento de Pol\u00edcia do Interior (Depin), por meio da 19\u00aa Coordenadoria Regional de Pol\u00edcia do Interior (Coorpin), com sede em Senhor do Bonfim.<\/p>\n<p><em>Siga o Acorda Cidade no<\/em><a href=\"https:\/\/news.google.com\/search?q=acorda%20cidade&amp;hl=pt-BR&amp;gl=BR&amp;ceid=BR%3Apt-419\"><strong><em> Google Not\u00edcias<\/em><\/strong><\/a><em> e receba os principais destaques do dia. Participe tamb\u00e9m dos nossos canais no <\/em><a href=\"https:\/\/whatsapp.com\/channel\/0029Va6Rb4v3WHTNnsh8WI3N\"><strong><em>WhatsApp<\/em><\/strong><\/a><em> e <\/em><a href=\"https:\/\/www.youtube.com\/@acordacidadenoticias\/videos\"><strong>Youtube<\/strong><\/a><em> e grupo de <\/em><a href=\"https:\/\/t.me\/+sSz0khrgARA0ZmRh\"><strong><em>Telegram<\/em><\/strong><\/a><em>.<\/em><\/p>\n<\/div>\n","protected":false},"excerpt":{"rendered":"<div>\n<div>\n<figure><img decoding=\"async\" src=\"https:\/\/uploads.acordacidade.com.br\/2025\/06\/adolescente_carcere_veracruz_fotodivulgacao_ascom-PC.jpg\" alt=\"Foto ilustrativa Pol\u00edcia Militar\"><figcaption>Foto: Divulga\u00e7\u00e3o Ascom PC<\/figcaption><\/figure>\n<\/div>\n<p>O suspeito pelo crime foi preso em flagrante com po\u00e7\u00f5es de maconha e coca\u00edna.<\/p><\/div>\n","protected":false},"author":1,"featured_media":88607,"comment_status":"closed","ping_status":"closed","sticky":false,"template":"","format":"gallery","meta":{"footnotes":""},"categories":[8,9,6,57,56,10],"tags":[],"class_list":["post-88606","post","type-post","status-publish","format-gallery","has-post-thumbnail","hentry","category-bahia","category-brasil","category-feira-de-santana","category-mundo","category-policia","category-politica","post_format-post-format-gallery"],"featured_image_urls":{"full":["https:\/\/noticiasbahia360.com.br\/wp-content\/uploads\/2025\/06\/adolescente_carcere_veracruz_fotodivulgacao_ascom-PC.jpg",1200,934,false],"thumbnail":["https:\/\/noticiasbahia360.com.br\/wp-content\/uploads\/2025\/06\/adolescente_carcere_veracruz_fotodivulgacao_ascom-PC-150x150.jpg",150,150,true],"medium":["https:\/\/noticiasbahia360.com.br\/wp-content\/uploads\/2025\/06\/adolescente_carcere_veracruz_fotodivulgacao_ascom-PC-300x234.jpg",300,234,true],"medium_large":["https:\/\/noticiasbahia360.com.br\/wp-content\/uploads\/2025\/06\/adolescente_carcere_veracruz_fotodivulgacao_ascom-PC-768x598.jpg",640,498,true],"large":["https:\/\/noticiasbahia360.com.br\/wp-content\/uploads\/2025\/06\/adolescente_carcere_veracruz_fotodivulgacao_ascom-PC-1024x797.jpg",640,498,true],"1536x1536":["https:\/\/noticiasbahia360.com.br\/wp-content\/uploads\/2025\/06\/adolescente_carcere_veracruz_fotodivulgacao_ascom-PC.jpg",1200,934,false],"2048x2048":["https:\/\/noticiasbahia360.com.br\/wp-content\/uploads\/2025\/06\/adolescente_carcere_veracruz_fotodivulgacao_ascom-PC.jpg",1200,934,false],"chromenews-featured":["https:\/\/noticiasbahia360.com.br\/wp-content\/uploads\/2025\/06\/adolescente_carcere_veracruz_fotodivulgacao_ascom-PC-1024x797.jpg",1024,797,true],"chromenews-large":["https:\/\/noticiasbahia360.com.br\/wp-content\/uploads\/2025\/06\/adolescente_carcere_veracruz_fotodivulgacao_ascom-PC-825x575.jpg",825,575,true],"chromenews-medium":["https:\/\/noticiasbahia360.com.br\/wp-content\/uploads\/2025\/06\/adolescente_carcere_veracruz_fotodivulgacao_ascom-PC-590x410.jpg",590,410,true]},"author_info":{"display_name":"noticiasbahia360.com.br","author_link":"https:\/\/noticiasbahia360.com.br\/?author=1"},"category_info":"<a href=\"https:\/\/noticiasbahia360.com.br\/?cat=8\" rel=\"category\">Bahia<\/a> <a href=\"https:\/\/noticiasbahia360.com.br\/?cat=9\" rel=\"category\">Brasil<\/a> <a href=\"https:\/\/noticiasbahia360.com.br\/?cat=6\" rel=\"category\">Feira de Santana<\/a> <a href=\"https:\/\/noticiasbahia360.com.br\/?cat=57\" rel=\"category\">Mundo<\/a> <a href=\"https:\/\/noticiasbahia360.com.br\/?cat=56\" rel=\"category\">Pol\u00edcia<\/a> <a href=\"https:\/\/noticiasbahia360.com.br\/?cat=10\" rel=\"category\">Pol\u00edtica<\/a>","tag_info":"Pol\u00edtica","comment_count":"0","_links":{"self":[{"href":"https:\/\/noticiasbahia360.com.br\/index.php?rest_route=\/wp\/v2\/posts\/88606","targetHints":{"allow":["GET"]}}],"collection":[{"href":"https:\/\/noticiasbahia360.com.br\/index.php?rest_route=\/wp\/v2\/posts"}],"about":[{"href":"https:\/\/noticiasbahia360.com.br\/index.php?rest_route=\/wp\/v2\/types\/post"}],"author":[{"embeddable":true,"href":"https:\/\/noticiasbahia360.com.br\/index.php?rest_route=\/wp\/v2\/users\/1"}],"replies":[{"embeddable":true,"href":"https:\/\/noticiasbahia360.com.br\/index.php?rest_route=%2Fwp%2Fv2%2Fcomments&post=88606"}],"version-history":[{"count":0,"href":"https:\/\/noticiasbahia360.com.br\/index.php?rest_route=\/wp\/v2\/posts\/88606\/revisions"}],"wp:featuredmedia":[{"embeddable":true,"href":"https:\/\/noticiasbahia360.com.br\/index.php?rest_route=\/wp\/v2\/media\/88607"}],"wp:attachment":[{"href":"https:\/\/noticiasbahia360.com.br\/index.php?rest_route=%2Fwp%2Fv2%2Fmedia&parent=88606"}],"wp:term":[{"taxonomy":"category","embeddable":true,"href":"https:\/\/noticiasbahia360.com.br\/index.php?rest_route=%2Fwp%2Fv2%2Fcategories&post=88606"},{"taxonomy":"post_tag","embeddable":true,"href":"https:\/\/noticiasbahia360.com.br\/index.php?rest_route=%2Fwp%2Fv2%2Ftags&post=88606"}],"curies":[{"name":"wp","href":"https:\/\/api.w.org\/{rel}","templated":true}]}} 