{"id":88608,"date":"2025-06-03T16:50:41","date_gmt":"2025-06-03T19:50:41","guid":{"rendered":"https:\/\/noticiasbahia360.com.br\/?p=88608"},"modified":"2025-06-03T16:50:41","modified_gmt":"2025-06-03T19:50:41","slug":"vai-morar-sozinho-em-outra-cidade-para-estudar-confira-5-dicas-que-voce-precisa-saber","status":"publish","type":"post","link":"https:\/\/noticiasbahia360.com.br\/?p=88608","title":{"rendered":"Vai morar sozinho em outra cidade para estudar? Confira 5 dicas que voc\u00ea precisa saber"},"content":{"rendered":"<div>\n<div>\n<figure><img decoding=\"async\" src=\"http:\/\/noticiasbahia360.com.br\/wp-content\/uploads\/2025\/06\/morar-sozinho-estudar-foto-istok.png\" alt=\"\"><figcaption>Foto: Divulga\u00e7\u00e3o \/ Moyo Studio \/ iStock<\/figcaption><\/figure>\n<\/div>\n<p>Sair de casa para estudar \u00e9 um grande passo na vida de muitos jovens. \u00c9 uma etapa importante, em que h\u00e1 a constru\u00e7\u00e3o e o desenvolvimento de maturidade e independ\u00eancia, al\u00e9m de marcar a forma\u00e7\u00e3o do indiv\u00edduo como adulto. Ao mesmo tempo, \u00e9 uma fase que exige autonomia e responsabilidade para lidar com novas tarefas, contextos e com os desafios de se estar longe do conforto de casa e do afeto familiar.\u00a0<\/p>\n<p>As demandas dos jovens que saem de casa para estudar v\u00e3o muito al\u00e9m das acad\u00eamicas. Isso porque \u2013 alguns, pela primeira vez \u2013 t\u00eam de lidar com as tarefas cotidianas de cuidar da pr\u00f3pria rotina. Os afazeres s\u00e3o diversos: cozinhar, lavar roupas, limpar a casa, fazer compras de supermercado, planejar os gastos financeiros e pagar contas s\u00e3o alguns deles. Al\u00e9m disso, tais tarefas t\u00eam de ser conciliadas com os estudos e com as adapta\u00e7\u00f5es, o que torna tudo mais complexo.\u00a0<\/p>\n<p>Pensando em facilitar a jornada, separamos algumas dicas para lhe auxiliar nesse caminho:<\/p>\n<ul class=\"wp-block-list\">\n<li>Organize a alimenta\u00e7\u00e3o<\/li>\n<\/ul>\n<p>Uma das dicas mais importantes \u00e9 planejar e organizar a vida alimentar durante a semana. Afinal, \u00e9 por meio dos alimentos que se tem energia para estudar e realizar as outras tarefas necess\u00e1rias. Por isso \u2013 levando em conta a import\u00e2ncia de incluir frutas, legumes, verduras e prote\u00ednas no card\u00e1pio \u2013 uma sugest\u00e3o \u00e9 separar um dia para cozinhar as refei\u00e7\u00f5es de toda a semana, pois essa \u00e9 uma maneira de economizar tempo e, ainda assim, garantir uma alimenta\u00e7\u00e3o saud\u00e1vel e rica em nutrientes.\u00a0<\/p>\n<p>Congelar marmitas em por\u00e7\u00f5es tamb\u00e9m \u00e9 uma op\u00e7\u00e3o bastante vi\u00e1vel, visto que \u00e9 uma alternativa pr\u00e1tica que possibilita apenas retirar as refei\u00e7\u00f5es do freezer e esquent\u00e1-las no micro-ondas. Al\u00e9m de facilitar a rotina no dia a dia, tal h\u00e1bito contribui para evitar os pedidos frequentes de\u00a0<em>fast foods<\/em>\u00a0e a ingest\u00e3o de ultraprocessados, alimentos pouco \u00fateis na nutri\u00e7\u00e3o do corpo.\u00a0<\/p>\n<ul class=\"wp-block-list\">\n<li>Equilibre a vida acad\u00eamica e pessoal<\/li>\n<\/ul>\n<p>Encontrar o equil\u00edbrio entre a vida pessoal e acad\u00eamica \u00e9 um dos principais desafios para os estudantes. Isso porque, o ac\u00famulo e a sobrecarga de atividades \u00e9 algo muito comum na faculdade, o que dificulta conciliar a aten\u00e7\u00e3o com as outras \u00e1reas da vida. Nesse caso, \u00e9 essencial organizar o tempo de forma estrat\u00e9gica para que haja momentos de trabalho e estudo, mas tamb\u00e9m de descanso, divers\u00e3o e de trocas com pessoas especiais.\u00a0<\/p>\n<p>Ainda, estabelecer uma rotina que inclua atividades de lazer e bem-estar \u2013\u00a0 como exerc\u00edcios f\u00edsicos e uma boa noite de sono \u2013 colabora para prevenir o esgotamento e aliviar o estresse do dia a dia, o que pode at\u00e9 colaborar para um maior rendimento acad\u00eamico nos momentos de dedica\u00e7\u00e3o e concentra\u00e7\u00e3o.\u00a0<\/p>\n<ul class=\"wp-block-list\">\n<li>Encontre o seu m\u00e9todo de limpeza dom\u00e9stica<\/li>\n<\/ul>\n<p>As tarefas dom\u00e9sticas costumam ocupar um bom tempo de nossa rotina e, por isso, \u00e9 importante se organizar para conseguir realiz\u00e1-las sem se atrapalhar, principalmente porque estar em um local limpo, arejado e organizado \u00e9 fundamental para desenvolver todos os outros afazeres.\u00a0<\/p>\n<p>Pensando nisso, s\u00e3o v\u00e1rios os m\u00e9todos de limpeza e as possibilidades de dividi-los ao longo da semana. Utilizar check-lists para marcar o que precisa ser feito ou que j\u00e1 foi cumprido, por exemplo, \u00e9 uma \u00f3tima alternativa para se organizar e, ao mesmo tempo, viver em um ambiente agrad\u00e1vel e funcional.\u00a0<\/p>\n<ul class=\"wp-block-list\">\n<li>Escolha um lar\u00a0<\/li>\n<\/ul>\n<p>Escolher uma casa confort\u00e1vel e aconchegante para chamar de lar \u00e9 essencial, principalmente quando \u00e9 a primeira vez morando longe dos familiares. Isso porque, o ambiente de moradia desempenha um papel importante n\u00e3o s\u00f3 em rela\u00e7\u00e3o \u00e0 qualidade de vida, mas tamb\u00e9m no bem-estar emocional e no desenvolvimento acad\u00eamico.\u00a0<\/p>\n<p>Por isso, \u00e9 imprescind\u00edvel escolher um lugar adequado \u00e0 sua realidade, seja no quesito localiza\u00e7\u00e3o, custo, estrutura e\/ou companhias de casa. S\u00e3o v\u00e1rias as op\u00e7\u00f5es de moradias nesta fase, basta voc\u00ea pensar na que mais se encaixa com a sua personalidade e rotina. Por exemplo, se for de seu desejo morar sozinho, encontrar um flat ou um\u00a0<a href=\"https:\/\/uliving.com.br\/squares\/sao-paulo-sp\" target=\"_blank\" rel=\"noreferrer noopener\">Studio em S\u00e3o Paulo<\/a>\u00a0\u2013 em que os c\u00f4modos s\u00e3o integrados e abertos \u2013 podem ser op\u00e7\u00f5es pr\u00e1ticas e confort\u00e1veis.\u00a0<\/p>\n<ul class=\"wp-block-list\">\n<li>Planeje-se financeiramente<\/li>\n<\/ul>\n<p>Aprender a controlar gastos e se organizar financeiramente \u00e9 imprescind\u00edvel para n\u00e3o iniciar a vida adulta passando por apertos ou acumulando d\u00edvidas. Uma dica \u00e9 criar uma planilha para anotar os gastos cotidianos e as despesas fixas \u2013 como aluguel, alimenta\u00e7\u00e3o e transporte \u2013 visto que, assim, ser\u00e1 poss\u00edvel ter dimens\u00e3o das finan\u00e7as mensais, do que se pode economizar e do que n\u00e3o h\u00e1 como abrir m\u00e3o.\u00a0<\/p>\n<p><em>Siga o Acorda Cidade no<\/em><a href=\"https:\/\/news.google.com\/search?q=acorda%20cidade&amp;hl=pt-BR&amp;gl=BR&amp;ceid=BR%3Apt-419\"><strong><em>\u00a0Google Not\u00edcias<\/em><\/strong><\/a><em>\u00a0e receba os principais destaques do dia. Participe tamb\u00e9m dos nossos canais no\u00a0<\/em><a href=\"https:\/\/www.whatsapp.com\/channel\/0029Va6Rb4v3WHTNnsh8WI3N\"><strong><em>WhatsApp<\/em><\/strong><\/a><em>\u00a0e\u00a0<\/em><a href=\"https:\/\/www.youtube.com\/@acordacidadenoticias\/videos\"><strong>YouTube<\/strong><\/a><em>\u00a0e do grupo no\u00a0<\/em><a href=\"https:\/\/t.me\/+sSz0khrgARA0ZmRh\"><strong><em>Telegram<\/em><\/strong><\/a><em>.<\/em><\/p>\n<\/div>\n","protected":false},"excerpt":{"rendered":"<div>\n<div>\n<figure><img decoding=\"async\" src=\"https:\/\/uploads.acordacidade.com.br\/2025\/06\/morar-sozinho-estudar-foto-istok.png\" alt=\"\"><figcaption>Foto: Divulga\u00e7\u00e3o \/ Moyo Studio \/ iStock<\/figcaption><\/figure>\n<\/div>\n<p>Organizar a rotina alimentar, encontrar o equil\u00edbrio entre vida pessoal e acad\u00eamica e se planejar financeiramente s\u00e3o sugest\u00f5es<\/p><\/div>\n","protected":false},"author":1,"featured_media":88609,"comment_status":"closed","ping_status":"closed","sticky":false,"template":"","format":"gallery","meta":{"footnotes":""},"categories":[8,9,6,57,56,10],"tags":[],"class_list":["post-88608","post","type-post","status-publish","format-gallery","has-post-thumbnail","hentry","category-bahia","category-brasil","category-feira-de-santana","category-mundo","category-policia","category-politica","post_format-post-format-gallery"],"featured_image_urls":{"full":["https:\/\/noticiasbahia360.com.br\/wp-content\/uploads\/2025\/06\/morar-sozinho-estudar-foto-istok.png",1200,800,false],"thumbnail":["https:\/\/noticiasbahia360.com.br\/wp-content\/uploads\/2025\/06\/morar-sozinho-estudar-foto-istok-150x150.png",150,150,true],"medium":["https:\/\/noticiasbahia360.com.br\/wp-content\/uploads\/2025\/06\/morar-sozinho-estudar-foto-istok-300x200.png",300,200,true],"medium_large":["https:\/\/noticiasbahia360.com.br\/wp-content\/uploads\/2025\/06\/morar-sozinho-estudar-foto-istok-768x512.png",640,427,true],"large":["https:\/\/noticiasbahia360.com.br\/wp-content\/uploads\/2025\/06\/morar-sozinho-estudar-foto-istok-1024x683.png",640,427,true],"1536x1536":["https:\/\/noticiasbahia360.com.br\/wp-content\/uploads\/2025\/06\/morar-sozinho-estudar-foto-istok.png",1200,800,false],"2048x2048":["https:\/\/noticiasbahia360.com.br\/wp-content\/uploads\/2025\/06\/morar-sozinho-estudar-foto-istok.png",1200,800,false],"chromenews-featured":["https:\/\/noticiasbahia360.com.br\/wp-content\/uploads\/2025\/06\/morar-sozinho-estudar-foto-istok-1024x683.png",1024,683,true],"chromenews-large":["https:\/\/noticiasbahia360.com.br\/wp-content\/uploads\/2025\/06\/morar-sozinho-estudar-foto-istok-825x575.png",825,575,true],"chromenews-medium":["https:\/\/noticiasbahia360.com.br\/wp-content\/uploads\/2025\/06\/morar-sozinho-estudar-foto-istok-590x410.png",590,410,true]},"author_info":{"display_name":"noticiasbahia360.com.br","author_link":"https:\/\/noticiasbahia360.com.br\/?author=1"},"category_info":"<a href=\"https:\/\/noticiasbahia360.com.br\/?cat=8\" rel=\"category\">Bahia<\/a> <a href=\"https:\/\/noticiasbahia360.com.br\/?cat=9\" rel=\"category\">Brasil<\/a> <a href=\"https:\/\/noticiasbahia360.com.br\/?cat=6\" rel=\"category\">Feira de Santana<\/a> <a href=\"https:\/\/noticiasbahia360.com.br\/?cat=57\" rel=\"category\">Mundo<\/a> <a href=\"https:\/\/noticiasbahia360.com.br\/?cat=56\" rel=\"category\">Pol\u00edcia<\/a> <a href=\"https:\/\/noticiasbahia360.com.br\/?cat=10\" rel=\"category\">Pol\u00edtica<\/a>","tag_info":"Pol\u00edtica","comment_count":"0","_links":{"self":[{"href":"https:\/\/noticiasbahia360.com.br\/index.php?rest_route=\/wp\/v2\/posts\/88608","targetHints":{"allow":["GET"]}}],"collection":[{"href":"https:\/\/noticiasbahia360.com.br\/index.php?rest_route=\/wp\/v2\/posts"}],"about":[{"href":"https:\/\/noticiasbahia360.com.br\/index.php?rest_route=\/wp\/v2\/types\/post"}],"author":[{"embeddable":true,"href":"https:\/\/noticiasbahia360.com.br\/index.php?rest_route=\/wp\/v2\/users\/1"}],"replies":[{"embeddable":true,"href":"https:\/\/noticiasbahia360.com.br\/index.php?rest_route=%2Fwp%2Fv2%2Fcomments&post=88608"}],"version-history":[{"count":0,"href":"https:\/\/noticiasbahia360.com.br\/index.php?rest_route=\/wp\/v2\/posts\/88608\/revisions"}],"wp:featuredmedia":[{"embeddable":true,"href":"https:\/\/noticiasbahia360.com.br\/index.php?rest_route=\/wp\/v2\/media\/88609"}],"wp:attachment":[{"href":"https:\/\/noticiasbahia360.com.br\/index.php?rest_route=%2Fwp%2Fv2%2Fmedia&parent=88608"}],"wp:term":[{"taxonomy":"category","embeddable":true,"href":"https:\/\/noticiasbahia360.com.br\/index.php?rest_route=%2Fwp%2Fv2%2Fcategories&post=88608"},{"taxonomy":"post_tag","embeddable":true,"href":"https:\/\/noticiasbahia360.com.br\/index.php?rest_route=%2Fwp%2Fv2%2Ftags&post=88608"}],"curies":[{"name":"wp","href":"https:\/\/api.w.org\/{rel}","templated":true}]}}