{"id":88624,"date":"2025-06-03T17:05:45","date_gmt":"2025-06-03T20:05:45","guid":{"rendered":"https:\/\/noticiasbahia360.com.br\/?p=88624"},"modified":"2025-06-03T17:05:45","modified_gmt":"2025-06-03T20:05:45","slug":"ex-vereadores-sao-nomeados-para-o-gabinete-do-prefeito","status":"publish","type":"post","link":"https:\/\/noticiasbahia360.com.br\/?p=88624","title":{"rendered":"Ex-vereadores s\u00e3o nomeados para o gabinete do prefeito"},"content":{"rendered":"<div>\n<div>\n<figure><img decoding=\"async\" src=\"http:\/\/noticiasbahia360.com.br\/wp-content\/uploads\/2025\/06\/Prefeitura-de-Feira-de-Santana-.jpg\" alt=\"Prefeitura de Feira de Santana nomeados\"><figcaption>Foto: Kaio Vinicius\/ Acorda Cidade <\/figcaption><\/figure>\n<\/div>\n<p>O <a href=\"https:\/\/www.acordacidade.com.br\/tag\/diario-oficial\/\">Di\u00e1rio oficial<\/a> desta ter\u00e7a-feira (3) trouxe o nome de dois ex-vereadores, que foram nomeados para o gabinete do <a href=\"https:\/\/www.acordacidade.com.br\/tag\/prefeito-jose-ronaldo\/\">prefeito Jos\u00e9 Ronaldo<\/a>. Pedro Cicero Marcenio Silva e Petronio Oliveira Lima foram nomeados para ocuparem o cargo de Coordenador de Projetos Especiais N\u00edvel I.<\/p>\n<h2 class=\"wp-block-heading\" id=\"h-o-diario-oficial-trouxe-outras-nomeacoes\">O Di\u00e1rio Oficial trouxe outras nomea\u00e7\u00f5es:<\/h2>\n<p><strong>MATHEUS SILVA DE LACERDA<\/strong>, para o cargo Chefe da Divis\u00e3o Administrativa do Hospital Dr. Jos\u00e9 Eduacy Lins (Hospital da Crian\u00e7a), da Funda\u00e7\u00e3o Hospitalar de Feira de Santana, vinculada \u00e0 Secretaria Municipal de Sa\u00fade.<\/p>\n<p><strong>DOUGLAS SANTOS DA SILVA<\/strong>, para o cargo de Coordenador de Pol\u00edticas P\u00fablicas para Juventude, da Secretaria Municipal de Pol\u00edticas para Mulheres.<\/p>\n<p><strong>AGENILTON LIMA PEREIRA<\/strong>, para o cargo de Chefe da Divis\u00e3o de Gest\u00e3o de contratos e Autoriza\u00e7\u00e3o de Servi\u00e7os de Transportes, da Secretaria Municipal de Mobilidade Urbana.<\/p>\n<p><strong>PEDRO RAIMUNDO DE OLIVEIRA FREITAS<\/strong>, para o cargo de Coordenador de Projetos Especiais N\u00edvel IV, do Gabinete do Prefeito.<\/p>\n<p><strong>WELINGTON GON\u00c7ALVES VIT\u00d3RIO<\/strong>, para o cargo de Coordenador de Projetos Especiais N\u00edvel IV, do Gabinete do Prefeito.<\/p>\n<p><strong>IVANILSON GARCIA SOTO<\/strong>, para o cargo de Chefe da Divis\u00e3o de Recursos H\u00eddricos, da Secretaria Municipal de Agricultura, Recursos H\u00eddricos e Desenvolvimento Rural.<\/p>\n<p><em>Siga o Acorda Cidade no<\/em><a href=\"https:\/\/news.google.com\/search?q=acorda%20cidade&amp;hl=pt-BR&amp;gl=BR&amp;ceid=BR%3Apt-419\"><strong><em>\u00a0Google Not\u00edcias<\/em><\/strong><\/a><em>\u00a0e receba os principais destaques do dia. Participe tamb\u00e9m dos nossos canais no\u00a0<\/em><a href=\"https:\/\/www.whatsapp.com\/channel\/0029Va6Rb4v3WHTNnsh8WI3N\"><strong><em>WhatsApp<\/em><\/strong><\/a><em>\u00a0e\u00a0<\/em><a href=\"https:\/\/www.youtube.com\/@acordacidadenoticias\/videos\"><strong>Youtube<\/strong><\/a><em>\u00a0e grupo de\u00a0<\/em><a href=\"https:\/\/t.me\/+sSz0khrgARA0ZmRh\"><strong><em>Telegram<\/em><\/strong><\/a><em>.<\/em><\/p>\n<\/div>\n","protected":false},"excerpt":{"rendered":"<div>\n<div>\n<figure><img decoding=\"async\" src=\"https:\/\/uploads.acordacidade.com.br\/2025\/05\/Prefeitura-de-Feira-de-Santana-.jpg\" alt=\"Prefeitura de Feira de Santana nomeados\"><figcaption>Foto: Kaio Vinicius\/ Acorda Cidade <\/figcaption><\/figure>\n<\/div>\n<p>O Di\u00e1rio Oficial ainda trouxe outras nomea\u00e7\u00f5es. Confira:<\/p><\/div>\n","protected":false},"author":1,"featured_media":88625,"comment_status":"closed","ping_status":"closed","sticky":false,"template":"","format":"gallery","meta":{"footnotes":""},"categories":[8,9,6,57,56,10],"tags":[],"class_list":["post-88624","post","type-post","status-publish","format-gallery","has-post-thumbnail","hentry","category-bahia","category-brasil","category-feira-de-santana","category-mundo","category-policia","category-politica","post_format-post-format-gallery"],"featured_image_urls":{"full":["https:\/\/noticiasbahia360.com.br\/wp-content\/uploads\/2025\/06\/Prefeitura-de-Feira-de-Santana-.jpg",1422,844,false],"thumbnail":["https:\/\/noticiasbahia360.com.br\/wp-content\/uploads\/2025\/06\/Prefeitura-de-Feira-de-Santana--150x150.jpg",150,150,true],"medium":["https:\/\/noticiasbahia360.com.br\/wp-content\/uploads\/2025\/06\/Prefeitura-de-Feira-de-Santana--300x178.jpg",300,178,true],"medium_large":["https:\/\/noticiasbahia360.com.br\/wp-content\/uploads\/2025\/06\/Prefeitura-de-Feira-de-Santana--768x456.jpg",640,380,true],"large":["https:\/\/noticiasbahia360.com.br\/wp-content\/uploads\/2025\/06\/Prefeitura-de-Feira-de-Santana--1024x608.jpg",640,380,true],"1536x1536":["https:\/\/noticiasbahia360.com.br\/wp-content\/uploads\/2025\/06\/Prefeitura-de-Feira-de-Santana-.jpg",1422,844,false],"2048x2048":["https:\/\/noticiasbahia360.com.br\/wp-content\/uploads\/2025\/06\/Prefeitura-de-Feira-de-Santana-.jpg",1422,844,false],"chromenews-featured":["https:\/\/noticiasbahia360.com.br\/wp-content\/uploads\/2025\/06\/Prefeitura-de-Feira-de-Santana--1024x608.jpg",1024,608,true],"chromenews-large":["https:\/\/noticiasbahia360.com.br\/wp-content\/uploads\/2025\/06\/Prefeitura-de-Feira-de-Santana--825x575.jpg",825,575,true],"chromenews-medium":["https:\/\/noticiasbahia360.com.br\/wp-content\/uploads\/2025\/06\/Prefeitura-de-Feira-de-Santana--590x410.jpg",590,410,true]},"author_info":{"display_name":"noticiasbahia360.com.br","author_link":"https:\/\/noticiasbahia360.com.br\/?author=1"},"category_info":"<a href=\"https:\/\/noticiasbahia360.com.br\/?cat=8\" rel=\"category\">Bahia<\/a> <a href=\"https:\/\/noticiasbahia360.com.br\/?cat=9\" rel=\"category\">Brasil<\/a> <a href=\"https:\/\/noticiasbahia360.com.br\/?cat=6\" rel=\"category\">Feira de Santana<\/a> <a href=\"https:\/\/noticiasbahia360.com.br\/?cat=57\" rel=\"category\">Mundo<\/a> <a href=\"https:\/\/noticiasbahia360.com.br\/?cat=56\" rel=\"category\">Pol\u00edcia<\/a> <a href=\"https:\/\/noticiasbahia360.com.br\/?cat=10\" rel=\"category\">Pol\u00edtica<\/a>","tag_info":"Pol\u00edtica","comment_count":"0","_links":{"self":[{"href":"https:\/\/noticiasbahia360.com.br\/index.php?rest_route=\/wp\/v2\/posts\/88624","targetHints":{"allow":["GET"]}}],"collection":[{"href":"https:\/\/noticiasbahia360.com.br\/index.php?rest_route=\/wp\/v2\/posts"}],"about":[{"href":"https:\/\/noticiasbahia360.com.br\/index.php?rest_route=\/wp\/v2\/types\/post"}],"author":[{"embeddable":true,"href":"https:\/\/noticiasbahia360.com.br\/index.php?rest_route=\/wp\/v2\/users\/1"}],"replies":[{"embeddable":true,"href":"https:\/\/noticiasbahia360.com.br\/index.php?rest_route=%2Fwp%2Fv2%2Fcomments&post=88624"}],"version-history":[{"count":0,"href":"https:\/\/noticiasbahia360.com.br\/index.php?rest_route=\/wp\/v2\/posts\/88624\/revisions"}],"wp:featuredmedia":[{"embeddable":true,"href":"https:\/\/noticiasbahia360.com.br\/index.php?rest_route=\/wp\/v2\/media\/88625"}],"wp:attachment":[{"href":"https:\/\/noticiasbahia360.com.br\/index.php?rest_route=%2Fwp%2Fv2%2Fmedia&parent=88624"}],"wp:term":[{"taxonomy":"category","embeddable":true,"href":"https:\/\/noticiasbahia360.com.br\/index.php?rest_route=%2Fwp%2Fv2%2Fcategories&post=88624"},{"taxonomy":"post_tag","embeddable":true,"href":"https:\/\/noticiasbahia360.com.br\/index.php?rest_route=%2Fwp%2Fv2%2Ftags&post=88624"}],"curies":[{"name":"wp","href":"https:\/\/api.w.org\/{rel}","templated":true}]}}