{"id":88641,"date":"2025-06-03T21:15:56","date_gmt":"2025-06-04T00:15:56","guid":{"rendered":"https:\/\/noticiasbahia360.com.br\/?p=88641"},"modified":"2025-06-03T21:15:56","modified_gmt":"2025-06-04T00:15:56","slug":"homem-desaparecido-ha-dois-meses-e-encontrado-em-cima-de-arvore-na-base-aerea-de-salvador-bombeiros-tentam-resgate","status":"publish","type":"post","link":"https:\/\/noticiasbahia360.com.br\/?p=88641","title":{"rendered":"Homem desaparecido h\u00e1 dois meses \u00e9 encontrado em cima de \u00e1rvore na Base A\u00e9rea de Salvador; bombeiros tentam resgate"},"content":{"rendered":"<div>\n<div>\n<figure><img decoding=\"async\" src=\"http:\/\/noticiasbahia360.com.br\/wp-content\/uploads\/2025\/06\/bAo5QifB-homem-em-surto-em-cima-de-arvore.webp\" alt=\"homem em surto em cima de \u00e1rvore\"><figcaption>Foto: Corpo de Bombeiros<\/figcaption><\/figure>\n<\/div>\n<p>Um homem que estava desaparecido desde mar\u00e7o foi localizado em uma situa\u00e7\u00e3o delicada na Base A\u00e9rea de <a href=\"https:\/\/www.acordacidade.com.br\/tag\/salvador-3\/\">Salvador<\/a>. S\u00e9rgio Rodrigo Guimar\u00e3es, natural do Maranh\u00e3o, est\u00e1 h\u00e1 mais de 20 horas em cima de uma \u00e1rvore e, at\u00e9 o in\u00edcio da noite desta ter\u00e7a-feira (3), se recusava a descer. A suspeita \u00e9 que ele tenha tido um surto.\u00a0<\/p>\n<p>De acordo com o Corpo de Bombeiros de Salvador, a equipe atua na tentativa de resgate desde a noite de segunda-feira (2). Como estrat\u00e9gia, os bombeiros acionaram a fam\u00edlia de S\u00e9rgio, que saiu do Maranh\u00e3o e deve chegar \u00e0 capital baiana por volta das 14h, na tentativa de ajudar no convencimento para que ele des\u00e7a da \u00e1rvore com seguran\u00e7a.<\/p>\n<p>O caso chama aten\u00e7\u00e3o n\u00e3o apenas pela resist\u00eancia do homem em deixar o local, mas tamb\u00e9m pela liga\u00e7\u00e3o com seu desaparecimento, que durava dois meses. <\/p>\n<p>O Portal g1 que divulgou o caso, entrou em contato com a Pol\u00edcia Civil para obter mais detalhes sobre as circunst\u00e2ncias do desaparecimento, mas at\u00e9 o momento n\u00e3o houve retorno.<\/p>\n<p>Ainda no in\u00edcio desta noite, S\u00e9rgio segue no alto da \u00e1rvore, enquanto as equipes permanecem no local em busca de uma solu\u00e7\u00e3o segura para o resgate.<\/p>\n<p><em>Siga o Acorda Cidade no<\/em><a href=\"https:\/\/news.google.com\/search?q=acorda%20cidade&amp;hl=pt-BR&amp;gl=BR&amp;ceid=BR%3Apt-419\"><strong><em>\u00a0Google Not\u00edcias<\/em><\/strong><\/a><em>\u00a0e receba os principais destaques do dia. Participe tamb\u00e9m dos nossos canais no\u00a0<\/em><a href=\"https:\/\/www.whatsapp.com\/channel\/0029Va6Rb4v3WHTNnsh8WI3N\"><strong><em>WhatsApp<\/em><\/strong><\/a><em>\u00a0e\u00a0<\/em><a href=\"https:\/\/www.youtube.com\/@acordacidadenoticias\/videos\"><strong>YouTube<\/strong><\/a><em>\u00a0e do grupo no\u00a0<\/em><a href=\"https:\/\/t.me\/+sSz0khrgARA0ZmRh\"><strong><em>Telegram<\/em><\/strong><\/a><em>.<\/em><\/p>\n<\/div>\n","protected":false},"excerpt":{"rendered":"<div>\n<div>\n<figure><img decoding=\"async\" src=\"https:\/\/uploads.acordacidade.com.br\/2025\/06\/bAo5QifB-homem-em-surto-em-cima-de-arvore.webp\" alt=\"homem em surto em cima de \u00e1rvore\"><figcaption>Foto: Corpo de Bombeiros<\/figcaption><\/figure>\n<\/div>\n<p>Segundo o Corpo de Bombeiros, Sergio Rodrigo Guimar\u00e3es est\u00e1 em cima da \u00e1rvore desde segunda-feira (2) e se recusa a descer.<\/p><\/div>\n","protected":false},"author":1,"featured_media":88642,"comment_status":"closed","ping_status":"closed","sticky":false,"template":"","format":"gallery","meta":{"footnotes":""},"categories":[8,9,6,57,56,10],"tags":[],"class_list":["post-88641","post","type-post","status-publish","format-gallery","has-post-thumbnail","hentry","category-bahia","category-brasil","category-feira-de-santana","category-mundo","category-policia","category-politica","post_format-post-format-gallery"],"featured_image_urls":{"full":["https:\/\/noticiasbahia360.com.br\/wp-content\/uploads\/2025\/06\/bAo5QifB-homem-em-surto-em-cima-de-arvore.webp",1200,872,false],"thumbnail":["https:\/\/noticiasbahia360.com.br\/wp-content\/uploads\/2025\/06\/bAo5QifB-homem-em-surto-em-cima-de-arvore-150x150.webp",150,150,true],"medium":["https:\/\/noticiasbahia360.com.br\/wp-content\/uploads\/2025\/06\/bAo5QifB-homem-em-surto-em-cima-de-arvore-300x218.webp",300,218,true],"medium_large":["https:\/\/noticiasbahia360.com.br\/wp-content\/uploads\/2025\/06\/bAo5QifB-homem-em-surto-em-cima-de-arvore-768x558.webp",640,465,true],"large":["https:\/\/noticiasbahia360.com.br\/wp-content\/uploads\/2025\/06\/bAo5QifB-homem-em-surto-em-cima-de-arvore-1024x744.webp",640,465,true],"1536x1536":["https:\/\/noticiasbahia360.com.br\/wp-content\/uploads\/2025\/06\/bAo5QifB-homem-em-surto-em-cima-de-arvore.webp",1200,872,false],"2048x2048":["https:\/\/noticiasbahia360.com.br\/wp-content\/uploads\/2025\/06\/bAo5QifB-homem-em-surto-em-cima-de-arvore.webp",1200,872,false],"chromenews-featured":["https:\/\/noticiasbahia360.com.br\/wp-content\/uploads\/2025\/06\/bAo5QifB-homem-em-surto-em-cima-de-arvore-1024x744.webp",1024,744,true],"chromenews-large":["https:\/\/noticiasbahia360.com.br\/wp-content\/uploads\/2025\/06\/bAo5QifB-homem-em-surto-em-cima-de-arvore-825x575.webp",825,575,true],"chromenews-medium":["https:\/\/noticiasbahia360.com.br\/wp-content\/uploads\/2025\/06\/bAo5QifB-homem-em-surto-em-cima-de-arvore-590x410.webp",590,410,true]},"author_info":{"display_name":"noticiasbahia360.com.br","author_link":"https:\/\/noticiasbahia360.com.br\/?author=1"},"category_info":"<a href=\"https:\/\/noticiasbahia360.com.br\/?cat=8\" rel=\"category\">Bahia<\/a> <a href=\"https:\/\/noticiasbahia360.com.br\/?cat=9\" rel=\"category\">Brasil<\/a> <a href=\"https:\/\/noticiasbahia360.com.br\/?cat=6\" rel=\"category\">Feira de Santana<\/a> <a href=\"https:\/\/noticiasbahia360.com.br\/?cat=57\" rel=\"category\">Mundo<\/a> <a href=\"https:\/\/noticiasbahia360.com.br\/?cat=56\" rel=\"category\">Pol\u00edcia<\/a> <a href=\"https:\/\/noticiasbahia360.com.br\/?cat=10\" rel=\"category\">Pol\u00edtica<\/a>","tag_info":"Pol\u00edtica","comment_count":"0","_links":{"self":[{"href":"https:\/\/noticiasbahia360.com.br\/index.php?rest_route=\/wp\/v2\/posts\/88641","targetHints":{"allow":["GET"]}}],"collection":[{"href":"https:\/\/noticiasbahia360.com.br\/index.php?rest_route=\/wp\/v2\/posts"}],"about":[{"href":"https:\/\/noticiasbahia360.com.br\/index.php?rest_route=\/wp\/v2\/types\/post"}],"author":[{"embeddable":true,"href":"https:\/\/noticiasbahia360.com.br\/index.php?rest_route=\/wp\/v2\/users\/1"}],"replies":[{"embeddable":true,"href":"https:\/\/noticiasbahia360.com.br\/index.php?rest_route=%2Fwp%2Fv2%2Fcomments&post=88641"}],"version-history":[{"count":0,"href":"https:\/\/noticiasbahia360.com.br\/index.php?rest_route=\/wp\/v2\/posts\/88641\/revisions"}],"wp:featuredmedia":[{"embeddable":true,"href":"https:\/\/noticiasbahia360.com.br\/index.php?rest_route=\/wp\/v2\/media\/88642"}],"wp:attachment":[{"href":"https:\/\/noticiasbahia360.com.br\/index.php?rest_route=%2Fwp%2Fv2%2Fmedia&parent=88641"}],"wp:term":[{"taxonomy":"category","embeddable":true,"href":"https:\/\/noticiasbahia360.com.br\/index.php?rest_route=%2Fwp%2Fv2%2Fcategories&post=88641"},{"taxonomy":"post_tag","embeddable":true,"href":"https:\/\/noticiasbahia360.com.br\/index.php?rest_route=%2Fwp%2Fv2%2Ftags&post=88641"}],"curies":[{"name":"wp","href":"https:\/\/api.w.org\/{rel}","templated":true}]}}