{"id":88649,"date":"2025-06-03T21:40:31","date_gmt":"2025-06-04T00:40:31","guid":{"rendered":"https:\/\/noticiasbahia360.com.br\/?p=88649"},"modified":"2025-06-03T21:40:31","modified_gmt":"2025-06-04T00:40:31","slug":"mostra-denise-chaves-de-teatro-2025-tem-entrada-gratuita-confira-a-programacao","status":"publish","type":"post","link":"https:\/\/noticiasbahia360.com.br\/?p=88649","title":{"rendered":"Mostra Denise Chaves de Teatro 2025 tem entrada gratuita; confira a programa\u00e7\u00e3o"},"content":{"rendered":"<div>\n<div>\n<figure><img decoding=\"async\" src=\"http:\/\/noticiasbahia360.com.br\/wp-content\/uploads\/2025\/06\/Cuca-Uefs.jpg\" alt=\"Cuca - Uefs\"><figcaption>Foto: Divulga\u00e7\u00e3o\/Cuca-Uefs <\/figcaption><\/figure>\n<\/div>\n<p>Entre os dias 16 e 18 de junho, o <a href=\"https:\/\/www.acordacidade.com.br\/tag\/cuca\/\">Cuca<\/a>, atrav\u00e9s da Toca (Teatro Oficina do Cuca), promover\u00e1 a Semana de Resultados das Oficinas de Teatro do Cuca com a <strong>Mostra Denise Chaves de Teatro 2025<\/strong>, que ter\u00e1 24 espet\u00e1culos no Teatro Universit\u00e1rio do Cuca. A mostra promete uma programa\u00e7\u00e3o vasta e diversificada para todas as idades, com entrada solid\u00e1ria de 1kg de alimento n\u00e3o perec\u00edvel.<\/p>\n<p>A Mostra Denise Chaves de Teatro \u00e9 uma oportunidade \u00fanica para o p\u00fablico feirense apreciar o talento local, desde o teatro infantil e adolescente at\u00e9 produ\u00e7\u00f5es adultas e experimentais. Com pe\u00e7as que abordam temas diversos, de com\u00e9dias a dramas intensos, o evento refor\u00e7a o compromisso com a cultura e a forma\u00e7\u00e3o de novas audi\u00eancias.<\/p>\n<p>A iniciativa tamb\u00e9m se destaca pelo seu car\u00e1ter social. O ingresso para cada dia da mostra \u00e9 a doa\u00e7\u00e3o de 1kg de alimento, que ser\u00e1 destinado a institui\u00e7\u00f5es beneficentes. A cada dia, um tipo de alimento espec\u00edfico \u00e9 solicitado para otimizar as doa\u00e7\u00f5es:<br \/><strong><br \/>16 de junho:<\/strong><br \/>1kg de arroz (programa\u00e7\u00e3o da tarde) e 1kg de feij\u00e3o (programa\u00e7\u00e3o da noite).<\/p>\n<p><strong>17 de junho:<\/strong><br \/>2 pacotes de flocos de milho (programa\u00e7\u00e3o da tarde) e 2 pacotes de macarr\u00e3o (programa\u00e7\u00e3o da noite).<br \/><strong>\u00a0<br \/>18 de junho:<\/strong><br \/>1kg de a\u00e7\u00facar (para todas as sess\u00f5es).<\/p>\n<p><strong>Programa\u00e7\u00e3o Detalhada:<\/strong><\/p>\n<h2 class=\"wp-block-heading\" id=\"h-16-de-junho-segunda-feira\">16 de junho (Segunda-feira):<\/h2>\n<p><strong>Tarde:<br \/>14:30 \u2013 \u201cQuarto de Despejo: Di\u00e1rio de uma Favelada\u201d (Adolescente Integrado). Dire\u00e7\u00e3o: Kleyverson Rodrigues.<br \/>15:10 \u2013 \u201cNossa Turma em: Luz, Cena, Teatro\u201d (Infantojuvenil Integrado II \u2013 T01). Dire\u00e7\u00e3o: Ana Cla\u00fadia<br \/>15:50 \u2013 \u201cA Cabe\u00e7a do Santo\u201d (Adolescente I \u2013 T01).<br \/>Dire\u00e7\u00e3o: Kleyverson Rodrigues.<br \/>16:30 \u2013 \u201cSonhar \u00e9 Viver\u201d (Adolescer Integrado II).<br \/>Dire\u00e7\u00e3o: Ana Cla\u00fadia<\/strong><\/p>\n<p><strong>Noite:<br \/>18:30 \u2013 \u201cO Juramento de R\u00e1\u201d (Adolescente II \u2013 T01).<br \/>Dire\u00e7\u00e3o: Marcos Machado<br \/>19:10 \u2013 \u201cCad\u00ea os Encantados?!\u201d (Adolescente I \u2013 T02).<br \/>Dire\u00e7\u00e3o: Ana Cla\u00fadia<br \/>19:50 \u2013 \u201cSociedade Alternativa\u201d (Montagem Juvenil \u2013 T02).<br \/>Dire\u00e7\u00e3o: Lion Guimar\u00e3es<br \/>20:30 \u2013 \u201cNunca Mais!\u201d (Montagem Juvenil \u2013 T01).<br \/>Dire\u00e7\u00e3o: Marcos Machado<br \/>21:10 \u2013 \u201cPoderia Ser Mais Uma Trag\u00e9dia\u201d (Adulto I \u2013 T01).<br \/>Dire\u00e7\u00e3o: Zeus Oliveira<\/strong><\/p>\n<h2 class=\"wp-block-heading\" id=\"h-17-de-junho-terca-feira\">17 de junho (Ter\u00e7a-feira):<\/h2>\n<p><strong>Tarde:<br \/>15:10 \u2013 \u201cO Pr\u00edncipe Atrasado\u201d (Infantil II \u2013 T02).<br \/>Dire\u00e7\u00e3o: Ive-Anne Stanchi<br \/>15:50 \u2013 \u201cO Filtro da Disc\u00f3rdia\u201d (Infantil I \u2013 T01).<br \/>Dire\u00e7\u00e3o: Kleyverson Rodrigues.<br \/>16:30 \u2013 \u201cA Lenda de Su\u201d (Infantil Integrado Avan\u00e7ado).<br \/>Dire\u00e7\u00e3o: Ive-Anne Stanchi<br \/>17:10 \u2013 \u201cC\u00f3digo Escondido\u201d (Adolescer I \u2013 T01).<br \/>Dire\u00e7\u00e3o: Kleyverson Rodrigues.<br \/>17:40 \u2013 \u201cO Pr\u00edncipe que Bocejava\u201d (Infantil Integrado I).<br \/>Dire\u00e7\u00e3o: Ive-Anne Stanchi<\/strong><\/p>\n<p><strong>Noite:<br \/>18:30 \u2013 \u201cQuem Mandou Abrir Aquela Porta?\u201d (Adulto I \u2013 T02).<br \/>Dire\u00e7\u00e3o: Marcos Machado<br \/>19:10 \u2013 \u201c\u00c0s Vezes Eu Quero Chorar, Mas o Dia Nasce e Eu Esque\u00e7o\u201d (Adulto II- T01).<br \/>Dire\u00e7\u00e3o: Zeus Oliveira<br \/>19:50 \u2013 \u201cQuase Tudo em Fam\u00edlia me Irrita\u201d (Adulto I \u2013 T04).<br \/>Dire\u00e7\u00e3o: Fernando Souza<br \/>20:30 \u2013 \u201cO Trabalho Mais Antigo (e Maluco) do Mundo\u201d (Adulto II \u2013 T02).<br \/>Dire\u00e7\u00e3o: Marcos Machado<br \/>21:10 \u2013 \u201cGeni e o Zepelim\u201d (Montagem de Espet\u00e1culo I).<br \/>Dire\u00e7\u00e3o: Geovane Mascarenhas.<\/strong><\/p>\n<h2 class=\"wp-block-heading\" id=\"h-18-de-junho-quarta-feira\">18 de junho (Quarta-feira):<\/h2>\n<p><strong>Noite:<br \/>18:30 \u2013 \u201cHist\u00f3rias Absurdas\u201d (Teatro do Absurdo).<br \/>Dire\u00e7\u00e3o: Enjolras de Oliveira<br \/>19:10 \u2013 \u201cEntre Fios e Pontes \u2013 Caminhos Ancestrais\u201d (Dan\u00e7a Teatro).<br \/>Dire\u00e7\u00e3o: Kadu Fragoso<br \/>19:50 \u2013 \u201cZum Zum Zum\u201d (Montagem de Espet\u00e1culo AV).<br \/>Dire\u00e7\u00e3o: Geovane Mascarenhas.<br \/>20:30 \u2013 \u201cBrega Rodrigues\u201d (Teatro Brasileiro: Nelson Rodrigues).<br \/>Dire\u00e7\u00e3o: Enjolras de Oliveira<br \/>21:10 \u2013 \u201cCal\u00e7adas Invis\u00edveis\u201d (Brecht).<br \/>Dire\u00e7\u00e3o: Fernando Souza<\/strong><\/p>\n<p><strong>Evento: Mostra Denise Chaves de Teatro 2025<br \/>Quando: 16 a 18 de junho de 2025<br \/>Local: CUCA (Centro Universit\u00e1rio de Cultura e Arte), Rua Conselheiro Franco, 66 \u2013 Centro, Feira de Santana \u2013 BA, 44002-128. Entrada: 1kg de alimento n\u00e3o perec\u00edvel (tipo de alimento varia por dia e sess\u00e3o)<\/strong><\/p>\n<p><em>Siga o Acorda Cidade no<\/em><a href=\"https:\/\/news.google.com\/search?q=acorda%20cidade&amp;hl=pt-BR&amp;gl=BR&amp;ceid=BR%3Apt-419\"><strong><em>\u00a0Google Not\u00edcias<\/em><\/strong><\/a><em>\u00a0e receba os principais destaques do dia. Participe tamb\u00e9m dos nossos canais no\u00a0<\/em><a href=\"https:\/\/www.whatsapp.com\/channel\/0029Va6Rb4v3WHTNnsh8WI3N\"><strong><em>WhatsApp<\/em><\/strong><\/a><em>\u00a0e\u00a0<\/em><a href=\"https:\/\/www.youtube.com\/@acordacidadenoticias\/videos\"><strong>Youtube<\/strong><\/a><em>\u00a0e grupo de\u00a0<\/em><a href=\"https:\/\/t.me\/+sSz0khrgARA0ZmRh\"><strong><em>Telegram<\/em><\/strong><\/a><em>.<\/em><\/p>\n<\/div>\n","protected":false},"excerpt":{"rendered":"<div>\n<div>\n<figure><img decoding=\"async\" src=\"https:\/\/uploads.acordacidade.com.br\/2025\/03\/Cuca-Uefs.jpg\" alt=\"Cuca - Uefs\"><figcaption>Foto: Divulga\u00e7\u00e3o\/Cuca-Uefs <\/figcaption><\/figure>\n<\/div>\n<p>A Mostra Denise Chaves de Teatro \u00e9 uma oportunidade \u00fanica para o p\u00fablico feirense apreciar o talento local.<\/p><\/div>\n","protected":false},"author":1,"featured_media":88650,"comment_status":"closed","ping_status":"closed","sticky":false,"template":"","format":"gallery","meta":{"footnotes":""},"categories":[8,9,6,57,56,10],"tags":[],"class_list":["post-88649","post","type-post","status-publish","format-gallery","has-post-thumbnail","hentry","category-bahia","category-brasil","category-feira-de-santana","category-mundo","category-policia","category-politica","post_format-post-format-gallery"],"featured_image_urls":{"full":["https:\/\/noticiasbahia360.com.br\/wp-content\/uploads\/2025\/06\/Cuca-Uefs.jpg",1920,1080,false],"thumbnail":["https:\/\/noticiasbahia360.com.br\/wp-content\/uploads\/2025\/06\/Cuca-Uefs-150x150.jpg",150,150,true],"medium":["https:\/\/noticiasbahia360.com.br\/wp-content\/uploads\/2025\/06\/Cuca-Uefs-300x169.jpg",300,169,true],"medium_large":["https:\/\/noticiasbahia360.com.br\/wp-content\/uploads\/2025\/06\/Cuca-Uefs-768x432.jpg",640,360,true],"large":["https:\/\/noticiasbahia360.com.br\/wp-content\/uploads\/2025\/06\/Cuca-Uefs-1024x576.jpg",640,360,true],"1536x1536":["https:\/\/noticiasbahia360.com.br\/wp-content\/uploads\/2025\/06\/Cuca-Uefs-1536x864.jpg",1536,864,true],"2048x2048":["https:\/\/noticiasbahia360.com.br\/wp-content\/uploads\/2025\/06\/Cuca-Uefs.jpg",1920,1080,false],"chromenews-featured":["https:\/\/noticiasbahia360.com.br\/wp-content\/uploads\/2025\/06\/Cuca-Uefs-1024x576.jpg",1024,576,true],"chromenews-large":["https:\/\/noticiasbahia360.com.br\/wp-content\/uploads\/2025\/06\/Cuca-Uefs-825x575.jpg",825,575,true],"chromenews-medium":["https:\/\/noticiasbahia360.com.br\/wp-content\/uploads\/2025\/06\/Cuca-Uefs-590x410.jpg",590,410,true]},"author_info":{"display_name":"noticiasbahia360.com.br","author_link":"https:\/\/noticiasbahia360.com.br\/?author=1"},"category_info":"<a href=\"https:\/\/noticiasbahia360.com.br\/?cat=8\" rel=\"category\">Bahia<\/a> <a href=\"https:\/\/noticiasbahia360.com.br\/?cat=9\" rel=\"category\">Brasil<\/a> <a href=\"https:\/\/noticiasbahia360.com.br\/?cat=6\" rel=\"category\">Feira de Santana<\/a> <a href=\"https:\/\/noticiasbahia360.com.br\/?cat=57\" rel=\"category\">Mundo<\/a> <a href=\"https:\/\/noticiasbahia360.com.br\/?cat=56\" rel=\"category\">Pol\u00edcia<\/a> <a href=\"https:\/\/noticiasbahia360.com.br\/?cat=10\" rel=\"category\">Pol\u00edtica<\/a>","tag_info":"Pol\u00edtica","comment_count":"0","_links":{"self":[{"href":"https:\/\/noticiasbahia360.com.br\/index.php?rest_route=\/wp\/v2\/posts\/88649","targetHints":{"allow":["GET"]}}],"collection":[{"href":"https:\/\/noticiasbahia360.com.br\/index.php?rest_route=\/wp\/v2\/posts"}],"about":[{"href":"https:\/\/noticiasbahia360.com.br\/index.php?rest_route=\/wp\/v2\/types\/post"}],"author":[{"embeddable":true,"href":"https:\/\/noticiasbahia360.com.br\/index.php?rest_route=\/wp\/v2\/users\/1"}],"replies":[{"embeddable":true,"href":"https:\/\/noticiasbahia360.com.br\/index.php?rest_route=%2Fwp%2Fv2%2Fcomments&post=88649"}],"version-history":[{"count":0,"href":"https:\/\/noticiasbahia360.com.br\/index.php?rest_route=\/wp\/v2\/posts\/88649\/revisions"}],"wp:featuredmedia":[{"embeddable":true,"href":"https:\/\/noticiasbahia360.com.br\/index.php?rest_route=\/wp\/v2\/media\/88650"}],"wp:attachment":[{"href":"https:\/\/noticiasbahia360.com.br\/index.php?rest_route=%2Fwp%2Fv2%2Fmedia&parent=88649"}],"wp:term":[{"taxonomy":"category","embeddable":true,"href":"https:\/\/noticiasbahia360.com.br\/index.php?rest_route=%2Fwp%2Fv2%2Fcategories&post=88649"},{"taxonomy":"post_tag","embeddable":true,"href":"https:\/\/noticiasbahia360.com.br\/index.php?rest_route=%2Fwp%2Fv2%2Ftags&post=88649"}],"curies":[{"name":"wp","href":"https:\/\/api.w.org\/{rel}","templated":true}]}}