{"id":88658,"date":"2025-06-03T22:33:23","date_gmt":"2025-06-04T01:33:23","guid":{"rendered":"https:\/\/noticiasbahia360.com.br\/?p=88658"},"modified":"2025-06-03T22:33:23","modified_gmt":"2025-06-04T01:33:23","slug":"policiais-frustram-tentativa-de-assalto-em-conceicao-do-jacuipe-houve-troca-de-tiros","status":"publish","type":"post","link":"https:\/\/noticiasbahia360.com.br\/?p=88658","title":{"rendered":"Policiais frustram tentativa de assalto em Concei\u00e7\u00e3o do Jacu\u00edpe; houve troca de tiros"},"content":{"rendered":"<div>\n<div>\n<figure><img decoding=\"async\" src=\"http:\/\/noticiasbahia360.com.br\/wp-content\/uploads\/2025\/06\/policia-militar-pm-imagem-ilustrativa-foto-ssp-bahia.jpg\" alt=\"pol\u00edcia militar\"><figcaption>Foto: Ilustrativa\/SSP-BA<\/figcaption><\/figure>\n<\/div>\n<p>Uma <a href=\"https:\/\/www.acordacidade.com.br\/tag\/tentativa-de-assalto\/\">tentativa de assalto<\/a>, que pode ter sido acompanhada de uma tentativa de sequestro, mobilizou policiais da <a href=\"https:\/\/www.acordacidade.com.br\/tag\/rondesp-leste\/\">Rondesp Leste<\/a> na noite desta ter\u00e7a-feira (3), na cidade de <a href=\"https:\/\/www.acordacidade.com.br\/tag\/conceicao-do-jacuipe\/\">Concei\u00e7\u00e3o do Jacu\u00edpe<\/a>, no interior da Bahia.<\/p>\n<p>O caso aconteceu por volta das 19h30, na localidade conhecida como Fazenda Volta, zona rural do munic\u00edpio. De acordo com informa\u00e7\u00f5es da Pol\u00edcia Militar, a guarni\u00e7\u00e3o da Rondesp Leste realizava rondas pela BR-101, nas imedia\u00e7\u00f5es do distrito de Lustosa (Teodoro Sampaio), quando foi acionada pelo Cicom sobre uma ocorr\u00eancia de tentativa de assalto contra um homem na entrada de sua propriedade.<\/p>\n<p>Ao chegar ao local, os policiais foram recebidos com disparos de arma de fogo efetuados por quatro suspeitos. A equipe reagiu e, durante a troca de tiros, os homens fugiram em dire\u00e7\u00e3o a uma \u00e1rea de mata fechada.<\/p>\n<p>Na fuga, os suspeitos abandonaram uma pochete contendo pertences pessoais, que foi apreendida pela guarni\u00e7\u00e3o. A v\u00edtima, identificada como Pablo Peron Silva de Andrade, estava escondida e, ap\u00f3s perceber que a situa\u00e7\u00e3o havia sido controlada, se apresentou aos policiais e relatou como tudo aconteceu.<\/p>\n<p>O material apreendido, assim como o ve\u00edculo da v\u00edtima, foram encaminhados para a Delegacia Territorial de Santo Amaro, onde foram adotadas as medidas cab\u00edveis.<\/p>\n<p>At\u00e9 o momento, os suspeitos n\u00e3o foram localizados.<\/p>\n<p><em>Com informa\u00e7\u00f5es do rep\u00f3rter Ed Santos do Acorda Cidade<\/em><\/p>\n<p><em>Siga o Acorda Cidade no<\/em><a href=\"https:\/\/news.google.com\/search?q=acorda%20cidade&amp;hl=pt-BR&amp;gl=BR&amp;ceid=BR%3Apt-419\"><strong><em>\u00a0Google Not\u00edcias<\/em><\/strong><\/a><em>\u00a0e receba os principais destaques do dia. Participe tamb\u00e9m dos nossos canais no\u00a0<\/em><a href=\"https:\/\/www.whatsapp.com\/channel\/0029Va6Rb4v3WHTNnsh8WI3N\"><strong><em>WhatsApp<\/em><\/strong><\/a><em>\u00a0e\u00a0<\/em><a href=\"https:\/\/www.youtube.com\/@acordacidadenoticias\/videos\"><strong>Youtube<\/strong><\/a><em>\u00a0e grupo de\u00a0<\/em><a href=\"https:\/\/t.me\/+sSz0khrgARA0ZmRh\"><strong><em>Telegram<\/em><\/strong><\/a><em>.<\/em><\/p>\n<\/div>\n","protected":false},"excerpt":{"rendered":"<div>\n<div>\n<figure><img decoding=\"async\" src=\"https:\/\/uploads.acordacidade.com.br\/wp-content\/uploads\/2024\/02\/11065832\/policia-militar-pm-imagem-ilustrativa-foto-ssp-bahia.jpg\" alt=\"pol\u00edcia militar\"><figcaption>Foto: Ilustrativa\/SSP-BA<\/figcaption><\/figure>\n<\/div>\n<p>Ao chegar ao local, os policiais foram recebidos com disparos de arma de fogo efetuados por quatro suspeitos.<\/p><\/div>\n","protected":false},"author":1,"featured_media":88659,"comment_status":"closed","ping_status":"closed","sticky":false,"template":"","format":"gallery","meta":{"footnotes":""},"categories":[8,9,6,57,56,10],"tags":[],"class_list":["post-88658","post","type-post","status-publish","format-gallery","has-post-thumbnail","hentry","category-bahia","category-brasil","category-feira-de-santana","category-mundo","category-policia","category-politica","post_format-post-format-gallery"],"featured_image_urls":{"full":["https:\/\/noticiasbahia360.com.br\/wp-content\/uploads\/2025\/06\/policia-militar-pm-imagem-ilustrativa-foto-ssp-bahia.jpg",640,423,false],"thumbnail":["https:\/\/noticiasbahia360.com.br\/wp-content\/uploads\/2025\/06\/policia-militar-pm-imagem-ilustrativa-foto-ssp-bahia-150x150.jpg",150,150,true],"medium":["https:\/\/noticiasbahia360.com.br\/wp-content\/uploads\/2025\/06\/policia-militar-pm-imagem-ilustrativa-foto-ssp-bahia-300x198.jpg",300,198,true],"medium_large":["https:\/\/noticiasbahia360.com.br\/wp-content\/uploads\/2025\/06\/policia-militar-pm-imagem-ilustrativa-foto-ssp-bahia.jpg",640,423,false],"large":["https:\/\/noticiasbahia360.com.br\/wp-content\/uploads\/2025\/06\/policia-militar-pm-imagem-ilustrativa-foto-ssp-bahia.jpg",640,423,false],"1536x1536":["https:\/\/noticiasbahia360.com.br\/wp-content\/uploads\/2025\/06\/policia-militar-pm-imagem-ilustrativa-foto-ssp-bahia.jpg",640,423,false],"2048x2048":["https:\/\/noticiasbahia360.com.br\/wp-content\/uploads\/2025\/06\/policia-militar-pm-imagem-ilustrativa-foto-ssp-bahia.jpg",640,423,false],"chromenews-featured":["https:\/\/noticiasbahia360.com.br\/wp-content\/uploads\/2025\/06\/policia-militar-pm-imagem-ilustrativa-foto-ssp-bahia.jpg",640,423,false],"chromenews-large":["https:\/\/noticiasbahia360.com.br\/wp-content\/uploads\/2025\/06\/policia-militar-pm-imagem-ilustrativa-foto-ssp-bahia.jpg",640,423,false],"chromenews-medium":["https:\/\/noticiasbahia360.com.br\/wp-content\/uploads\/2025\/06\/policia-militar-pm-imagem-ilustrativa-foto-ssp-bahia-590x410.jpg",590,410,true]},"author_info":{"display_name":"noticiasbahia360.com.br","author_link":"https:\/\/noticiasbahia360.com.br\/?author=1"},"category_info":"<a href=\"https:\/\/noticiasbahia360.com.br\/?cat=8\" rel=\"category\">Bahia<\/a> <a href=\"https:\/\/noticiasbahia360.com.br\/?cat=9\" rel=\"category\">Brasil<\/a> <a href=\"https:\/\/noticiasbahia360.com.br\/?cat=6\" rel=\"category\">Feira de Santana<\/a> <a href=\"https:\/\/noticiasbahia360.com.br\/?cat=57\" rel=\"category\">Mundo<\/a> <a href=\"https:\/\/noticiasbahia360.com.br\/?cat=56\" rel=\"category\">Pol\u00edcia<\/a> <a href=\"https:\/\/noticiasbahia360.com.br\/?cat=10\" rel=\"category\">Pol\u00edtica<\/a>","tag_info":"Pol\u00edtica","comment_count":"0","_links":{"self":[{"href":"https:\/\/noticiasbahia360.com.br\/index.php?rest_route=\/wp\/v2\/posts\/88658","targetHints":{"allow":["GET"]}}],"collection":[{"href":"https:\/\/noticiasbahia360.com.br\/index.php?rest_route=\/wp\/v2\/posts"}],"about":[{"href":"https:\/\/noticiasbahia360.com.br\/index.php?rest_route=\/wp\/v2\/types\/post"}],"author":[{"embeddable":true,"href":"https:\/\/noticiasbahia360.com.br\/index.php?rest_route=\/wp\/v2\/users\/1"}],"replies":[{"embeddable":true,"href":"https:\/\/noticiasbahia360.com.br\/index.php?rest_route=%2Fwp%2Fv2%2Fcomments&post=88658"}],"version-history":[{"count":0,"href":"https:\/\/noticiasbahia360.com.br\/index.php?rest_route=\/wp\/v2\/posts\/88658\/revisions"}],"wp:featuredmedia":[{"embeddable":true,"href":"https:\/\/noticiasbahia360.com.br\/index.php?rest_route=\/wp\/v2\/media\/88659"}],"wp:attachment":[{"href":"https:\/\/noticiasbahia360.com.br\/index.php?rest_route=%2Fwp%2Fv2%2Fmedia&parent=88658"}],"wp:term":[{"taxonomy":"category","embeddable":true,"href":"https:\/\/noticiasbahia360.com.br\/index.php?rest_route=%2Fwp%2Fv2%2Fcategories&post=88658"},{"taxonomy":"post_tag","embeddable":true,"href":"https:\/\/noticiasbahia360.com.br\/index.php?rest_route=%2Fwp%2Fv2%2Ftags&post=88658"}],"curies":[{"name":"wp","href":"https:\/\/api.w.org\/{rel}","templated":true}]}}