{"id":88668,"date":"2025-06-04T08:05:25","date_gmt":"2025-06-04T11:05:25","guid":{"rendered":"https:\/\/noticiasbahia360.com.br\/?p=88668"},"modified":"2025-06-04T08:05:25","modified_gmt":"2025-06-04T11:05:25","slug":"oab-feira-comissao-de-familia-e-cartorio-integrado-realizam-encontro","status":"publish","type":"post","link":"https:\/\/noticiasbahia360.com.br\/?p=88668","title":{"rendered":"OAB Feira: Comiss\u00e3o de Fam\u00edlia e Cart\u00f3rio Integrado realizam encontro"},"content":{"rendered":"<div>\n<div>\n<figure><img decoding=\"async\" src=\"http:\/\/noticiasbahia360.com.br\/wp-content\/uploads\/2025\/06\/oabafamilia_divulgacao.jpg\" alt=\"OAB Fam\u00edlia\"><figcaption>Foto: Divulga\u00e7\u00e3o<\/figcaption><\/figure>\n<\/div>\n<p>A Comiss\u00e3o de Direito das Fam\u00edlias da <a href=\"https:\/\/www.acordacidade.com.br\/tag\/oab\/\">OAB<\/a> Subse\u00e7\u00e3o Feira de Santana se reuniu, no fim de maio, com representantes do Cart\u00f3rio Integrado de Feira de Santana, a fim de alinhar a comunica\u00e7\u00e3o entre a comiss\u00e3o e o \u00f3rg\u00e3o, bem como garantir o cumprimento dos atos durante o per\u00edodo de greve dos servidores. Tamb\u00e9m foi discutida, na ocasi\u00e3o, como tratar a designa\u00e7\u00e3o das audi\u00eancias pelo CEJUSC (Centro Judici\u00e1rio de Solu\u00e7\u00e3o de Conflitos e Cidadania).<\/p>\n<p>Para Tailanne Pecorelli, presidente da comiss\u00e3o, \u201co di\u00e1logo institucional \u00e9 essencial para a efetividade da justi\u00e7a e para a prote\u00e7\u00e3o dos direitos das fam\u00edlias\u201d. Participaram da reuni\u00e3o, al\u00e9m de Tailanne Pecorelli, a advogada Fernanda Beatriz, integrante da comiss\u00e3o; a supervisora do Cart\u00f3rio Integrado, Monaliza Ferreira, e o diretor de cumprimento do Cart\u00f3rio, Dinikson Mascarenhas.<\/p>\n<p>Recentemente foi informado pelo pr\u00f3prio Cart\u00f3rio Integrado, ap\u00f3s contato telef\u00f4nico, acerca do funcionamento da unidade; foi dito que, durante o per\u00edodo de greve, est\u00e1 havendo ac\u00famulo de trabalho, mas os diretores e a supervis\u00e3o n\u00e3o est\u00e3o em greve. Mais informa\u00e7\u00f5es no Instagram da comiss\u00e3o: <a href=\"https:\/\/www.instagram.com\/oabfamiliafsa\/\" target=\"_blank\" rel=\"noreferrer noopener\">@oabfamiliafsa<\/a>.<\/p>\n<p><em>Siga o Acorda Cidade no<\/em><a href=\"https:\/\/news.google.com\/search?q=acorda%20cidade&amp;hl=pt-BR&amp;gl=BR&amp;ceid=BR%3Apt-419\"><strong><em> Google Not\u00edcias<\/em><\/strong><\/a><em> e receba os principais destaques do dia. Participe tamb\u00e9m dos nossos canais no <\/em><a href=\"https:\/\/whatsapp.com\/channel\/0029Va6Rb4v3WHTNnsh8WI3N\"><strong><em>WhatsApp<\/em><\/strong><\/a><em> e <\/em><a href=\"https:\/\/www.youtube.com\/@acordacidadenoticias\/videos\"><strong>Youtube<\/strong><\/a><em> e grupo de <\/em><a href=\"https:\/\/t.me\/+sSz0khrgARA0ZmRh\"><strong><em>Telegram<\/em><\/strong><\/a><em>.<\/em><\/p>\n<\/div>\n","protected":false},"excerpt":{"rendered":"<div>\n<div>\n<figure><img decoding=\"async\" src=\"https:\/\/uploads.acordacidade.com.br\/2025\/06\/oabafamilia_divulgacao.jpg\" alt=\"OAB Fam\u00edlia\"><figcaption>Foto: Divulga\u00e7\u00e3o<\/figcaption><\/figure>\n<\/div>\n<p>Participaram da reuni\u00e3o, Tailanne Pecorelli, Fernanda Beatriz, Monaliza Ferreira, e Dinikson Mascarenhas.<\/p><\/div>\n","protected":false},"author":1,"featured_media":88669,"comment_status":"closed","ping_status":"closed","sticky":false,"template":"","format":"gallery","meta":{"footnotes":""},"categories":[8,9,6,57,56,10],"tags":[],"class_list":["post-88668","post","type-post","status-publish","format-gallery","has-post-thumbnail","hentry","category-bahia","category-brasil","category-feira-de-santana","category-mundo","category-policia","category-politica","post_format-post-format-gallery"],"featured_image_urls":{"full":["https:\/\/noticiasbahia360.com.br\/wp-content\/uploads\/2025\/06\/oabafamilia_divulgacao.jpg",1200,831,false],"thumbnail":["https:\/\/noticiasbahia360.com.br\/wp-content\/uploads\/2025\/06\/oabafamilia_divulgacao-150x150.jpg",150,150,true],"medium":["https:\/\/noticiasbahia360.com.br\/wp-content\/uploads\/2025\/06\/oabafamilia_divulgacao-300x208.jpg",300,208,true],"medium_large":["https:\/\/noticiasbahia360.com.br\/wp-content\/uploads\/2025\/06\/oabafamilia_divulgacao-768x532.jpg",640,443,true],"large":["https:\/\/noticiasbahia360.com.br\/wp-content\/uploads\/2025\/06\/oabafamilia_divulgacao-1024x709.jpg",640,443,true],"1536x1536":["https:\/\/noticiasbahia360.com.br\/wp-content\/uploads\/2025\/06\/oabafamilia_divulgacao.jpg",1200,831,false],"2048x2048":["https:\/\/noticiasbahia360.com.br\/wp-content\/uploads\/2025\/06\/oabafamilia_divulgacao.jpg",1200,831,false],"chromenews-featured":["https:\/\/noticiasbahia360.com.br\/wp-content\/uploads\/2025\/06\/oabafamilia_divulgacao-1024x709.jpg",1024,709,true],"chromenews-large":["https:\/\/noticiasbahia360.com.br\/wp-content\/uploads\/2025\/06\/oabafamilia_divulgacao-825x575.jpg",825,575,true],"chromenews-medium":["https:\/\/noticiasbahia360.com.br\/wp-content\/uploads\/2025\/06\/oabafamilia_divulgacao-590x410.jpg",590,410,true]},"author_info":{"display_name":"noticiasbahia360.com.br","author_link":"https:\/\/noticiasbahia360.com.br\/?author=1"},"category_info":"<a href=\"https:\/\/noticiasbahia360.com.br\/?cat=8\" rel=\"category\">Bahia<\/a> <a href=\"https:\/\/noticiasbahia360.com.br\/?cat=9\" rel=\"category\">Brasil<\/a> <a href=\"https:\/\/noticiasbahia360.com.br\/?cat=6\" rel=\"category\">Feira de Santana<\/a> <a href=\"https:\/\/noticiasbahia360.com.br\/?cat=57\" rel=\"category\">Mundo<\/a> <a href=\"https:\/\/noticiasbahia360.com.br\/?cat=56\" rel=\"category\">Pol\u00edcia<\/a> <a href=\"https:\/\/noticiasbahia360.com.br\/?cat=10\" rel=\"category\">Pol\u00edtica<\/a>","tag_info":"Pol\u00edtica","comment_count":"0","_links":{"self":[{"href":"https:\/\/noticiasbahia360.com.br\/index.php?rest_route=\/wp\/v2\/posts\/88668","targetHints":{"allow":["GET"]}}],"collection":[{"href":"https:\/\/noticiasbahia360.com.br\/index.php?rest_route=\/wp\/v2\/posts"}],"about":[{"href":"https:\/\/noticiasbahia360.com.br\/index.php?rest_route=\/wp\/v2\/types\/post"}],"author":[{"embeddable":true,"href":"https:\/\/noticiasbahia360.com.br\/index.php?rest_route=\/wp\/v2\/users\/1"}],"replies":[{"embeddable":true,"href":"https:\/\/noticiasbahia360.com.br\/index.php?rest_route=%2Fwp%2Fv2%2Fcomments&post=88668"}],"version-history":[{"count":0,"href":"https:\/\/noticiasbahia360.com.br\/index.php?rest_route=\/wp\/v2\/posts\/88668\/revisions"}],"wp:featuredmedia":[{"embeddable":true,"href":"https:\/\/noticiasbahia360.com.br\/index.php?rest_route=\/wp\/v2\/media\/88669"}],"wp:attachment":[{"href":"https:\/\/noticiasbahia360.com.br\/index.php?rest_route=%2Fwp%2Fv2%2Fmedia&parent=88668"}],"wp:term":[{"taxonomy":"category","embeddable":true,"href":"https:\/\/noticiasbahia360.com.br\/index.php?rest_route=%2Fwp%2Fv2%2Fcategories&post=88668"},{"taxonomy":"post_tag","embeddable":true,"href":"https:\/\/noticiasbahia360.com.br\/index.php?rest_route=%2Fwp%2Fv2%2Ftags&post=88668"}],"curies":[{"name":"wp","href":"https:\/\/api.w.org\/{rel}","templated":true}]}}