{"id":88670,"date":"2025-06-04T08:11:33","date_gmt":"2025-06-04T11:11:33","guid":{"rendered":"https:\/\/noticiasbahia360.com.br\/?p=88670"},"modified":"2025-06-04T08:11:33","modified_gmt":"2025-06-04T11:11:33","slug":"bahia-sediara-a-25a-conferencia-nacional-da-advocacia-em-2026","status":"publish","type":"post","link":"https:\/\/noticiasbahia360.com.br\/?p=88670","title":{"rendered":"Bahia sediar\u00e1 a 25\u00aa Confer\u00eancia Nacional da Advocacia em 2026"},"content":{"rendered":"<div>\n<div>\n<figure><img decoding=\"async\" src=\"http:\/\/noticiasbahia360.com.br\/wp-content\/uploads\/2025\/06\/conferencianacionaldaadvocacia_oab.jpg\" alt=\"Confer\u00eancia Nacional da Advocacia\"><figcaption>Foto: OAB<\/figcaption><\/figure>\n<\/div>\n<p>\u201cPorque a Bahia\u2026 a Bahia \u00e9 o mundo!\u201d\ud83c\udf0d. A frase \u00e9 da presidente da <a href=\"https:\/\/www.acordacidade.com.br\/tag\/oab\/\">OAB<\/a> Seccional Bahia, Daniela Borges, ao anunciar, nos \u00faltimos dias, que a capital baiana ser\u00e1 palco para a 25\u00aa Confer\u00eancia Nacional da Advocacia em 2026, o maior congresso jur\u00eddico do mundo.<\/p>\n<p>A OAB Subse\u00e7\u00e3o Feira de Santana, atrav\u00e9s da sua presidente, Lorena Peixoto, celebra com \u201calegria e honra essa conquista hist\u00f3rica, fruto da for\u00e7a e da uni\u00e3o da advocacia baiana\u201d.<\/p>\n<p>A confirma\u00e7\u00e3o de Salvador como sede no congresso do ano que vem foi anunciada pelo presidente da OAB Nacional, Beto Simonetti, durante sess\u00e3o do Conselho Pleno, na \u00faltima semana, com a presen\u00e7a marcante da presidente da OAB Bahia, Daniela Borges, e do vice-presidente da OAB Bahia, Hermes Hilari\u00e3o, que t\u00eam feito um trabalho que orgulha a classe.<\/p>\n<p>Tanto para Daniela Borges quanto para Lorena Peixoto, ambas presidentes da Seccional e da Subse\u00e7\u00e3o, respectivamente, a escolha da Bahia demonstra \u201ca relev\u00e2ncia e o protagonismo da advocacia baiana no cen\u00e1rio nacional\u201d, consolidada com o apoio das seccionais de Santa Catarina, Para\u00edba e Piau\u00ed, que retiraram suas candidaturas em favor da proposta baiana. \u201cSeguimos firmes, avan\u00e7ando, cuidando, inovando e transformando\u201d, frisa Daniela Borges.<\/p>\n<p>Em 2024, a 24\u00aa Confer\u00eancia Nacional da Advocacia aconteceu em Belo Horizonte, Minas Gerais, e teve como tema \u201cConstitui\u00e7\u00e3o, Democracia e Liberdades\u201d. O tema de 2026 ainda n\u00e3o foi anunciado, nem a data para realiza\u00e7\u00e3o do evento.<\/p>\n<p>Normalmente o evento acontece a cada tr\u00eas anos e tem programa\u00e7\u00e3o variada, composta por dezenas de pain\u00e9is e, normalmente, duas confer\u00eancias magnas, totalizando cerca de 400 palestrantes nacionais e internacionais. E o p\u00fablico participante, normalmente, engloba advogados(as), estudantes, estagi\u00e1rios(as), profissionais do Direito em geral e representantes dos Poderes Executivo, Legislativo e Judici\u00e1rio.<\/p>\n<p><em>Siga o Acorda Cidade no<\/em><a href=\"https:\/\/news.google.com\/search?q=acorda%20cidade&amp;hl=pt-BR&amp;gl=BR&amp;ceid=BR%3Apt-419\"><strong><em> Google Not\u00edcias<\/em><\/strong><\/a><em> e receba os principais destaques do dia. Participe tamb\u00e9m dos nossos canais no <\/em><a href=\"https:\/\/whatsapp.com\/channel\/0029Va6Rb4v3WHTNnsh8WI3N\"><strong><em>WhatsApp<\/em><\/strong><\/a><em> e <\/em><a href=\"https:\/\/www.youtube.com\/@acordacidadenoticias\/videos\"><strong>Youtube<\/strong><\/a><em> e grupo de <\/em><a href=\"https:\/\/t.me\/+sSz0khrgARA0ZmRh\"><strong><em>Telegram<\/em><\/strong><\/a><em>.<\/em><\/p>\n<\/div>\n","protected":false},"excerpt":{"rendered":"<div>\n<div>\n<figure><img decoding=\"async\" src=\"https:\/\/uploads.acordacidade.com.br\/2025\/06\/conferencianacionaldaadvocacia_oab.jpg\" alt=\"Confer\u00eancia Nacional da Advocacia\"><figcaption>Foto: OAB<\/figcaption><\/figure>\n<\/div>\n<p>Em 2024, a 24\u00aa Confer\u00eancia Nacional da Advocacia aconteceu em Belo Horizonte, Minas Gerais.<\/p><\/div>\n","protected":false},"author":1,"featured_media":88671,"comment_status":"closed","ping_status":"closed","sticky":false,"template":"","format":"gallery","meta":{"footnotes":""},"categories":[8,9,6,57,56,10],"tags":[],"class_list":["post-88670","post","type-post","status-publish","format-gallery","has-post-thumbnail","hentry","category-bahia","category-brasil","category-feira-de-santana","category-mundo","category-policia","category-politica","post_format-post-format-gallery"],"featured_image_urls":{"full":["https:\/\/noticiasbahia360.com.br\/wp-content\/uploads\/2025\/06\/conferencianacionaldaadvocacia_oab.jpg",525,350,false],"thumbnail":["https:\/\/noticiasbahia360.com.br\/wp-content\/uploads\/2025\/06\/conferencianacionaldaadvocacia_oab-150x150.jpg",150,150,true],"medium":["https:\/\/noticiasbahia360.com.br\/wp-content\/uploads\/2025\/06\/conferencianacionaldaadvocacia_oab-300x200.jpg",300,200,true],"medium_large":["https:\/\/noticiasbahia360.com.br\/wp-content\/uploads\/2025\/06\/conferencianacionaldaadvocacia_oab.jpg",525,350,false],"large":["https:\/\/noticiasbahia360.com.br\/wp-content\/uploads\/2025\/06\/conferencianacionaldaadvocacia_oab.jpg",525,350,false],"1536x1536":["https:\/\/noticiasbahia360.com.br\/wp-content\/uploads\/2025\/06\/conferencianacionaldaadvocacia_oab.jpg",525,350,false],"2048x2048":["https:\/\/noticiasbahia360.com.br\/wp-content\/uploads\/2025\/06\/conferencianacionaldaadvocacia_oab.jpg",525,350,false],"chromenews-featured":["https:\/\/noticiasbahia360.com.br\/wp-content\/uploads\/2025\/06\/conferencianacionaldaadvocacia_oab.jpg",525,350,false],"chromenews-large":["https:\/\/noticiasbahia360.com.br\/wp-content\/uploads\/2025\/06\/conferencianacionaldaadvocacia_oab.jpg",525,350,false],"chromenews-medium":["https:\/\/noticiasbahia360.com.br\/wp-content\/uploads\/2025\/06\/conferencianacionaldaadvocacia_oab.jpg",525,350,false]},"author_info":{"display_name":"noticiasbahia360.com.br","author_link":"https:\/\/noticiasbahia360.com.br\/?author=1"},"category_info":"<a href=\"https:\/\/noticiasbahia360.com.br\/?cat=8\" rel=\"category\">Bahia<\/a> <a href=\"https:\/\/noticiasbahia360.com.br\/?cat=9\" rel=\"category\">Brasil<\/a> <a href=\"https:\/\/noticiasbahia360.com.br\/?cat=6\" rel=\"category\">Feira de Santana<\/a> <a href=\"https:\/\/noticiasbahia360.com.br\/?cat=57\" rel=\"category\">Mundo<\/a> <a href=\"https:\/\/noticiasbahia360.com.br\/?cat=56\" rel=\"category\">Pol\u00edcia<\/a> <a href=\"https:\/\/noticiasbahia360.com.br\/?cat=10\" rel=\"category\">Pol\u00edtica<\/a>","tag_info":"Pol\u00edtica","comment_count":"0","_links":{"self":[{"href":"https:\/\/noticiasbahia360.com.br\/index.php?rest_route=\/wp\/v2\/posts\/88670","targetHints":{"allow":["GET"]}}],"collection":[{"href":"https:\/\/noticiasbahia360.com.br\/index.php?rest_route=\/wp\/v2\/posts"}],"about":[{"href":"https:\/\/noticiasbahia360.com.br\/index.php?rest_route=\/wp\/v2\/types\/post"}],"author":[{"embeddable":true,"href":"https:\/\/noticiasbahia360.com.br\/index.php?rest_route=\/wp\/v2\/users\/1"}],"replies":[{"embeddable":true,"href":"https:\/\/noticiasbahia360.com.br\/index.php?rest_route=%2Fwp%2Fv2%2Fcomments&post=88670"}],"version-history":[{"count":0,"href":"https:\/\/noticiasbahia360.com.br\/index.php?rest_route=\/wp\/v2\/posts\/88670\/revisions"}],"wp:featuredmedia":[{"embeddable":true,"href":"https:\/\/noticiasbahia360.com.br\/index.php?rest_route=\/wp\/v2\/media\/88671"}],"wp:attachment":[{"href":"https:\/\/noticiasbahia360.com.br\/index.php?rest_route=%2Fwp%2Fv2%2Fmedia&parent=88670"}],"wp:term":[{"taxonomy":"category","embeddable":true,"href":"https:\/\/noticiasbahia360.com.br\/index.php?rest_route=%2Fwp%2Fv2%2Fcategories&post=88670"},{"taxonomy":"post_tag","embeddable":true,"href":"https:\/\/noticiasbahia360.com.br\/index.php?rest_route=%2Fwp%2Fv2%2Ftags&post=88670"}],"curies":[{"name":"wp","href":"https:\/\/api.w.org\/{rel}","templated":true}]}}