{"id":88672,"date":"2025-06-04T08:21:35","date_gmt":"2025-06-04T11:21:35","guid":{"rendered":"https:\/\/noticiasbahia360.com.br\/?p=88672"},"modified":"2025-06-04T08:21:35","modified_gmt":"2025-06-04T11:21:35","slug":"ii-simposio-da-industria-do-sertao-discute-inovacao-e-sustentabilidade","status":"publish","type":"post","link":"https:\/\/noticiasbahia360.com.br\/?p=88672","title":{"rendered":"II Simp\u00f3sio da Ind\u00fastria do Sert\u00e3o discute inova\u00e7\u00e3o e sustentabilidade"},"content":{"rendered":"<div>\n<div>\n<figure><img decoding=\"async\" src=\"http:\/\/noticiasbahia360.com.br\/wp-content\/uploads\/2025\/06\/sesi_neysilva_acordacidade.jpeg\" alt=\"Sesi\"><figcaption>Foto: Ney Silva\/Acorda Cidade<\/figcaption><\/figure>\n<\/div>\n<p>O II Simp\u00f3sio da Ind\u00fastria do Sert\u00e3o, em comemora\u00e7\u00e3o ao Dia da Ind\u00fastria, ser\u00e1 realizado no dia 4 de junho de 2025, no Espa\u00e7o Sesi \u2013 Unidade Integrada <a href=\"https:\/\/www.acordacidade.com.br\/tag\/sesi\/\">Sesi<\/a> e IEL, das 8h \u00e0s 18h. O evento contar\u00e1 com a participa\u00e7\u00e3o do Sebrae, Fieb, Sesi, Senai\/Cimatec, IEL e Centro das Ind\u00fastrias de Feira de Santana \u2013 CIFS, promovendo discuss\u00f5es sobre tecnologia, inova\u00e7\u00e3o e gest\u00e3o industrial no cen\u00e1rio da Ind\u00fastria 4.0.<\/p>\n<p>Com o tema \u201cOs Desafios para a Nova Ind\u00fastria\u201d, o simp\u00f3sio abordar\u00e1 temas como digitaliza\u00e7\u00e3o, sustentabilidade, forma\u00e7\u00e3o profissional e manufatura aditiva, al\u00e9m de destacar a import\u00e2ncia da Norma NR-1 na gest\u00e3o de riscos psicossociais. O gerente regional do Sebrae, Isailton Reis, refor\u00e7a a relev\u00e2ncia do evento: \u201cEssa \u00e9 uma oportunidade \u00fanica para alinhar as demandas do setor produtivo com as novas tecnologias e pr\u00e1ticas sustent\u00e1veis, garantindo competitividade e desenvolvimento para a ind\u00fastria regional.\u201d<\/p>\n<p>A ind\u00fastria da Bahia tem um papel fundamental no desenvolvimento econ\u00f4mico do pa\u00eds, gerando empregos, impulsionando a cadeia produtiva e contribuindo para a soberania industrial do pa\u00eds.<\/p>\n<p>O simp\u00f3sio \u00e9 voltado para empreendedores do setor, parceiros do Sistema Ind\u00fastria e empresas da cadeia de fornecimento, com o objetivo de fomentar networking, conhecimento e neg\u00f3cios.<\/p>\n<p><strong>Servi\u00e7o<\/strong><\/p>\n<p>Data: 4 de junho de 2025<br \/>Hor\u00e1rio: 8h \u00e0s 12h e 14h \u00e0s 18h<br \/>Local: Espa\u00e7o Sesi \u2013 Unidade Integrada Sesi e IEL<br \/>Inscri\u00e7\u00f5es: nos sites oficiais das institui\u00e7\u00f5es organizadoras<\/p>\n<p><em>Siga o Acorda Cidade no<\/em><a href=\"https:\/\/news.google.com\/search?q=acorda%20cidade&amp;hl=pt-BR&amp;gl=BR&amp;ceid=BR%3Apt-419\"><strong><em> Google Not\u00edcias<\/em><\/strong><\/a><em> e receba os principais destaques do dia. Participe tamb\u00e9m dos nossos canais no <\/em><a href=\"https:\/\/whatsapp.com\/channel\/0029Va6Rb4v3WHTNnsh8WI3N\"><strong><em>WhatsApp<\/em><\/strong><\/a><em> e <\/em><a href=\"https:\/\/www.youtube.com\/@acordacidadenoticias\/videos\"><strong>Youtube<\/strong><\/a><em> e grupo de <\/em><a href=\"https:\/\/t.me\/+sSz0khrgARA0ZmRh\"><strong><em>Telegram<\/em><\/strong><\/a><em>.<\/em><\/p>\n<\/div>\n","protected":false},"excerpt":{"rendered":"<div>\n<div>\n<figure><img decoding=\"async\" src=\"https:\/\/uploads.acordacidade.com.br\/wp-content\/uploads\/2022\/10\/25152951\/sesi_neysilva_acordacidade.jpeg\" alt=\"Sesi\"><figcaption>Foto: Ney Silva\/Acorda Cidade<\/figcaption><\/figure>\n<\/div>\n<p>Com o tema \u201cOs Desafios para a Nova Ind\u00fastria\u201d, o simp\u00f3sio abordar\u00e1 temas como digitaliza\u00e7\u00e3o, sustentabilidade, forma\u00e7\u00e3o profissional e manufatura aditiva.<\/p><\/div>\n","protected":false},"author":1,"featured_media":88673,"comment_status":"closed","ping_status":"closed","sticky":false,"template":"","format":"gallery","meta":{"footnotes":""},"categories":[8,9,6,57,56,10],"tags":[],"class_list":["post-88672","post","type-post","status-publish","format-gallery","has-post-thumbnail","hentry","category-bahia","category-brasil","category-feira-de-santana","category-mundo","category-policia","category-politica","post_format-post-format-gallery"],"featured_image_urls":{"full":["https:\/\/noticiasbahia360.com.br\/wp-content\/uploads\/2025\/06\/sesi_neysilva_acordacidade.jpeg",640,479,false],"thumbnail":["https:\/\/noticiasbahia360.com.br\/wp-content\/uploads\/2025\/06\/sesi_neysilva_acordacidade-150x150.jpeg",150,150,true],"medium":["https:\/\/noticiasbahia360.com.br\/wp-content\/uploads\/2025\/06\/sesi_neysilva_acordacidade-300x225.jpeg",300,225,true],"medium_large":["https:\/\/noticiasbahia360.com.br\/wp-content\/uploads\/2025\/06\/sesi_neysilva_acordacidade.jpeg",640,479,false],"large":["https:\/\/noticiasbahia360.com.br\/wp-content\/uploads\/2025\/06\/sesi_neysilva_acordacidade.jpeg",640,479,false],"1536x1536":["https:\/\/noticiasbahia360.com.br\/wp-content\/uploads\/2025\/06\/sesi_neysilva_acordacidade.jpeg",640,479,false],"2048x2048":["https:\/\/noticiasbahia360.com.br\/wp-content\/uploads\/2025\/06\/sesi_neysilva_acordacidade.jpeg",640,479,false],"chromenews-featured":["https:\/\/noticiasbahia360.com.br\/wp-content\/uploads\/2025\/06\/sesi_neysilva_acordacidade.jpeg",640,479,false],"chromenews-large":["https:\/\/noticiasbahia360.com.br\/wp-content\/uploads\/2025\/06\/sesi_neysilva_acordacidade.jpeg",640,479,false],"chromenews-medium":["https:\/\/noticiasbahia360.com.br\/wp-content\/uploads\/2025\/06\/sesi_neysilva_acordacidade-590x410.jpeg",590,410,true]},"author_info":{"display_name":"noticiasbahia360.com.br","author_link":"https:\/\/noticiasbahia360.com.br\/?author=1"},"category_info":"<a href=\"https:\/\/noticiasbahia360.com.br\/?cat=8\" rel=\"category\">Bahia<\/a> <a href=\"https:\/\/noticiasbahia360.com.br\/?cat=9\" rel=\"category\">Brasil<\/a> <a href=\"https:\/\/noticiasbahia360.com.br\/?cat=6\" rel=\"category\">Feira de Santana<\/a> <a href=\"https:\/\/noticiasbahia360.com.br\/?cat=57\" rel=\"category\">Mundo<\/a> <a href=\"https:\/\/noticiasbahia360.com.br\/?cat=56\" rel=\"category\">Pol\u00edcia<\/a> <a href=\"https:\/\/noticiasbahia360.com.br\/?cat=10\" rel=\"category\">Pol\u00edtica<\/a>","tag_info":"Pol\u00edtica","comment_count":"0","_links":{"self":[{"href":"https:\/\/noticiasbahia360.com.br\/index.php?rest_route=\/wp\/v2\/posts\/88672","targetHints":{"allow":["GET"]}}],"collection":[{"href":"https:\/\/noticiasbahia360.com.br\/index.php?rest_route=\/wp\/v2\/posts"}],"about":[{"href":"https:\/\/noticiasbahia360.com.br\/index.php?rest_route=\/wp\/v2\/types\/post"}],"author":[{"embeddable":true,"href":"https:\/\/noticiasbahia360.com.br\/index.php?rest_route=\/wp\/v2\/users\/1"}],"replies":[{"embeddable":true,"href":"https:\/\/noticiasbahia360.com.br\/index.php?rest_route=%2Fwp%2Fv2%2Fcomments&post=88672"}],"version-history":[{"count":0,"href":"https:\/\/noticiasbahia360.com.br\/index.php?rest_route=\/wp\/v2\/posts\/88672\/revisions"}],"wp:featuredmedia":[{"embeddable":true,"href":"https:\/\/noticiasbahia360.com.br\/index.php?rest_route=\/wp\/v2\/media\/88673"}],"wp:attachment":[{"href":"https:\/\/noticiasbahia360.com.br\/index.php?rest_route=%2Fwp%2Fv2%2Fmedia&parent=88672"}],"wp:term":[{"taxonomy":"category","embeddable":true,"href":"https:\/\/noticiasbahia360.com.br\/index.php?rest_route=%2Fwp%2Fv2%2Fcategories&post=88672"},{"taxonomy":"post_tag","embeddable":true,"href":"https:\/\/noticiasbahia360.com.br\/index.php?rest_route=%2Fwp%2Fv2%2Ftags&post=88672"}],"curies":[{"name":"wp","href":"https:\/\/api.w.org\/{rel}","templated":true}]}}