{"id":88674,"date":"2025-06-04T08:49:50","date_gmt":"2025-06-04T11:49:50","guid":{"rendered":"https:\/\/noticiasbahia360.com.br\/?p=88674"},"modified":"2025-06-04T08:49:50","modified_gmt":"2025-06-04T11:49:50","slug":"terreno-baldio-tomado-por-mato-preocupa-moradores-do-bairro-santa-monica-i-em-feira-de-santana","status":"publish","type":"post","link":"https:\/\/noticiasbahia360.com.br\/?p=88674","title":{"rendered":"Terreno baldio tomado por mato preocupa moradores do bairro Santa M\u00f4nica I, em Feira de Santana"},"content":{"rendered":"<div>\n<div>\n<figure><img decoding=\"async\" src=\"http:\/\/noticiasbahia360.com.br\/wp-content\/uploads\/2025\/06\/terrenobaldio_neysilva_acordacidade-7.jpg\" alt=\"Terreno Baldio\"><figcaption>Foto: Ney Silva\/Acorda Cidade<\/figcaption><\/figure>\n<\/div>\n<p>A reportagem do Acorda Cidade esteve na manh\u00e3 desta quarta-feira (4), na Rua Nossa Senhora Aparecida, bairro Santa M\u00f4nica I, em <a href=\"https:\/\/www.acordacidade.com.br\/tag\/feira-de-santana\/\">Feira de Santana<\/a>, para conferir a reclama\u00e7\u00e3o de moradores \u00e0 respeito de um terreno baldio que tem gerado transtornos na regi\u00e3o.<\/p>\n<figure class=\"wp-block-image size-large\"><img fetchpriority=\"high\" data-dominant-color=\"647a61\" data-has-transparency=\"false\" style=\"--dominant-color: #647a61;\" fetchpriority=\"high\" decoding=\"async\" width=\"1024\" height=\"768\" sizes=\"(max-width: 1024px) 100vw, 1024px\" src=\"http:\/\/noticiasbahia360.com.br\/wp-content\/uploads\/2025\/06\/ity67AMh-terrenobaldio_neysilva_acordacidade-5-1024x768-1.webp\" alt=\"Terreno Baldio\" class=\"wp-image-561906 not-transparent\" srcset=\"https:\/\/uploads.acordacidade.com.br\/2025\/06\/ity67AMh-terrenobaldio_neysilva_acordacidade-5-487x365.webp 487w, http:\/\/noticiasbahia360.com.br\/wp-content\/uploads\/2025\/06\/ity67AMh-terrenobaldio_neysilva_acordacidade-5-1024x768-1.webp 1024w, https:\/\/uploads.acordacidade.com.br\/2025\/06\/ity67AMh-terrenobaldio_neysilva_acordacidade-5-737x553.webp 737w, https:\/\/uploads.acordacidade.com.br\/2025\/06\/ity67AMh-terrenobaldio_neysilva_acordacidade-5-150x113.webp 150w, https:\/\/uploads.acordacidade.com.br\/2025\/06\/ity67AMh-terrenobaldio_neysilva_acordacidade-5.webp 1200w\"><figcaption class=\"wp-element-caption\">Foto: Ney Silva\/Acorda Cidade<\/figcaption><\/figure>\n<p>De acordo com a moradora Maria das Gra\u00e7as, o espa\u00e7o, antes cercado por um muro que desabou h\u00e1 algum tempo, encontra-se tomado pelo mato e, segundo ela, representa riscos \u00e0 seguran\u00e7a e \u00e0 sa\u00fade da popula\u00e7\u00e3o local.<\/p>\n<figure class=\"wp-block-image size-large\"><img data-dominant-color=\"73755b\" data-has-transparency=\"false\" style=\"--dominant-color: #73755b;\" decoding=\"async\" width=\"1024\" height=\"768\" sizes=\"(max-width: 1024px) 100vw, 1024px\" src=\"http:\/\/noticiasbahia360.com.br\/wp-content\/uploads\/2025\/06\/7Wdhp2zg-terrenobaldio_neysilva_acordacidade-6-1024x768-1.webp\" alt=\"Terreno Baldio\" class=\"wp-image-561905 not-transparent\" srcset=\"https:\/\/uploads.acordacidade.com.br\/2025\/06\/7Wdhp2zg-terrenobaldio_neysilva_acordacidade-6-487x365.webp 487w, http:\/\/noticiasbahia360.com.br\/wp-content\/uploads\/2025\/06\/7Wdhp2zg-terrenobaldio_neysilva_acordacidade-6-1024x768-1.webp 1024w, https:\/\/uploads.acordacidade.com.br\/2025\/06\/7Wdhp2zg-terrenobaldio_neysilva_acordacidade-6-737x553.webp 737w, https:\/\/uploads.acordacidade.com.br\/2025\/06\/7Wdhp2zg-terrenobaldio_neysilva_acordacidade-6-150x113.webp 150w, https:\/\/uploads.acordacidade.com.br\/2025\/06\/7Wdhp2zg-terrenobaldio_neysilva_acordacidade-6.webp 1200w\"><figcaption class=\"wp-element-caption\">Foto: Ney Silva\/Acorda Cidade<\/figcaption><\/figure>\n<p>\u201c\u00c9 um matagal enorme que pode servir de esconderijo para marginais. Al\u00e9m disso, \u00e9 foco de insetos, como muri\u00e7ocas, baratas e roedores. Eu mesma tive uma infesta\u00e7\u00e3o de cupins que destruiu parte do piso de madeira da minha sala\u201d, relatou.<\/p>\n<figure class=\"wp-block-image size-large\"><img data-dominant-color=\"627c6b\" data-has-transparency=\"false\" style=\"--dominant-color: #627c6b;\" decoding=\"async\" width=\"1024\" height=\"768\" sizes=\"(max-width: 1024px) 100vw, 1024px\" src=\"http:\/\/noticiasbahia360.com.br\/wp-content\/uploads\/2025\/06\/qrk0qqqD-terrenobaldio_neysilva_acordacidade-4-1024x768-1.webp\" alt=\"Terreno Baldio\" class=\"wp-image-561907 not-transparent\" srcset=\"https:\/\/uploads.acordacidade.com.br\/2025\/06\/qrk0qqqD-terrenobaldio_neysilva_acordacidade-4-487x365.webp 487w, http:\/\/noticiasbahia360.com.br\/wp-content\/uploads\/2025\/06\/qrk0qqqD-terrenobaldio_neysilva_acordacidade-4-1024x768-1.webp 1024w, https:\/\/uploads.acordacidade.com.br\/2025\/06\/qrk0qqqD-terrenobaldio_neysilva_acordacidade-4-737x553.webp 737w, https:\/\/uploads.acordacidade.com.br\/2025\/06\/qrk0qqqD-terrenobaldio_neysilva_acordacidade-4-150x113.webp 150w, https:\/\/uploads.acordacidade.com.br\/2025\/06\/qrk0qqqD-terrenobaldio_neysilva_acordacidade-4.webp 1200w\"><figcaption class=\"wp-element-caption\">Foto: Ney Silva\/Acorda Cidade<\/figcaption><\/figure>\n<p>A moradora afirmou que tentou identificar o propriet\u00e1rio, mas n\u00e3o obteve sucesso. \u201cNingu\u00e9m sabe ao certo quem \u00e9 o dono. Desde ent\u00e3o, estamos tentando resolver essa situa\u00e7\u00e3o. Precisamos que o poder p\u00fablico nos d\u00ea suporte\u201d, disse.<\/p>\n<figure class=\"wp-block-image size-large\"><img data-dominant-color=\"668465\" data-has-transparency=\"false\" style=\"--dominant-color: #668465;\" decoding=\"async\" width=\"1024\" height=\"768\" sizes=\"(max-width: 1024px) 100vw, 1024px\" src=\"http:\/\/noticiasbahia360.com.br\/wp-content\/uploads\/2025\/06\/cmQRC4LF-terrenobaldio_neysilva_acordacidade-3-1024x768-1.webp\" alt=\"Terreno Baldio\" class=\"wp-image-561908 not-transparent\" srcset=\"https:\/\/uploads.acordacidade.com.br\/2025\/06\/cmQRC4LF-terrenobaldio_neysilva_acordacidade-3-487x365.webp 487w, http:\/\/noticiasbahia360.com.br\/wp-content\/uploads\/2025\/06\/cmQRC4LF-terrenobaldio_neysilva_acordacidade-3-1024x768-1.webp 1024w, https:\/\/uploads.acordacidade.com.br\/2025\/06\/cmQRC4LF-terrenobaldio_neysilva_acordacidade-3-737x553.webp 737w, https:\/\/uploads.acordacidade.com.br\/2025\/06\/cmQRC4LF-terrenobaldio_neysilva_acordacidade-3-150x113.webp 150w, https:\/\/uploads.acordacidade.com.br\/2025\/06\/cmQRC4LF-terrenobaldio_neysilva_acordacidade-3.webp 1200w\"><figcaption class=\"wp-element-caption\">Foto: Ney Silva\/Acorda Cidade<\/figcaption><\/figure>\n<p>Ela tamb\u00e9m cobrou a\u00e7\u00f5es da Secretaria de Servi\u00e7os P\u00fablicos (Sesp), principalmente para notificar o dono e realizar a capina\u00e7\u00e3o do passeio p\u00fablico, que tamb\u00e9m foi tomado pelo mato. \u201cSeria importante sinalizar o propriet\u00e1rio para que ele tome provid\u00eancias, al\u00e9m da prefeitura ajudar na limpeza da \u00e1rea externa, que \u00e9 de responsabilidade p\u00fablica\u201d, completou.<\/p>\n<figure class=\"wp-block-image size-large\"><img loading=\"lazy\" data-dominant-color=\"72876a\" data-has-transparency=\"false\" style=\"--dominant-color: #72876a;\" decoding=\"async\" width=\"1024\" height=\"768\" sizes=\"(max-width: 1024px) 100vw, 1024px\" src=\"http:\/\/noticiasbahia360.com.br\/wp-content\/uploads\/2025\/06\/BmlWCe9p-terrenobaldio_neysilva_acordacidade-2-1024x768-1.webp\" alt=\"Terreno Baldio\" class=\"wp-image-561909 not-transparent\" srcset=\"https:\/\/uploads.acordacidade.com.br\/2025\/06\/BmlWCe9p-terrenobaldio_neysilva_acordacidade-2-487x365.webp 487w, http:\/\/noticiasbahia360.com.br\/wp-content\/uploads\/2025\/06\/BmlWCe9p-terrenobaldio_neysilva_acordacidade-2-1024x768-1.webp 1024w, https:\/\/uploads.acordacidade.com.br\/2025\/06\/BmlWCe9p-terrenobaldio_neysilva_acordacidade-2-737x553.webp 737w, https:\/\/uploads.acordacidade.com.br\/2025\/06\/BmlWCe9p-terrenobaldio_neysilva_acordacidade-2-150x113.webp 150w, https:\/\/uploads.acordacidade.com.br\/2025\/06\/BmlWCe9p-terrenobaldio_neysilva_acordacidade-2.webp 1200w\"><figcaption class=\"wp-element-caption\">Foto: Ney Silva\/Acorda Cidade<\/figcaption><\/figure>\n<p>A resid\u00eancia fica na Rua Nossa Senhora Aparecida, anteriormente identificada com o n\u00famero 1.414, e a situa\u00e7\u00e3o preocupa n\u00e3o apenas quem mora nos arredores, mas toda a comunidade que transita pelo local.<\/p>\n<figure class=\"wp-block-image size-large\"><img loading=\"lazy\" data-dominant-color=\"6f8366\" data-has-transparency=\"false\" style=\"--dominant-color: #6f8366;\" decoding=\"async\" width=\"1024\" height=\"768\" sizes=\"(max-width: 1024px) 100vw, 1024px\" src=\"http:\/\/noticiasbahia360.com.br\/wp-content\/uploads\/2025\/06\/2Zo22rFl-terrenobaldio_neysilva_acordacidade-1-1024x768-1.webp\" alt=\"Terreno Baldio\" class=\"wp-image-561910 not-transparent\" srcset=\"https:\/\/uploads.acordacidade.com.br\/2025\/06\/2Zo22rFl-terrenobaldio_neysilva_acordacidade-1-487x365.webp 487w, http:\/\/noticiasbahia360.com.br\/wp-content\/uploads\/2025\/06\/2Zo22rFl-terrenobaldio_neysilva_acordacidade-1-1024x768-1.webp 1024w, https:\/\/uploads.acordacidade.com.br\/2025\/06\/2Zo22rFl-terrenobaldio_neysilva_acordacidade-1-737x553.webp 737w, https:\/\/uploads.acordacidade.com.br\/2025\/06\/2Zo22rFl-terrenobaldio_neysilva_acordacidade-1-150x113.webp 150w, https:\/\/uploads.acordacidade.com.br\/2025\/06\/2Zo22rFl-terrenobaldio_neysilva_acordacidade-1.webp 1200w\"><figcaption class=\"wp-element-caption\">Foto: Ney Silva\/Acorda Cidade<\/figcaption><\/figure>\n<p>O Acorda Cidade ir\u00e1 solicitar um retorno da Secretaria de Servi\u00e7os P\u00fablicos (Sesp).<\/p>\n<p><em>Com informa\u00e7\u00f5es do rep\u00f3rter Ney Silva do Acorda Cidade<\/em><\/p>\n<p><em>Siga o Acorda Cidade no<\/em><a href=\"https:\/\/news.google.com\/search?q=acorda%20cidade&amp;hl=pt-BR&amp;gl=BR&amp;ceid=BR%3Apt-419\"><strong><em> Google Not\u00edcias<\/em><\/strong><\/a><em> e receba os principais destaques do dia. Participe tamb\u00e9m dos nossos canais no <\/em><a href=\"https:\/\/whatsapp.com\/channel\/0029Va6Rb4v3WHTNnsh8WI3N\"><strong><em>WhatsApp<\/em><\/strong><\/a><em> e <\/em><a href=\"https:\/\/www.youtube.com\/@acordacidadenoticias\/videos\"><strong>Youtube<\/strong><\/a><em> e grupo de <\/em><a href=\"https:\/\/t.me\/+sSz0khrgARA0ZmRh\"><strong><em>Telegram<\/em><\/strong><\/a><em>.<\/em><\/p>\n<\/div>\n","protected":false},"excerpt":{"rendered":"<div>\n<div>\n<figure><img decoding=\"async\" src=\"https:\/\/uploads.acordacidade.com.br\/2025\/06\/terrenobaldio_neysilva_acordacidade-7.jpg\" alt=\"Terreno Baldio\"><figcaption>Foto: Ney Silva\/Acorda Cidade<\/figcaption><\/figure>\n<\/div>\n<p>Ao Acorda Cidade, a moradora afirmou que tentou identificar o propriet\u00e1rio do terreno, mas n\u00e3o obteve sucesso.<\/p><\/div>\n","protected":false},"author":1,"featured_media":88675,"comment_status":"closed","ping_status":"closed","sticky":false,"template":"","format":"gallery","meta":{"footnotes":""},"categories":[8,9,6,57,56,10],"tags":[],"class_list":["post-88674","post","type-post","status-publish","format-gallery","has-post-thumbnail","hentry","category-bahia","category-brasil","category-feira-de-santana","category-mundo","category-policia","category-politica","post_format-post-format-gallery"],"featured_image_urls":{"full":["https:\/\/noticiasbahia360.com.br\/wp-content\/uploads\/2025\/06\/terrenobaldio_neysilva_acordacidade-7.jpg",1200,900,false],"thumbnail":["https:\/\/noticiasbahia360.com.br\/wp-content\/uploads\/2025\/06\/terrenobaldio_neysilva_acordacidade-7-150x150.jpg",150,150,true],"medium":["https:\/\/noticiasbahia360.com.br\/wp-content\/uploads\/2025\/06\/terrenobaldio_neysilva_acordacidade-7-300x225.jpg",300,225,true],"medium_large":["https:\/\/noticiasbahia360.com.br\/wp-content\/uploads\/2025\/06\/terrenobaldio_neysilva_acordacidade-7-768x576.jpg",640,480,true],"large":["https:\/\/noticiasbahia360.com.br\/wp-content\/uploads\/2025\/06\/terrenobaldio_neysilva_acordacidade-7-1024x768.jpg",640,480,true],"1536x1536":["https:\/\/noticiasbahia360.com.br\/wp-content\/uploads\/2025\/06\/terrenobaldio_neysilva_acordacidade-7.jpg",1200,900,false],"2048x2048":["https:\/\/noticiasbahia360.com.br\/wp-content\/uploads\/2025\/06\/terrenobaldio_neysilva_acordacidade-7.jpg",1200,900,false],"chromenews-featured":["https:\/\/noticiasbahia360.com.br\/wp-content\/uploads\/2025\/06\/terrenobaldio_neysilva_acordacidade-7-1024x768.jpg",1024,768,true],"chromenews-large":["https:\/\/noticiasbahia360.com.br\/wp-content\/uploads\/2025\/06\/terrenobaldio_neysilva_acordacidade-7-825x575.jpg",825,575,true],"chromenews-medium":["https:\/\/noticiasbahia360.com.br\/wp-content\/uploads\/2025\/06\/terrenobaldio_neysilva_acordacidade-7-590x410.jpg",590,410,true]},"author_info":{"display_name":"noticiasbahia360.com.br","author_link":"https:\/\/noticiasbahia360.com.br\/?author=1"},"category_info":"<a href=\"https:\/\/noticiasbahia360.com.br\/?cat=8\" rel=\"category\">Bahia<\/a> <a href=\"https:\/\/noticiasbahia360.com.br\/?cat=9\" rel=\"category\">Brasil<\/a> <a href=\"https:\/\/noticiasbahia360.com.br\/?cat=6\" rel=\"category\">Feira de Santana<\/a> <a href=\"https:\/\/noticiasbahia360.com.br\/?cat=57\" rel=\"category\">Mundo<\/a> <a href=\"https:\/\/noticiasbahia360.com.br\/?cat=56\" rel=\"category\">Pol\u00edcia<\/a> <a href=\"https:\/\/noticiasbahia360.com.br\/?cat=10\" rel=\"category\">Pol\u00edtica<\/a>","tag_info":"Pol\u00edtica","comment_count":"0","_links":{"self":[{"href":"https:\/\/noticiasbahia360.com.br\/index.php?rest_route=\/wp\/v2\/posts\/88674","targetHints":{"allow":["GET"]}}],"collection":[{"href":"https:\/\/noticiasbahia360.com.br\/index.php?rest_route=\/wp\/v2\/posts"}],"about":[{"href":"https:\/\/noticiasbahia360.com.br\/index.php?rest_route=\/wp\/v2\/types\/post"}],"author":[{"embeddable":true,"href":"https:\/\/noticiasbahia360.com.br\/index.php?rest_route=\/wp\/v2\/users\/1"}],"replies":[{"embeddable":true,"href":"https:\/\/noticiasbahia360.com.br\/index.php?rest_route=%2Fwp%2Fv2%2Fcomments&post=88674"}],"version-history":[{"count":0,"href":"https:\/\/noticiasbahia360.com.br\/index.php?rest_route=\/wp\/v2\/posts\/88674\/revisions"}],"wp:featuredmedia":[{"embeddable":true,"href":"https:\/\/noticiasbahia360.com.br\/index.php?rest_route=\/wp\/v2\/media\/88675"}],"wp:attachment":[{"href":"https:\/\/noticiasbahia360.com.br\/index.php?rest_route=%2Fwp%2Fv2%2Fmedia&parent=88674"}],"wp:term":[{"taxonomy":"category","embeddable":true,"href":"https:\/\/noticiasbahia360.com.br\/index.php?rest_route=%2Fwp%2Fv2%2Fcategories&post=88674"},{"taxonomy":"post_tag","embeddable":true,"href":"https:\/\/noticiasbahia360.com.br\/index.php?rest_route=%2Fwp%2Fv2%2Ftags&post=88674"}],"curies":[{"name":"wp","href":"https:\/\/api.w.org\/{rel}","templated":true}]}}