{"id":88684,"date":"2025-06-04T09:00:29","date_gmt":"2025-06-04T12:00:29","guid":{"rendered":"https:\/\/noticiasbahia360.com.br\/?p=88684"},"modified":"2025-06-04T09:00:29","modified_gmt":"2025-06-04T12:00:29","slug":"sapateira-de-tecido-na-porta-pode-virar-um-armario-de-temperos-genial","status":"publish","type":"post","link":"https:\/\/noticiasbahia360.com.br\/?p=88684","title":{"rendered":"Sapateira de tecido na porta pode virar um arm\u00e1rio de temperos genial"},"content":{"rendered":"<div>\n<div>\n<figure><img decoding=\"async\" src=\"http:\/\/noticiasbahia360.com.br\/wp-content\/uploads\/2025\/06\/lzNltyz4-Sapateira-de-tecido-na-porta-pode-virar-um-armario-de-temperos-genial.webp\" alt=\"Sapateira de tecido na porta pode virar um arm\u00e1rio de temperos genial\"><figcaption>Sapateira de tecido na porta pode virar um arm\u00e1rio de temperos genial<\/figcaption><\/figure>\n<\/div>\n<p>J\u00e1 pensou em transformar uma simples sapateira de tecido em um arm\u00e1rio vertical para temperos, ganhando espa\u00e7o e praticidade na <a href=\"https:\/\/www.acordacidade.com.br\/tag\/dicas-de-cozinha\/\">cozinha<\/a>? Pois \u00e9, o truque \u00e9 engenhoso, barato e tem conquistado cada vez mais adeptos \u2014 especialmente quem mora em apartamentos pequenos ou vive em casas onde a \u00e1rea da cozinha \u00e9 limitada. Al\u00e9m disso, a ideia permite ter todos os condimentos \u00e0 vista, organizados e sempre \u00e0 m\u00e3o. Um combo perfeito de economia de espa\u00e7o e funcionalidade que voc\u00ea vai querer copiar hoje mesmo.<\/p>\n<h2 class=\"wp-block-heading\" id=\"h-a-sapateira-como-solucao-vertical-para-armazenar-temperos\">A sapateira como solu\u00e7\u00e3o vertical para armazenar temperos<\/h2>\n<p>A sapateira de tecido pendurada na porta funciona como uma estrutura suspensa e compartimentada. Originalmente feita para cal\u00e7ados, ela tem nichos perfeitos para armazenar potes de temperos, pacotinhos de ervas secas e at\u00e9 pequenos utens\u00edlios de cozinha.<\/p>\n<p>O truque est\u00e1 em fix\u00e1-la na parte de tr\u00e1s da porta da cozinha, da despensa ou at\u00e9 mesmo no arm\u00e1rio, desde que haja espa\u00e7o suficiente para o fechamento normal da porta. Por ser leve, a sapateira n\u00e3o exige furos ou parafusos, podendo ser pendurada com ganchos adesivos, o que facilita a instala\u00e7\u00e3o e evita danos ao m\u00f3vel.<\/p>\n<h3 class=\"wp-block-heading\" id=\"h-como-organizar-os-temperos-por-tipo-e-uso\">Como organizar os temperos por tipo e uso<\/h3>\n<p>Depois de instalar a sapateira, vem a parte mais divertida: a organiza\u00e7\u00e3o. A dica principal \u00e9 separar os temperos por frequ\u00eancia de uso. Os que voc\u00ea usa todos os dias \u2014 como sal, pimenta, or\u00e9gano, alho em p\u00f3 \u2014 devem ficar nos bolsos superiores, na altura dos olhos. J\u00e1 os menos usados, como noz-moscada ou p\u00e1prica defumada, podem ir mais para baixo.<\/p>\n<p>Se quiser um visual mais harm\u00f4nico e funcional, use potinhos iguais e etiquete todos com o nome do tempero e, se quiser ir al\u00e9m, com a data de validade. Isso evita desperd\u00edcios e ainda ajuda na hora de repor o estoque.<\/p>\n<h3 class=\"wp-block-heading\" id=\"h-vantagens-praticas-de-usar-essa-solucao-alternativa\">Vantagens pr\u00e1ticas de usar essa solu\u00e7\u00e3o alternativa<\/h3>\n<p>Essa adapta\u00e7\u00e3o tem diversos benef\u00edcios. O primeiro \u00e9 a economia de espa\u00e7o: voc\u00ea libera as gavetas, as prateleiras e o arm\u00e1rio para outros itens. Al\u00e9m disso, a visualiza\u00e7\u00e3o dos temperos melhora significativamente. Quantas vezes voc\u00ea j\u00e1 esqueceu que tinha curry ou cominho porque estavam escondidos no fundo de uma prateleira?<\/p>\n<p>Outro ponto \u00e9 a mobilidade. Se voc\u00ea for mudar de casa, basta dobrar a sapateira e lev\u00e1-la. Tamb\u00e9m d\u00e1 para reposicionar a qualquer momento, sem precisar reinstalar prateleiras ou fazer mudan\u00e7as estruturais na cozinha.<\/p>\n<h3 class=\"wp-block-heading\" id=\"h-alternativas-criativas-para-alem-dos-temperos\">Alternativas criativas para al\u00e9m dos temperos<\/h3>\n<p>Quem adora um projeto de organiza\u00e7\u00e3o pode expandir essa ideia para al\u00e9m dos temperos. A sapateira na porta tamb\u00e9m pode virar um porta-talheres, porta-condimentos em sach\u00ea, ou at\u00e9 um organizador para itens de panifica\u00e7\u00e3o, como confeitos, forminhas de cupcake e bicos de confeitar.<\/p>\n<p>Em casas com crian\u00e7as, h\u00e1 quem use os bolsos inferiores da sapateira para armazenar snacks saud\u00e1veis \u2014 como pacotinhos de castanhas ou frutas secas \u2014 incentivando a autonomia dos pequenos. J\u00e1 em cozinhas gourmet, ela pode se tornar um organizador de ch\u00e1s finos ou especiarias raras.<\/p>\n<h3 class=\"wp-block-heading\" id=\"h-cuidados-na-hora-de-escolher-e-adaptar-a-sapateira\">Cuidados na hora de escolher e adaptar a sapateira<\/h3>\n<p>Nem toda sapateira serve para esse tipo de projeto. Prefira as que t\u00eam bolsos transparentes, que facilitam a visualiza\u00e7\u00e3o dos itens. Tamb\u00e9m vale optar por um modelo com tecido mais resistente, como lona ou pl\u00e1stico refor\u00e7ado, principalmente se voc\u00ea pretende armazenar potes de vidro, que s\u00e3o mais pesados.<\/p>\n<p>Evite deixar a sapateira exposta \u00e0 umidade ou pr\u00f3xima ao fog\u00e3o. O calor pode comprometer a durabilidade tanto do material quanto dos temperos. Por isso, o ideal \u00e9 que a porta onde ela ser\u00e1 pendurada fique em um local seco e arejado.<\/p>\n<h3 class=\"wp-block-heading\" id=\"h-a-dica-que-transforma-sua-cozinha-com-custo-quase-zero\">A dica que transforma sua cozinha com custo quase zero<\/h3>\n<p>Muita gente gasta com organizadores caros sem imaginar que a solu\u00e7\u00e3o est\u00e1 num item de R$ 25 encontrado em qualquer loja de utilidades. A adapta\u00e7\u00e3o da sapateira como arm\u00e1rio de temperos tem um custo praticamente simb\u00f3lico e resolve um problema real da cozinha moderna: a falta de espa\u00e7o.<\/p>\n<p>Al\u00e9m disso, \u00e9 uma solu\u00e7\u00e3o que d\u00e1 gosto de mostrar. Quem visita sua casa certamente vai elogiar a criatividade \u2014 e, quem sabe, sair de l\u00e1 querendo copiar a ideia. Uma prova de que organiza\u00e7\u00e3o pode, sim, ser acess\u00edvel e charmosa ao mesmo tempo.<\/p>\n<\/div>\n","protected":false},"excerpt":{"rendered":"<div>\n<div>\n<figure><img decoding=\"async\" src=\"https:\/\/uploads.acordacidade.com.br\/2025\/06\/lzNltyz4-Sapateira-de-tecido-na-porta-pode-virar-um-armario-de-temperos-genial.webp\" alt=\"Sapateira de tecido na porta pode virar um arm\u00e1rio de temperos genial\"><figcaption>Sapateira de tecido na porta pode virar um arm\u00e1rio de temperos genial<\/figcaption><\/figure>\n<\/div>\n<p>Sapateira de tecido na porta vira arm\u00e1rio de temperos pr\u00e1tico e barato para quem tem pouco espa\u00e7o na cozinha.<\/p><\/div>\n","protected":false},"author":1,"featured_media":88685,"comment_status":"closed","ping_status":"closed","sticky":false,"template":"","format":"gallery","meta":{"footnotes":""},"categories":[8,9,6,57,56,10],"tags":[],"class_list":["post-88684","post","type-post","status-publish","format-gallery","has-post-thumbnail","hentry","category-bahia","category-brasil","category-feira-de-santana","category-mundo","category-policia","category-politica","post_format-post-format-gallery"],"featured_image_urls":{"full":["https:\/\/noticiasbahia360.com.br\/wp-content\/uploads\/2025\/06\/lzNltyz4-Sapateira-de-tecido-na-porta-pode-virar-um-armario-de-temperos-genial.webp",1536,1024,false],"thumbnail":["https:\/\/noticiasbahia360.com.br\/wp-content\/uploads\/2025\/06\/lzNltyz4-Sapateira-de-tecido-na-porta-pode-virar-um-armario-de-temperos-genial-150x150.webp",150,150,true],"medium":["https:\/\/noticiasbahia360.com.br\/wp-content\/uploads\/2025\/06\/lzNltyz4-Sapateira-de-tecido-na-porta-pode-virar-um-armario-de-temperos-genial-300x200.webp",300,200,true],"medium_large":["https:\/\/noticiasbahia360.com.br\/wp-content\/uploads\/2025\/06\/lzNltyz4-Sapateira-de-tecido-na-porta-pode-virar-um-armario-de-temperos-genial-768x512.webp",640,427,true],"large":["https:\/\/noticiasbahia360.com.br\/wp-content\/uploads\/2025\/06\/lzNltyz4-Sapateira-de-tecido-na-porta-pode-virar-um-armario-de-temperos-genial-1024x683.webp",640,427,true],"1536x1536":["https:\/\/noticiasbahia360.com.br\/wp-content\/uploads\/2025\/06\/lzNltyz4-Sapateira-de-tecido-na-porta-pode-virar-um-armario-de-temperos-genial.webp",1536,1024,false],"2048x2048":["https:\/\/noticiasbahia360.com.br\/wp-content\/uploads\/2025\/06\/lzNltyz4-Sapateira-de-tecido-na-porta-pode-virar-um-armario-de-temperos-genial.webp",1536,1024,false],"chromenews-featured":["https:\/\/noticiasbahia360.com.br\/wp-content\/uploads\/2025\/06\/lzNltyz4-Sapateira-de-tecido-na-porta-pode-virar-um-armario-de-temperos-genial-1024x683.webp",1024,683,true],"chromenews-large":["https:\/\/noticiasbahia360.com.br\/wp-content\/uploads\/2025\/06\/lzNltyz4-Sapateira-de-tecido-na-porta-pode-virar-um-armario-de-temperos-genial-825x575.webp",825,575,true],"chromenews-medium":["https:\/\/noticiasbahia360.com.br\/wp-content\/uploads\/2025\/06\/lzNltyz4-Sapateira-de-tecido-na-porta-pode-virar-um-armario-de-temperos-genial-590x410.webp",590,410,true]},"author_info":{"display_name":"noticiasbahia360.com.br","author_link":"https:\/\/noticiasbahia360.com.br\/?author=1"},"category_info":"<a href=\"https:\/\/noticiasbahia360.com.br\/?cat=8\" rel=\"category\">Bahia<\/a> <a href=\"https:\/\/noticiasbahia360.com.br\/?cat=9\" rel=\"category\">Brasil<\/a> <a href=\"https:\/\/noticiasbahia360.com.br\/?cat=6\" rel=\"category\">Feira de Santana<\/a> <a href=\"https:\/\/noticiasbahia360.com.br\/?cat=57\" rel=\"category\">Mundo<\/a> <a href=\"https:\/\/noticiasbahia360.com.br\/?cat=56\" rel=\"category\">Pol\u00edcia<\/a> <a href=\"https:\/\/noticiasbahia360.com.br\/?cat=10\" rel=\"category\">Pol\u00edtica<\/a>","tag_info":"Pol\u00edtica","comment_count":"0","_links":{"self":[{"href":"https:\/\/noticiasbahia360.com.br\/index.php?rest_route=\/wp\/v2\/posts\/88684","targetHints":{"allow":["GET"]}}],"collection":[{"href":"https:\/\/noticiasbahia360.com.br\/index.php?rest_route=\/wp\/v2\/posts"}],"about":[{"href":"https:\/\/noticiasbahia360.com.br\/index.php?rest_route=\/wp\/v2\/types\/post"}],"author":[{"embeddable":true,"href":"https:\/\/noticiasbahia360.com.br\/index.php?rest_route=\/wp\/v2\/users\/1"}],"replies":[{"embeddable":true,"href":"https:\/\/noticiasbahia360.com.br\/index.php?rest_route=%2Fwp%2Fv2%2Fcomments&post=88684"}],"version-history":[{"count":0,"href":"https:\/\/noticiasbahia360.com.br\/index.php?rest_route=\/wp\/v2\/posts\/88684\/revisions"}],"wp:featuredmedia":[{"embeddable":true,"href":"https:\/\/noticiasbahia360.com.br\/index.php?rest_route=\/wp\/v2\/media\/88685"}],"wp:attachment":[{"href":"https:\/\/noticiasbahia360.com.br\/index.php?rest_route=%2Fwp%2Fv2%2Fmedia&parent=88684"}],"wp:term":[{"taxonomy":"category","embeddable":true,"href":"https:\/\/noticiasbahia360.com.br\/index.php?rest_route=%2Fwp%2Fv2%2Fcategories&post=88684"},{"taxonomy":"post_tag","embeddable":true,"href":"https:\/\/noticiasbahia360.com.br\/index.php?rest_route=%2Fwp%2Fv2%2Ftags&post=88684"}],"curies":[{"name":"wp","href":"https:\/\/api.w.org\/{rel}","templated":true}]}}