{"id":88686,"date":"2025-06-04T10:11:55","date_gmt":"2025-06-04T13:11:55","guid":{"rendered":"https:\/\/noticiasbahia360.com.br\/?p=88686"},"modified":"2025-06-04T10:11:55","modified_gmt":"2025-06-04T13:11:55","slug":"arroba-do-boi-teve-pequena-variacao-em-maio","status":"publish","type":"post","link":"https:\/\/noticiasbahia360.com.br\/?p=88686","title":{"rendered":"Arroba do boi teve pequena varia\u00e7\u00e3o em maio"},"content":{"rendered":"<div>\n<div>\n<figure><img decoding=\"async\" src=\"http:\/\/noticiasbahia360.com.br\/wp-content\/uploads\/2025\/06\/vaca-boi-pecuaria-gado-animal-leite-Foto-Lay-Amorim-Achei-Sudoeste.jpg\" alt=\"vaca boi\"><figcaption>Foto: Lay Amorim\/Achei Sudoeste<\/figcaption><\/figure>\n<\/div>\n<p>O pre\u00e7o da arroba do boi gordo na regi\u00e3o de <a href=\"https:\/\/www.acordacidade.com.br\/tag\/feira-de-santana\/\">Feira de Santana<\/a> fechou o m\u00eas de maio com queda de 3,3%, passando de R$ 300 no final de abril para R$ 290 na \u00faltima cota\u00e7\u00e3o. Ao longo do m\u00eas, o pre\u00e7o manteve uma varia\u00e7\u00e3o relativamente controlada, oscilando entre R$ 290 e R$ 295. Veja como se comportaram os valores semanais:<\/p>\n<figure class=\"wp-block-image size-large is-resized\"><img fetchpriority=\"high\" data-dominant-color=\"b7beab\" data-has-transparency=\"false\" fetchpriority=\"high\" decoding=\"async\" width=\"768\" height=\"768\" sizes=\"(max-width: 768px) 100vw, 768px\" src=\"http:\/\/noticiasbahia360.com.br\/wp-content\/uploads\/2025\/06\/ZCunkHoC-arrobadoboi_divulgacao-768x768-1.webp\" alt=\"Arroba do Boi\" class=\"wp-image-561946 not-transparent\" style=\"--dominant-color: #b7beab; width:838px;height:auto\" srcset=\"https:\/\/uploads.acordacidade.com.br\/2025\/06\/ZCunkHoC-arrobadoboi_divulgacao-365x365.webp 365w, http:\/\/noticiasbahia360.com.br\/wp-content\/uploads\/2025\/06\/ZCunkHoC-arrobadoboi_divulgacao-768x768-1.webp 768w, https:\/\/uploads.acordacidade.com.br\/2025\/06\/ZCunkHoC-arrobadoboi_divulgacao-240x240.webp 240w, https:\/\/uploads.acordacidade.com.br\/2025\/06\/ZCunkHoC-arrobadoboi_divulgacao-553x553.webp 553w, https:\/\/uploads.acordacidade.com.br\/2025\/06\/ZCunkHoC-arrobadoboi_divulgacao-96x96.webp 96w, https:\/\/uploads.acordacidade.com.br\/2025\/06\/ZCunkHoC-arrobadoboi_divulgacao-150x150.webp 150w, https:\/\/uploads.acordacidade.com.br\/2025\/06\/ZCunkHoC-arrobadoboi_divulgacao.webp 1200w\"><figcaption class=\"wp-element-caption\">Foto: Divulga\u00e7\u00e3o<\/figcaption><\/figure>\n<p>Esse comportamento do mercado reflete uma combina\u00e7\u00e3o de fatores. A oferta de animais permaneceu firme, pressionando os pre\u00e7os, enquanto a demanda interna por carne bovina seguiu moderada, dentro do cen\u00e1rio econ\u00f4mico atual.<\/p>\n<p>Por outro lado, as exporta\u00e7\u00f5es continuam fortes, especialmente para mercados da \u00c1sia, o que ajuda a evitar uma queda mais acentuada dos pre\u00e7os.<\/p>\n<p>A Cooperfeira avalia que, nos pr\u00f3ximos meses, os pre\u00e7os tendem a se recuperar, impulsionados pela redu\u00e7\u00e3o na oferta, t\u00edpica do per\u00edodo de entressafra, e pela manuten\u00e7\u00e3o da demanda externa aquecida. Contudo, o comportamento do clima e o ritmo da economia seguir\u00e3o sendo fatores decisivos para o mercado.<\/p>\n<p>A Cooperfeira segue acompanhando de perto o cen\u00e1rio e disponibiliza essas informa\u00e7\u00f5es para orientar produtores, compradores e demais agentes do setor pecu\u00e1rio.<\/p>\n<p><em>Siga o Acorda Cidade no<\/em><a href=\"https:\/\/news.google.com\/search?q=acorda%20cidade&amp;hl=pt-BR&amp;gl=BR&amp;ceid=BR%3Apt-419\"><strong><em> Google Not\u00edcias<\/em><\/strong><\/a><em> e receba os principais destaques do dia. Participe tamb\u00e9m dos nossos canais no <\/em><a href=\"https:\/\/whatsapp.com\/channel\/0029Va6Rb4v3WHTNnsh8WI3N\"><strong><em>WhatsApp<\/em><\/strong><\/a><em> e <\/em><a href=\"https:\/\/www.youtube.com\/@acordacidadenoticias\/videos\"><strong>Youtube<\/strong><\/a><em> e grupo de <\/em><a href=\"https:\/\/t.me\/+sSz0khrgARA0ZmRh\"><strong><em>Telegram<\/em><\/strong><\/a><em>.<\/em><\/p>\n<\/div>\n","protected":false},"excerpt":{"rendered":"<div>\n<div>\n<figure><img decoding=\"async\" src=\"https:\/\/uploads.acordacidade.com.br\/2025\/01\/vaca-boi-pecuaria-gado-animal-leite-Foto-Lay-Amorim-Achei-Sudoeste.jpg\" alt=\"vaca boi\"><figcaption>Foto: Lay Amorim\/Achei Sudoeste<\/figcaption><\/figure>\n<\/div>\n<p>Ao longo do m\u00eas, o pre\u00e7o manteve uma varia\u00e7\u00e3o relativamente controlada, oscilando entre R$ 290 e R$ 295.<\/p><\/div>\n","protected":false},"author":1,"featured_media":88687,"comment_status":"closed","ping_status":"closed","sticky":false,"template":"","format":"gallery","meta":{"footnotes":""},"categories":[8,9,6,57,56,10],"tags":[],"class_list":["post-88686","post","type-post","status-publish","format-gallery","has-post-thumbnail","hentry","category-bahia","category-brasil","category-feira-de-santana","category-mundo","category-policia","category-politica","post_format-post-format-gallery"],"featured_image_urls":{"full":["https:\/\/noticiasbahia360.com.br\/wp-content\/uploads\/2025\/06\/vaca-boi-pecuaria-gado-animal-leite-Foto-Lay-Amorim-Achei-Sudoeste.jpg",640,427,false],"thumbnail":["https:\/\/noticiasbahia360.com.br\/wp-content\/uploads\/2025\/06\/vaca-boi-pecuaria-gado-animal-leite-Foto-Lay-Amorim-Achei-Sudoeste-150x150.jpg",150,150,true],"medium":["https:\/\/noticiasbahia360.com.br\/wp-content\/uploads\/2025\/06\/vaca-boi-pecuaria-gado-animal-leite-Foto-Lay-Amorim-Achei-Sudoeste-300x200.jpg",300,200,true],"medium_large":["https:\/\/noticiasbahia360.com.br\/wp-content\/uploads\/2025\/06\/vaca-boi-pecuaria-gado-animal-leite-Foto-Lay-Amorim-Achei-Sudoeste.jpg",640,427,false],"large":["https:\/\/noticiasbahia360.com.br\/wp-content\/uploads\/2025\/06\/vaca-boi-pecuaria-gado-animal-leite-Foto-Lay-Amorim-Achei-Sudoeste.jpg",640,427,false],"1536x1536":["https:\/\/noticiasbahia360.com.br\/wp-content\/uploads\/2025\/06\/vaca-boi-pecuaria-gado-animal-leite-Foto-Lay-Amorim-Achei-Sudoeste.jpg",640,427,false],"2048x2048":["https:\/\/noticiasbahia360.com.br\/wp-content\/uploads\/2025\/06\/vaca-boi-pecuaria-gado-animal-leite-Foto-Lay-Amorim-Achei-Sudoeste.jpg",640,427,false],"chromenews-featured":["https:\/\/noticiasbahia360.com.br\/wp-content\/uploads\/2025\/06\/vaca-boi-pecuaria-gado-animal-leite-Foto-Lay-Amorim-Achei-Sudoeste.jpg",640,427,false],"chromenews-large":["https:\/\/noticiasbahia360.com.br\/wp-content\/uploads\/2025\/06\/vaca-boi-pecuaria-gado-animal-leite-Foto-Lay-Amorim-Achei-Sudoeste.jpg",640,427,false],"chromenews-medium":["https:\/\/noticiasbahia360.com.br\/wp-content\/uploads\/2025\/06\/vaca-boi-pecuaria-gado-animal-leite-Foto-Lay-Amorim-Achei-Sudoeste-590x410.jpg",590,410,true]},"author_info":{"display_name":"noticiasbahia360.com.br","author_link":"https:\/\/noticiasbahia360.com.br\/?author=1"},"category_info":"<a href=\"https:\/\/noticiasbahia360.com.br\/?cat=8\" rel=\"category\">Bahia<\/a> <a href=\"https:\/\/noticiasbahia360.com.br\/?cat=9\" rel=\"category\">Brasil<\/a> <a href=\"https:\/\/noticiasbahia360.com.br\/?cat=6\" rel=\"category\">Feira de Santana<\/a> <a href=\"https:\/\/noticiasbahia360.com.br\/?cat=57\" rel=\"category\">Mundo<\/a> <a href=\"https:\/\/noticiasbahia360.com.br\/?cat=56\" rel=\"category\">Pol\u00edcia<\/a> <a href=\"https:\/\/noticiasbahia360.com.br\/?cat=10\" rel=\"category\">Pol\u00edtica<\/a>","tag_info":"Pol\u00edtica","comment_count":"0","_links":{"self":[{"href":"https:\/\/noticiasbahia360.com.br\/index.php?rest_route=\/wp\/v2\/posts\/88686","targetHints":{"allow":["GET"]}}],"collection":[{"href":"https:\/\/noticiasbahia360.com.br\/index.php?rest_route=\/wp\/v2\/posts"}],"about":[{"href":"https:\/\/noticiasbahia360.com.br\/index.php?rest_route=\/wp\/v2\/types\/post"}],"author":[{"embeddable":true,"href":"https:\/\/noticiasbahia360.com.br\/index.php?rest_route=\/wp\/v2\/users\/1"}],"replies":[{"embeddable":true,"href":"https:\/\/noticiasbahia360.com.br\/index.php?rest_route=%2Fwp%2Fv2%2Fcomments&post=88686"}],"version-history":[{"count":0,"href":"https:\/\/noticiasbahia360.com.br\/index.php?rest_route=\/wp\/v2\/posts\/88686\/revisions"}],"wp:featuredmedia":[{"embeddable":true,"href":"https:\/\/noticiasbahia360.com.br\/index.php?rest_route=\/wp\/v2\/media\/88687"}],"wp:attachment":[{"href":"https:\/\/noticiasbahia360.com.br\/index.php?rest_route=%2Fwp%2Fv2%2Fmedia&parent=88686"}],"wp:term":[{"taxonomy":"category","embeddable":true,"href":"https:\/\/noticiasbahia360.com.br\/index.php?rest_route=%2Fwp%2Fv2%2Fcategories&post=88686"},{"taxonomy":"post_tag","embeddable":true,"href":"https:\/\/noticiasbahia360.com.br\/index.php?rest_route=%2Fwp%2Fv2%2Ftags&post=88686"}],"curies":[{"name":"wp","href":"https:\/\/api.w.org\/{rel}","templated":true}]}} 