{"id":88693,"date":"2025-06-04T12:05:21","date_gmt":"2025-06-04T15:05:21","guid":{"rendered":"https:\/\/noticiasbahia360.com.br\/?p=88693"},"modified":"2025-06-04T12:05:21","modified_gmt":"2025-06-04T15:05:21","slug":"guanambi-confirma-caso-de-meningite-meningococica-em-estudante-da-rede-privada","status":"publish","type":"post","link":"https:\/\/noticiasbahia360.com.br\/?p=88693","title":{"rendered":"Guanambi confirma caso de meningite meningoc\u00f3cica em estudante da rede privada"},"content":{"rendered":"<div>\n<div>\n<figure><img decoding=\"async\" src=\"http:\/\/noticiasbahia360.com.br\/wp-content\/uploads\/2025\/06\/secretariamunicipaldesaude_guanambi_acheisudoeste.jpg\" alt=\"Secretaria Municipal de Sa\u00fade\"><figcaption>Foto: Lay Amorim\/Achei Sudoeste<\/figcaption><\/figure>\n<\/div>\n<p>A Secretaria Municipal de Sa\u00fade de <a href=\"https:\/\/www.acordacidade.com.br\/tag\/guanambi\/\">Guanambi<\/a> confirmou na ter\u00e7a-feira (3) um caso de meningite meningoc\u00f3cica em um aluno da rede privada de ensino. O estudante est\u00e1 internado em um hospital de refer\u00eancia na capital baiana, Salvador, recebendo tratamento especializado.<\/p>\n<p>De acordo com o Portal Achei Sudoeste, parceiro do Acorda Cidade, ap\u00f3s a confirma\u00e7\u00e3o, a Vigil\u00e2ncia Epidemiol\u00f3gica iniciou imediatamente as medidas de controle e preven\u00e7\u00e3o recomendadas pelo Minist\u00e9rio da Sa\u00fade. Entre as a\u00e7\u00f5es adotadas est\u00e3o a identifica\u00e7\u00e3o e o monitoramento dos contatos pr\u00f3ximos \u2014 incluindo colegas de classe, professores e amigos \u00edntimos \u2014 que poder\u00e3o receber um tratamento preventivo com antibi\u00f3ticos.<\/p>\n<p>Al\u00e9m disso, a Secretaria de Sa\u00fade intensificou a limpeza e a ventila\u00e7\u00e3o dos ambientes escolares, revisou a situa\u00e7\u00e3o vacinal de alunos e funcion\u00e1rios e emitiu orienta\u00e7\u00f5es \u00e0 comunidade escolar para conter a dissemina\u00e7\u00e3o da doen\u00e7a.<\/p>\n<p>A meningite meningoc\u00f3cica \u00e9 uma infec\u00e7\u00e3o bacteriana grave, transmitida por secre\u00e7\u00f5es respirat\u00f3rias, como got\u00edculas de saliva ou tosse, principalmente em situa\u00e7\u00f5es de contato pr\u00f3ximo. Os principais sintomas incluem febre alta s\u00fabita, dor de cabe\u00e7a intensa, rigidez na nuca, v\u00f4mitos persistentes, manchas vermelhas ou roxas na pele, confus\u00e3o mental e sonol\u00eancia excessiva.<\/p>\n<p><em>Siga o Acorda Cidade no<\/em><a href=\"https:\/\/news.google.com\/search?q=acorda%20cidade&amp;hl=pt-BR&amp;gl=BR&amp;ceid=BR%3Apt-419\"><strong><em> Google Not\u00edcias<\/em><\/strong><\/a><em> e receba os principais destaques do dia. Participe tamb\u00e9m dos nossos canais no <\/em><a href=\"https:\/\/whatsapp.com\/channel\/0029Va6Rb4v3WHTNnsh8WI3N\"><strong><em>WhatsApp<\/em><\/strong><\/a><em> e <\/em><a href=\"https:\/\/www.youtube.com\/@acordacidadenoticias\/videos\"><strong>Youtube<\/strong><\/a><em> e grupo de <\/em><a href=\"https:\/\/t.me\/+sSz0khrgARA0ZmRh\"><strong><em>Telegram<\/em><\/strong><\/a><em>.<\/em><\/p>\n<\/div>\n","protected":false},"excerpt":{"rendered":"<div>\n<div>\n<figure><img decoding=\"async\" src=\"https:\/\/uploads.acordacidade.com.br\/2025\/06\/secretariamunicipaldesaude_guanambi_acheisudoeste.jpg\" alt=\"Secretaria Municipal de Sa\u00fade\"><figcaption>Foto: Lay Amorim\/Achei Sudoeste<\/figcaption><\/figure>\n<\/div>\n<p>A meningite meningoc\u00f3cica \u00e9 uma infec\u00e7\u00e3o bacteriana grave, transmitida por secre\u00e7\u00f5es respirat\u00f3rias.<\/p><\/div>\n","protected":false},"author":1,"featured_media":88694,"comment_status":"closed","ping_status":"closed","sticky":false,"template":"","format":"gallery","meta":{"footnotes":""},"categories":[8,9,6,57,56,10],"tags":[],"class_list":["post-88693","post","type-post","status-publish","format-gallery","has-post-thumbnail","hentry","category-bahia","category-brasil","category-feira-de-santana","category-mundo","category-policia","category-politica","post_format-post-format-gallery"],"featured_image_urls":{"full":["https:\/\/noticiasbahia360.com.br\/wp-content\/uploads\/2025\/06\/secretariamunicipaldesaude_guanambi_acheisudoeste.jpg",1200,800,false],"thumbnail":["https:\/\/noticiasbahia360.com.br\/wp-content\/uploads\/2025\/06\/secretariamunicipaldesaude_guanambi_acheisudoeste-150x150.jpg",150,150,true],"medium":["https:\/\/noticiasbahia360.com.br\/wp-content\/uploads\/2025\/06\/secretariamunicipaldesaude_guanambi_acheisudoeste-300x200.jpg",300,200,true],"medium_large":["https:\/\/noticiasbahia360.com.br\/wp-content\/uploads\/2025\/06\/secretariamunicipaldesaude_guanambi_acheisudoeste-768x512.jpg",640,427,true],"large":["https:\/\/noticiasbahia360.com.br\/wp-content\/uploads\/2025\/06\/secretariamunicipaldesaude_guanambi_acheisudoeste-1024x683.jpg",640,427,true],"1536x1536":["https:\/\/noticiasbahia360.com.br\/wp-content\/uploads\/2025\/06\/secretariamunicipaldesaude_guanambi_acheisudoeste.jpg",1200,800,false],"2048x2048":["https:\/\/noticiasbahia360.com.br\/wp-content\/uploads\/2025\/06\/secretariamunicipaldesaude_guanambi_acheisudoeste.jpg",1200,800,false],"chromenews-featured":["https:\/\/noticiasbahia360.com.br\/wp-content\/uploads\/2025\/06\/secretariamunicipaldesaude_guanambi_acheisudoeste-1024x683.jpg",1024,683,true],"chromenews-large":["https:\/\/noticiasbahia360.com.br\/wp-content\/uploads\/2025\/06\/secretariamunicipaldesaude_guanambi_acheisudoeste-825x575.jpg",825,575,true],"chromenews-medium":["https:\/\/noticiasbahia360.com.br\/wp-content\/uploads\/2025\/06\/secretariamunicipaldesaude_guanambi_acheisudoeste-590x410.jpg",590,410,true]},"author_info":{"display_name":"noticiasbahia360.com.br","author_link":"https:\/\/noticiasbahia360.com.br\/?author=1"},"category_info":"<a href=\"https:\/\/noticiasbahia360.com.br\/?cat=8\" rel=\"category\">Bahia<\/a> <a href=\"https:\/\/noticiasbahia360.com.br\/?cat=9\" rel=\"category\">Brasil<\/a> <a href=\"https:\/\/noticiasbahia360.com.br\/?cat=6\" rel=\"category\">Feira de Santana<\/a> <a href=\"https:\/\/noticiasbahia360.com.br\/?cat=57\" rel=\"category\">Mundo<\/a> <a href=\"https:\/\/noticiasbahia360.com.br\/?cat=56\" rel=\"category\">Pol\u00edcia<\/a> <a href=\"https:\/\/noticiasbahia360.com.br\/?cat=10\" rel=\"category\">Pol\u00edtica<\/a>","tag_info":"Pol\u00edtica","comment_count":"0","_links":{"self":[{"href":"https:\/\/noticiasbahia360.com.br\/index.php?rest_route=\/wp\/v2\/posts\/88693","targetHints":{"allow":["GET"]}}],"collection":[{"href":"https:\/\/noticiasbahia360.com.br\/index.php?rest_route=\/wp\/v2\/posts"}],"about":[{"href":"https:\/\/noticiasbahia360.com.br\/index.php?rest_route=\/wp\/v2\/types\/post"}],"author":[{"embeddable":true,"href":"https:\/\/noticiasbahia360.com.br\/index.php?rest_route=\/wp\/v2\/users\/1"}],"replies":[{"embeddable":true,"href":"https:\/\/noticiasbahia360.com.br\/index.php?rest_route=%2Fwp%2Fv2%2Fcomments&post=88693"}],"version-history":[{"count":0,"href":"https:\/\/noticiasbahia360.com.br\/index.php?rest_route=\/wp\/v2\/posts\/88693\/revisions"}],"wp:featuredmedia":[{"embeddable":true,"href":"https:\/\/noticiasbahia360.com.br\/index.php?rest_route=\/wp\/v2\/media\/88694"}],"wp:attachment":[{"href":"https:\/\/noticiasbahia360.com.br\/index.php?rest_route=%2Fwp%2Fv2%2Fmedia&parent=88693"}],"wp:term":[{"taxonomy":"category","embeddable":true,"href":"https:\/\/noticiasbahia360.com.br\/index.php?rest_route=%2Fwp%2Fv2%2Fcategories&post=88693"},{"taxonomy":"post_tag","embeddable":true,"href":"https:\/\/noticiasbahia360.com.br\/index.php?rest_route=%2Fwp%2Fv2%2Ftags&post=88693"}],"curies":[{"name":"wp","href":"https:\/\/api.w.org\/{rel}","templated":true}]}}