{"id":88695,"date":"2025-06-04T12:26:59","date_gmt":"2025-06-04T15:26:59","guid":{"rendered":"https:\/\/noticiasbahia360.com.br\/?p=88695"},"modified":"2025-06-04T12:26:59","modified_gmt":"2025-06-04T15:26:59","slug":"prefeito-de-porto-seguro-critica-lentidao-do-governo-e-duvida-de-nova-ponte-pronta-em-um-ano","status":"publish","type":"post","link":"https:\/\/noticiasbahia360.com.br\/?p=88695","title":{"rendered":"Prefeito de Porto Seguro critica lentid\u00e3o do governo e duvida de nova ponte pronta em um ano"},"content":{"rendered":"<div>\n<div>\n<figure><img decoding=\"async\" src=\"http:\/\/noticiasbahia360.com.br\/wp-content\/uploads\/2025\/06\/janionatal_radarnews.png\" alt=\"Prefeito J\u00e2nio Natal\"><figcaption>Foto: Radar News<\/figcaption><\/figure>\n<\/div>\n<p>O prefeito de <a href=\"https:\/\/www.acordacidade.com.br\/tag\/porto-seguro\/\">Porto Seguro<\/a>, J\u00e2nio Natal, manifestou preocupa\u00e7\u00e3o com o impacto econ\u00f4mico e social causado pela interdi\u00e7\u00e3o da ponte sobre o Rio Jequitinhonha, na BR-101, em Itapebi. Segundo o gestor, a paralisa\u00e7\u00e3o do tr\u00e1fego de ve\u00edculos tem prejudicado n\u00e3o apenas a regi\u00e3o, mas tamb\u00e9m a economia de todo o pa\u00eds, com efeitos que superam os danos observados durante a pandemia de Covid-19.<\/p>\n<p>De acordo com o Portal Radar News, parceiro do Acorda Cidade, J\u00e2nio criticou a falta de manuten\u00e7\u00e3o da ponte, que, segundo ele, \u00e9 um problema antigo agravado pela aus\u00eancia de empenho dos governos em buscar uma solu\u00e7\u00e3o. O prefeito tamb\u00e9m destacou a lentid\u00e3o das autoridades para liberar o tr\u00e1fego e a falta de informa\u00e7\u00f5es claras sobre o futuro da estrutura.<\/p>\n<p>Ele defendeu que o projeto de reconstru\u00e7\u00e3o inclua a duplica\u00e7\u00e3o da ponte para atender \u00e0 demanda atual e futura de ve\u00edculos. J\u00e2nio afirmou ainda n\u00e3o acreditar na previs\u00e3o do governo federal de concluir a obra em um ano.<\/p>\n<p>Para amenizar a situa\u00e7\u00e3o, o prefeito sugeriu a libera\u00e7\u00e3o imediata do tr\u00e1fego para ve\u00edculos leves e o asfaltamento de um desvio alternativo que liga Santa Maria Eterna \u00e0 ponte da Veracel. Em rela\u00e7\u00e3o ao transporte coletivo, prop\u00f4s a baldea\u00e7\u00e3o dos passageiros nos dois lados da ponte, com o desembarque de um \u00f4nibus e a travessia a p\u00e9 para embarque em outro ve\u00edculo.<\/p>\n<p>J\u00e2nio defendeu ainda a realiza\u00e7\u00e3o de uma reuni\u00e3o com todos os prefeitos da regi\u00e3o, t\u00e9cnicos do Departamento Nacional de Infraestrutura de Transportes (Dnit) e ministros, com o objetivo de alinhar estrat\u00e9gias e buscar solu\u00e7\u00f5es conjuntas para a mobilidade na \u00e1rea afetada.<\/p>\n<p><strong>Leia tamb\u00e9m:<\/strong><\/p>\n<p><a href=\"https:\/\/www.acordacidade.com.br\/dilton-e-feito\/ponte-sobre-o-rio-jequitinhonha-deve-ser-construida-em-tempo-recorde-diz-ministro\/\">Ponte sobre o Rio Jequitinhonha deve ser constru\u00edda em tempo recorde, diz ministro<\/a><\/p>\n<p><a href=\"https:\/\/www.acordacidade.com.br\/bahia\/sul-da-bahia-rui-costa-afirma-que-ponte-no-vale-do-jequitinhonha-esta-condenada\/\">Rui Costa diz que vai conversar com ministro para melhorar desvio at\u00e9 que ponte no Vale do Jequitinhonha seja reconstru\u00edda<\/a><\/p>\n<p><em>Siga o Acorda Cidade no<\/em><a href=\"https:\/\/news.google.com\/search?q=acorda%20cidade&amp;hl=pt-BR&amp;gl=BR&amp;ceid=BR%3Apt-419\"><strong><em> Google Not\u00edcias<\/em><\/strong><\/a><em> e receba os principais destaques do dia. Participe tamb\u00e9m dos nossos canais no <\/em><a href=\"https:\/\/whatsapp.com\/channel\/0029Va6Rb4v3WHTNnsh8WI3N\"><strong><em>WhatsApp<\/em><\/strong><\/a><em> e <\/em><a href=\"https:\/\/www.youtube.com\/@acordacidadenoticias\/videos\"><strong>Youtube<\/strong><\/a><em> e grupo de <\/em><a href=\"https:\/\/t.me\/+sSz0khrgARA0ZmRh\"><strong><em>Telegram<\/em><\/strong><\/a><em>.<\/em><\/p>\n<\/div>\n","protected":false},"excerpt":{"rendered":"<div>\n<div>\n<figure><img decoding=\"async\" src=\"https:\/\/uploads.acordacidade.com.br\/2025\/06\/janionatal_radarnews.png\" alt=\"Prefeito J\u00e2nio Natal\"><figcaption>Foto: Radar News<\/figcaption><\/figure>\n<\/div>\n<p>O gestor defendeu que o projeto de reconstru\u00e7\u00e3o inclua a duplica\u00e7\u00e3o da ponte para atender \u00e0 demanda atual e futura de ve\u00edculos.<\/p><\/div>\n","protected":false},"author":1,"featured_media":88696,"comment_status":"closed","ping_status":"closed","sticky":false,"template":"","format":"gallery","meta":{"footnotes":""},"categories":[8,9,6,57,56,10],"tags":[],"class_list":["post-88695","post","type-post","status-publish","format-gallery","has-post-thumbnail","hentry","category-bahia","category-brasil","category-feira-de-santana","category-mundo","category-policia","category-politica","post_format-post-format-gallery"],"featured_image_urls":{"full":["https:\/\/noticiasbahia360.com.br\/wp-content\/uploads\/2025\/06\/janionatal_radarnews.png",1200,598,false],"thumbnail":["https:\/\/noticiasbahia360.com.br\/wp-content\/uploads\/2025\/06\/janionatal_radarnews-150x150.png",150,150,true],"medium":["https:\/\/noticiasbahia360.com.br\/wp-content\/uploads\/2025\/06\/janionatal_radarnews-300x150.png",300,150,true],"medium_large":["https:\/\/noticiasbahia360.com.br\/wp-content\/uploads\/2025\/06\/janionatal_radarnews-768x383.png",640,319,true],"large":["https:\/\/noticiasbahia360.com.br\/wp-content\/uploads\/2025\/06\/janionatal_radarnews-1024x510.png",640,319,true],"1536x1536":["https:\/\/noticiasbahia360.com.br\/wp-content\/uploads\/2025\/06\/janionatal_radarnews.png",1200,598,false],"2048x2048":["https:\/\/noticiasbahia360.com.br\/wp-content\/uploads\/2025\/06\/janionatal_radarnews.png",1200,598,false],"chromenews-featured":["https:\/\/noticiasbahia360.com.br\/wp-content\/uploads\/2025\/06\/janionatal_radarnews-1024x510.png",1024,510,true],"chromenews-large":["https:\/\/noticiasbahia360.com.br\/wp-content\/uploads\/2025\/06\/janionatal_radarnews-825x575.png",825,575,true],"chromenews-medium":["https:\/\/noticiasbahia360.com.br\/wp-content\/uploads\/2025\/06\/janionatal_radarnews-590x410.png",590,410,true]},"author_info":{"display_name":"noticiasbahia360.com.br","author_link":"https:\/\/noticiasbahia360.com.br\/?author=1"},"category_info":"<a href=\"https:\/\/noticiasbahia360.com.br\/?cat=8\" rel=\"category\">Bahia<\/a> <a href=\"https:\/\/noticiasbahia360.com.br\/?cat=9\" rel=\"category\">Brasil<\/a> <a href=\"https:\/\/noticiasbahia360.com.br\/?cat=6\" rel=\"category\">Feira de Santana<\/a> <a href=\"https:\/\/noticiasbahia360.com.br\/?cat=57\" rel=\"category\">Mundo<\/a> <a href=\"https:\/\/noticiasbahia360.com.br\/?cat=56\" rel=\"category\">Pol\u00edcia<\/a> <a href=\"https:\/\/noticiasbahia360.com.br\/?cat=10\" rel=\"category\">Pol\u00edtica<\/a>","tag_info":"Pol\u00edtica","comment_count":"0","_links":{"self":[{"href":"https:\/\/noticiasbahia360.com.br\/index.php?rest_route=\/wp\/v2\/posts\/88695","targetHints":{"allow":["GET"]}}],"collection":[{"href":"https:\/\/noticiasbahia360.com.br\/index.php?rest_route=\/wp\/v2\/posts"}],"about":[{"href":"https:\/\/noticiasbahia360.com.br\/index.php?rest_route=\/wp\/v2\/types\/post"}],"author":[{"embeddable":true,"href":"https:\/\/noticiasbahia360.com.br\/index.php?rest_route=\/wp\/v2\/users\/1"}],"replies":[{"embeddable":true,"href":"https:\/\/noticiasbahia360.com.br\/index.php?rest_route=%2Fwp%2Fv2%2Fcomments&post=88695"}],"version-history":[{"count":0,"href":"https:\/\/noticiasbahia360.com.br\/index.php?rest_route=\/wp\/v2\/posts\/88695\/revisions"}],"wp:featuredmedia":[{"embeddable":true,"href":"https:\/\/noticiasbahia360.com.br\/index.php?rest_route=\/wp\/v2\/media\/88696"}],"wp:attachment":[{"href":"https:\/\/noticiasbahia360.com.br\/index.php?rest_route=%2Fwp%2Fv2%2Fmedia&parent=88695"}],"wp:term":[{"taxonomy":"category","embeddable":true,"href":"https:\/\/noticiasbahia360.com.br\/index.php?rest_route=%2Fwp%2Fv2%2Fcategories&post=88695"},{"taxonomy":"post_tag","embeddable":true,"href":"https:\/\/noticiasbahia360.com.br\/index.php?rest_route=%2Fwp%2Fv2%2Ftags&post=88695"}],"curies":[{"name":"wp","href":"https:\/\/api.w.org\/{rel}","templated":true}]}}