{"id":88697,"date":"2025-06-04T12:27:13","date_gmt":"2025-06-04T15:27:13","guid":{"rendered":"https:\/\/noticiasbahia360.com.br\/?p=88697"},"modified":"2025-06-04T12:27:13","modified_gmt":"2025-06-04T15:27:13","slug":"secretario-felipe-freitas-e-o-mais-novo-cidadao-de-antonio-cardoso","status":"publish","type":"post","link":"https:\/\/noticiasbahia360.com.br\/?p=88697","title":{"rendered":"Secret\u00e1rio Felipe Freitas \u00e9 o mais novo cidad\u00e3o de Ant\u00f4nio Cardoso"},"content":{"rendered":"<div>\n<div>\n<figure><img decoding=\"async\" src=\"http:\/\/noticiasbahia360.com.br\/wp-content\/uploads\/2025\/06\/Secretario-Felipe-Freitas-e-o-mais-novo-cidadao-de-Antonio-Cardoso-2.jpg\" alt=\"Secret\u00e1rio Felipe Freitas \u00e9 o mais novo cidad\u00e3o de Ant\u00f4nio Cardoso\"><figcaption>Foto: Divulga\u00e7\u00e3o<\/figcaption><\/figure>\n<\/div>\n<p>O povo de Ant\u00f4nio Cardoso abra\u00e7ou nesta ter\u00e7a-feira (3), o seu mais novo conterr\u00e2neo. O secret\u00e1rio de Justi\u00e7a e Direitos Humanos, Felipe Freitas, \u00e9 agora \u2018Cidad\u00e3o Cardosense\u2019. O t\u00edtulo foi concedido em sess\u00e3o solene no Plen\u00e1rio da C\u00e2mara Municipal de Vereadores, por indica\u00e7\u00e3o do presidente da Casa Legislativa, Rog\u00e9rio Santos dos Anjos, em reconhecimento aos relevantes servi\u00e7os prestados ao munic\u00edpio e \u00e0 comunidade. O titular da SJDH recebeu a mais alta honraria do munic\u00edpio das m\u00e3os do edil.<\/p>\n<figure class=\"wp-block-image size-large\"><img fetchpriority=\"high\" data-dominant-color=\"91898e\" data-has-transparency=\"false\" style=\"--dominant-color: #91898e;\" fetchpriority=\"high\" decoding=\"async\" width=\"1152\" height=\"768\" sizes=\"(max-width: 1152px) 100vw, 1152px\" src=\"http:\/\/noticiasbahia360.com.br\/wp-content\/uploads\/2025\/06\/NZyR2iII-Secretario-Felipe-Freitas-e-o-mais-novo-cidadao-de-Antonio-Cardoso-1152x768-1.webp\" alt=\"Secret\u00e1rio Felipe Freitas \u00e9 o mais novo cidad\u00e3o de Ant\u00f4nio Cardoso\" class=\"wp-image-561985 not-transparent\" srcset=\"https:\/\/uploads.acordacidade.com.br\/2025\/06\/NZyR2iII-Secretario-Felipe-Freitas-e-o-mais-novo-cidadao-de-Antonio-Cardoso-548x365.webp 548w, http:\/\/noticiasbahia360.com.br\/wp-content\/uploads\/2025\/06\/NZyR2iII-Secretario-Felipe-Freitas-e-o-mais-novo-cidadao-de-Antonio-Cardoso-1152x768-1.webp 1152w, https:\/\/uploads.acordacidade.com.br\/2025\/06\/NZyR2iII-Secretario-Felipe-Freitas-e-o-mais-novo-cidadao-de-Antonio-Cardoso-830x553.webp 830w, https:\/\/uploads.acordacidade.com.br\/2025\/06\/NZyR2iII-Secretario-Felipe-Freitas-e-o-mais-novo-cidadao-de-Antonio-Cardoso-150x100.webp 150w, https:\/\/uploads.acordacidade.com.br\/2025\/06\/NZyR2iII-Secretario-Felipe-Freitas-e-o-mais-novo-cidadao-de-Antonio-Cardoso.webp 1200w\"><figcaption class=\"wp-element-caption\">Foto: Divulga\u00e7\u00e3o<\/figcaption><\/figure>\n<p>\u201cQuero fazer muito por essa cidade. \u00c9 uma alegria e um orgulho me tornar um cidad\u00e3o de Ant\u00f4nio Cardoso. Este \u00e9 um munic\u00edpio de grande valor e de muita beleza para a nossa regi\u00e3o. Sob o comando de um prefeito quilombola, a cidade tem a possibilidade de se reconectar com sua ancestralidade, que traz li\u00e7\u00f5es muito importantes de como organizar o povo e lutar por um mundo melhor, e que acredita na liberdade. Esse meu orgulho em ser cardosense se traduz tamb\u00e9m em responsabilidade para lutar pelo desenvolvimento e a dignidade dos cidad\u00e3os que escolherem este lugar para viver em liberdade\u201d, destacou Freitas.<\/p>\n<p>\u201cO secret\u00e1rio Felipe \u00e9 uma refer\u00eancia para o povo de Ant\u00f4nio Cardoso. Foi muito importante essa homenagem para o secret\u00e1rio, que \u00e9 uma pessoa muito participativa no nosso munic\u00edpio, desde o tempo em que ele fazia forma\u00e7\u00f5es. Ele nos ajudou a construir nossa trajet\u00f3ria pol\u00edtica e continua empenhado em trazer o desenvolvimento para a nossa cidade. Essa foi uma forma de reconhecer o cuidado e o carinho que ele tem pelo nosso povo\u201d, afirmou o proponente do t\u00edtulo, vereador Rog\u00e9rio dos Anjos.<\/p>\n<figure class=\"wp-block-image size-large\"><img data-dominant-color=\"89868b\" data-has-transparency=\"false\" style=\"--dominant-color: #89868b;\" decoding=\"async\" width=\"1152\" height=\"768\" sizes=\"(max-width: 1152px) 100vw, 1152px\" src=\"http:\/\/noticiasbahia360.com.br\/wp-content\/uploads\/2025\/06\/Inbfgj9w-Secretario-Felipe-Freitas-e-o-mais-novo-cidadao-de-Antonio-Cardoso1-1152x768-1.webp\" alt=\"Secret\u00e1rio Felipe Freitas \u00e9 o mais novo cidad\u00e3o de Ant\u00f4nio Cardoso\" class=\"wp-image-561984 not-transparent\" srcset=\"https:\/\/uploads.acordacidade.com.br\/2025\/06\/Inbfgj9w-Secretario-Felipe-Freitas-e-o-mais-novo-cidadao-de-Antonio-Cardoso1-548x365.webp 548w, http:\/\/noticiasbahia360.com.br\/wp-content\/uploads\/2025\/06\/Inbfgj9w-Secretario-Felipe-Freitas-e-o-mais-novo-cidadao-de-Antonio-Cardoso1-1152x768-1.webp 1152w, https:\/\/uploads.acordacidade.com.br\/2025\/06\/Inbfgj9w-Secretario-Felipe-Freitas-e-o-mais-novo-cidadao-de-Antonio-Cardoso1-830x553.webp 830w, https:\/\/uploads.acordacidade.com.br\/2025\/06\/Inbfgj9w-Secretario-Felipe-Freitas-e-o-mais-novo-cidadao-de-Antonio-Cardoso1-150x100.webp 150w, https:\/\/uploads.acordacidade.com.br\/2025\/06\/Inbfgj9w-Secretario-Felipe-Freitas-e-o-mais-novo-cidadao-de-Antonio-Cardoso1.webp 1200w\"><figcaption class=\"wp-element-caption\">Foto: Divulga\u00e7\u00e3o<\/figcaption><\/figure>\n<p>Felipe Freitas tem papel atuante e reconhecido na promo\u00e7\u00e3o de direitos, na luta pela preserva\u00e7\u00e3o da cultura e na constru\u00e7\u00e3o de pol\u00edticas p\u00fablicas para o desenvolvimento social de Ant\u00f4nio Cardoso. Aos 15 anos, j\u00e1 participava de atividades que promoviam cidadania, atrav\u00e9s da Pastoral da Juventude, pela qual fazia forma\u00e7\u00f5es sobre direitos humanos e educa\u00e7\u00e3o, participando das atividades do Movimento de Jovens de Ant\u00f4nio Cardoso (Mojac). Criado em 2004, o movimento social continua promovendo diversos projetos educacionais, focadas no desenvolvimento de jovens negros da zona rural.<\/p>\n<p>O prefeito Jocivaldo dos Anjos relembrou a trajet\u00f3ria do secret\u00e1rio no ato solene, e destacou a atua\u00e7\u00e3o do homenageado em defesa do povo baiano. \u201cFelipe \u00e9 uma inspira\u00e7\u00e3o que nos ensina a defender os direitos do nosso povo. A entrega do t\u00edtulo de cidad\u00e3o cardosense a Felipe \u00e9 um reconhecimento de toda a dedica\u00e7\u00e3o e contribui\u00e7\u00e3o que ele tem pelo nosso povo. O la\u00e7o firmado com a entrega do t\u00edtulo de cidad\u00e3o refor\u00e7a, ainda mais, nossa parceria e ajuda, ainda mais, essa terra\u201d, destacou o prefeito.<\/p>\n<p>Entre outras autoridades, participaram do ato solene, a vice-prefeita de Ant\u00f4nio Cardoso, Jamile Paulino; o chefe de Gabinete da Secretaria de Justi\u00e7a e Direitos Humanos (SJDH), Raimundo Nascimento; o deputado Estadual, Robinson Almeida; a diretora do Hospital Cl\u00e9riston Andrade de Feira de Santana, Cristiana Fran\u00e7a; o vereador de Feira de Santana, S\u00edlvio Dias; vereadores de Ant\u00f4nio Cardoso; secret\u00e1rios municipais, familiares e amigos do titular da SJDH.<\/p>\n<h2 class=\"wp-block-heading\" id=\"h-perfil\">Perfil<\/h2>\n<p>Felipe Freitas \u00e9 doutor e mestre em Direito pela Universidade de Bras\u00edlia (UnB), graduado em Direito, pela Universidade Estadual de Feira de Santana (UEFS), e professor do Programa de P\u00f3s-gradua\u00e7\u00e3o em Direito Constitucional, do Instituto Brasileiro de Ensino, Desenvolvimento e Pesquisa (IDP), em Bras\u00edlia. Atuou como coordenador Nacional do Plano de Preven\u00e7\u00e3o \u00e0 Viol\u00eancia contra a Juventude Negra, do Governo Federal; foi secret\u00e1rio Executivo do Conselho Nacional de Promo\u00e7\u00e3o da Igualdade Racial (Conapir); e consultor da ONU para Educa\u00e7\u00e3o, Ci\u00eancia, Cultura e Popula\u00e7\u00f5es. Assume a pasta da Justi\u00e7a e Direitos Humanos do Estado da Bahia desde janeiro de 2023.<\/p>\n<h2 class=\"wp-block-heading\" id=\"h-o-municipio\">O munic\u00edpio<\/h2>\n<p>Ant\u00f4nio Cardoso integra o territ\u00f3rio de identidade \u2018Portal do Sert\u00e3o\u2019 e fica situado a 147 km de Salvador, na margem esquerda do rio Paragua\u00e7u. O munic\u00edpio faz parte da \u00e1rea de expans\u00e3o metropolitana de Feira de Santana, onde nasceu o secret\u00e1rio Felipe Freitas. Ant\u00f4nio Cardoso conta hoje com 11.501 habitantes (Censo IBGE 2024), e foi criado em 1962, a partir do desmembramento do territ\u00f3rio de S\u00e3o Gon\u00e7alo dos Campos.<\/p>\n<p><em>Siga o Acorda Cidade no<\/em><a href=\"https:\/\/news.google.com\/search?q=acorda%20cidade&amp;hl=pt-BR&amp;gl=BR&amp;ceid=BR%3Apt-419\"><strong><em>\u00a0Google Not\u00edcias<\/em><\/strong><\/a><em>\u00a0e receba os principais destaques do dia. Participe tamb\u00e9m dos nossos canais no\u00a0<\/em><a href=\"https:\/\/www.whatsapp.com\/channel\/0029Va6Rb4v3WHTNnsh8WI3N\"><strong><em>WhatsApp<\/em><\/strong><\/a><em>\u00a0e\u00a0<\/em><a href=\"https:\/\/www.youtube.com\/@acordacidadenoticias\/videos\"><strong>Youtube<\/strong><\/a><em>\u00a0e grupo de\u00a0<\/em><a href=\"https:\/\/t.me\/+sSz0khrgARA0ZmRh\"><strong><em>Telegram<\/em><\/strong><\/a><em>.<\/em><\/p>\n<\/div>\n","protected":false},"excerpt":{"rendered":"<div>\n<div>\n<figure><img decoding=\"async\" src=\"https:\/\/uploads.acordacidade.com.br\/2025\/06\/Secretario-Felipe-Freitas-e-o-mais-novo-cidadao-de-Antonio-Cardoso-2.jpg\" alt=\"Secret\u00e1rio Felipe Freitas \u00e9 o mais novo cidad\u00e3o de Ant\u00f4nio Cardoso\"><figcaption>Foto: Divulga\u00e7\u00e3o<\/figcaption><\/figure>\n<\/div>\n<p>T\u00edtulo foi concedido nesta ter\u00e7a-feira (3), em sess\u00e3o solene na Casa Legislativa do munic\u00edpio<\/p><\/div>\n","protected":false},"author":1,"featured_media":88698,"comment_status":"closed","ping_status":"closed","sticky":false,"template":"","format":"gallery","meta":{"footnotes":""},"categories":[8,9,6,57,56,10],"tags":[],"class_list":["post-88697","post","type-post","status-publish","format-gallery","has-post-thumbnail","hentry","category-bahia","category-brasil","category-feira-de-santana","category-mundo","category-policia","category-politica","post_format-post-format-gallery"],"featured_image_urls":{"full":["https:\/\/noticiasbahia360.com.br\/wp-content\/uploads\/2025\/06\/Secretario-Felipe-Freitas-e-o-mais-novo-cidadao-de-Antonio-Cardoso-2.jpg",1200,800,false],"thumbnail":["https:\/\/noticiasbahia360.com.br\/wp-content\/uploads\/2025\/06\/Secretario-Felipe-Freitas-e-o-mais-novo-cidadao-de-Antonio-Cardoso-2-150x150.jpg",150,150,true],"medium":["https:\/\/noticiasbahia360.com.br\/wp-content\/uploads\/2025\/06\/Secretario-Felipe-Freitas-e-o-mais-novo-cidadao-de-Antonio-Cardoso-2-300x200.jpg",300,200,true],"medium_large":["https:\/\/noticiasbahia360.com.br\/wp-content\/uploads\/2025\/06\/Secretario-Felipe-Freitas-e-o-mais-novo-cidadao-de-Antonio-Cardoso-2-768x512.jpg",640,427,true],"large":["https:\/\/noticiasbahia360.com.br\/wp-content\/uploads\/2025\/06\/Secretario-Felipe-Freitas-e-o-mais-novo-cidadao-de-Antonio-Cardoso-2-1024x683.jpg",640,427,true],"1536x1536":["https:\/\/noticiasbahia360.com.br\/wp-content\/uploads\/2025\/06\/Secretario-Felipe-Freitas-e-o-mais-novo-cidadao-de-Antonio-Cardoso-2.jpg",1200,800,false],"2048x2048":["https:\/\/noticiasbahia360.com.br\/wp-content\/uploads\/2025\/06\/Secretario-Felipe-Freitas-e-o-mais-novo-cidadao-de-Antonio-Cardoso-2.jpg",1200,800,false],"chromenews-featured":["https:\/\/noticiasbahia360.com.br\/wp-content\/uploads\/2025\/06\/Secretario-Felipe-Freitas-e-o-mais-novo-cidadao-de-Antonio-Cardoso-2-1024x683.jpg",1024,683,true],"chromenews-large":["https:\/\/noticiasbahia360.com.br\/wp-content\/uploads\/2025\/06\/Secretario-Felipe-Freitas-e-o-mais-novo-cidadao-de-Antonio-Cardoso-2-825x575.jpg",825,575,true],"chromenews-medium":["https:\/\/noticiasbahia360.com.br\/wp-content\/uploads\/2025\/06\/Secretario-Felipe-Freitas-e-o-mais-novo-cidadao-de-Antonio-Cardoso-2-590x410.jpg",590,410,true]},"author_info":{"display_name":"noticiasbahia360.com.br","author_link":"https:\/\/noticiasbahia360.com.br\/?author=1"},"category_info":"<a href=\"https:\/\/noticiasbahia360.com.br\/?cat=8\" rel=\"category\">Bahia<\/a> <a href=\"https:\/\/noticiasbahia360.com.br\/?cat=9\" rel=\"category\">Brasil<\/a> <a href=\"https:\/\/noticiasbahia360.com.br\/?cat=6\" rel=\"category\">Feira de Santana<\/a> <a href=\"https:\/\/noticiasbahia360.com.br\/?cat=57\" rel=\"category\">Mundo<\/a> <a href=\"https:\/\/noticiasbahia360.com.br\/?cat=56\" rel=\"category\">Pol\u00edcia<\/a> <a href=\"https:\/\/noticiasbahia360.com.br\/?cat=10\" rel=\"category\">Pol\u00edtica<\/a>","tag_info":"Pol\u00edtica","comment_count":"0","_links":{"self":[{"href":"https:\/\/noticiasbahia360.com.br\/index.php?rest_route=\/wp\/v2\/posts\/88697","targetHints":{"allow":["GET"]}}],"collection":[{"href":"https:\/\/noticiasbahia360.com.br\/index.php?rest_route=\/wp\/v2\/posts"}],"about":[{"href":"https:\/\/noticiasbahia360.com.br\/index.php?rest_route=\/wp\/v2\/types\/post"}],"author":[{"embeddable":true,"href":"https:\/\/noticiasbahia360.com.br\/index.php?rest_route=\/wp\/v2\/users\/1"}],"replies":[{"embeddable":true,"href":"https:\/\/noticiasbahia360.com.br\/index.php?rest_route=%2Fwp%2Fv2%2Fcomments&post=88697"}],"version-history":[{"count":0,"href":"https:\/\/noticiasbahia360.com.br\/index.php?rest_route=\/wp\/v2\/posts\/88697\/revisions"}],"wp:featuredmedia":[{"embeddable":true,"href":"https:\/\/noticiasbahia360.com.br\/index.php?rest_route=\/wp\/v2\/media\/88698"}],"wp:attachment":[{"href":"https:\/\/noticiasbahia360.com.br\/index.php?rest_route=%2Fwp%2Fv2%2Fmedia&parent=88697"}],"wp:term":[{"taxonomy":"category","embeddable":true,"href":"https:\/\/noticiasbahia360.com.br\/index.php?rest_route=%2Fwp%2Fv2%2Fcategories&post=88697"},{"taxonomy":"post_tag","embeddable":true,"href":"https:\/\/noticiasbahia360.com.br\/index.php?rest_route=%2Fwp%2Fv2%2Ftags&post=88697"}],"curies":[{"name":"wp","href":"https:\/\/api.w.org\/{rel}","templated":true}]}}