{"id":88703,"date":"2025-06-04T12:34:40","date_gmt":"2025-06-04T15:34:40","guid":{"rendered":"https:\/\/noticiasbahia360.com.br\/?p=88703"},"modified":"2025-06-04T12:34:40","modified_gmt":"2025-06-04T15:34:40","slug":"moradores-do-bairro-panorama-sofrem-com-vazamento-de-agua-do-esgoto","status":"publish","type":"post","link":"https:\/\/noticiasbahia360.com.br\/?p=88703","title":{"rendered":"Moradores do bairro Panorama sofrem com vazamento de \u00e1gua do esgoto"},"content":{"rendered":"<div>\n<div>\n<figure><img decoding=\"async\" src=\"http:\/\/noticiasbahia360.com.br\/wp-content\/uploads\/2025\/06\/esgoto_bairropanorama_foto_edsantos_acordacidade.jpg\" alt=\"Vazamento de esgoto no bairro Panorama\"><figcaption>Foto: Ed Santos\/Acorda Cidade<\/figcaption><\/figure>\n<\/div>\n<p>A equipe de reportagem do Acorda Cidade foi acionada pelos moradores da Rua Adriano Ara\u00fajo da Silva no bairro Parque Panorama em <a href=\"https:\/\/www.acordacidade.com.br\/tag\/feira-de-santana\/\">Feira de Santana <\/a>para falar sobre um problema que vem causando transtornos no local. Uma tubula\u00e7\u00e3o da rede de esgoto que aparentemente estourou e toda a \u00e1gua suja tem sido despejada na rua, al\u00e9m de invadir as resid\u00eancias.\u00a0<\/p>\n<figure class=\"wp-block-image size-large\"><img fetchpriority=\"high\" data-dominant-color=\"5b5b56\" data-has-transparency=\"false\" style=\"--dominant-color: #5b5b56;\" fetchpriority=\"high\" decoding=\"async\" width=\"1024\" height=\"768\" sizes=\"(max-width: 1024px) 100vw, 1024px\" src=\"http:\/\/noticiasbahia360.com.br\/wp-content\/uploads\/2025\/06\/lD1ETaiI-esgoto_bairropanorama_foto_edsantos_acordacidade_1-1024x768-1.webp\" alt=\"Moradores reclamam de vazamento de esgoto no bairro Panorama\" class=\"wp-image-561936 not-transparent\" srcset=\"https:\/\/uploads.acordacidade.com.br\/2025\/06\/lD1ETaiI-esgoto_bairropanorama_foto_edsantos_acordacidade_1-487x365.webp 487w, http:\/\/noticiasbahia360.com.br\/wp-content\/uploads\/2025\/06\/lD1ETaiI-esgoto_bairropanorama_foto_edsantos_acordacidade_1-1024x768-1.webp 1024w, https:\/\/uploads.acordacidade.com.br\/2025\/06\/lD1ETaiI-esgoto_bairropanorama_foto_edsantos_acordacidade_1-737x553.webp 737w, https:\/\/uploads.acordacidade.com.br\/2025\/06\/lD1ETaiI-esgoto_bairropanorama_foto_edsantos_acordacidade_1-150x113.webp 150w, https:\/\/uploads.acordacidade.com.br\/2025\/06\/lD1ETaiI-esgoto_bairropanorama_foto_edsantos_acordacidade_1.webp 1200w\"><figcaption class=\"wp-element-caption\">Moradores da Rua Adriano Ara\u00fajo da SIlva, Panorama \u2013 Foto: Ed Santos\/Acorda Cidade<\/figcaption><\/figure>\n<p>O presidente da Associa\u00e7\u00e3o de Moradores, Edimilson dos Santos, conhece bem o bairro e informou que o problema \u00e9 antigo e todo ano, principalmente durante per\u00edodos de chuva, situa\u00e7\u00f5es como essa acabam acontecendo.<\/p>\n<p>\u201cJ\u00e1 n\u00e3o basta o alagamento que a gente tem aqui na rua toda vez que chove, agora a rede de esgoto explodiu, toda a tubula\u00e7\u00e3o, entupiu tudo. Os moradores est\u00e3o se vendo doidos com as casas cheias de fezes dentro, rato, barata. N\u00f3s temos uma moradora aqui que foi obrigada a deixar a casa dela porque a fezes invadiram.\u201d<\/p>\n<figure class=\"wp-block-image size-large\"><img data-dominant-color=\"7996a0\" data-has-transparency=\"false\" style=\"--dominant-color: #7996a0;\" decoding=\"async\" width=\"1024\" height=\"768\" sizes=\"(max-width: 1024px) 100vw, 1024px\" src=\"http:\/\/noticiasbahia360.com.br\/wp-content\/uploads\/2025\/06\/yjM9ONkr-esgoto_bairropanorama_edmilsondossantos_foto_edsantos_acordacidade_3-1024x768-1.webp\" alt=\"Edimilson dos Santos, presidente da associa\u00e7\u00e3o de moradores do bairro Panorama\" class=\"wp-image-561934 not-transparent\" srcset=\"https:\/\/uploads.acordacidade.com.br\/2025\/06\/yjM9ONkr-esgoto_bairropanorama_edmilsondossantos_foto_edsantos_acordacidade_3-487x365.webp 487w, http:\/\/noticiasbahia360.com.br\/wp-content\/uploads\/2025\/06\/yjM9ONkr-esgoto_bairropanorama_edmilsondossantos_foto_edsantos_acordacidade_3-1024x768-1.webp 1024w, https:\/\/uploads.acordacidade.com.br\/2025\/06\/yjM9ONkr-esgoto_bairropanorama_edmilsondossantos_foto_edsantos_acordacidade_3-737x553.webp 737w, https:\/\/uploads.acordacidade.com.br\/2025\/06\/yjM9ONkr-esgoto_bairropanorama_edmilsondossantos_foto_edsantos_acordacidade_3-150x113.webp 150w, https:\/\/uploads.acordacidade.com.br\/2025\/06\/yjM9ONkr-esgoto_bairropanorama_edmilsondossantos_foto_edsantos_acordacidade_3.webp 1200w\"><figcaption class=\"wp-element-caption\">Edimilson dos Santos, presidente da Associa\u00e7\u00e3o dos Moradores do bairro Panorama \u2013 Foto: Ed Santos\/Acorda Cidade<\/figcaption><\/figure>\n<p>Edimilson explicou que a Empresa Baiana de \u00c1guas e Saneamento (<a href=\"https:\/\/www.acordacidade.com.br\/tag\/embasa\/\">Embasa<\/a>) j\u00e1 esteve no local algumas vezes, mas disseram que o problema n\u00e3o tinha solu\u00e7\u00e3o. \u201cA gente quer uma resposta da Embasa. Todas as ruas daqui do Parque Panorama est\u00e3o em estado de calamidade, de tantas fezes na rua. As crian\u00e7as pisando em fezes, a gente n\u00e3o est\u00e1 podendo mandar as crian\u00e7as para o col\u00e9gio porque n\u00e3o pode sair de casa, tudo alagado, com \u00e1gua de fezes. Ent\u00e3o, se eles sa\u00edrem de casa, a situa\u00e7\u00e3o vai ser pior.\u201d explicou ao Acorda Cidade.<\/p>\n<figure class=\"wp-block-image size-large\"><img data-dominant-color=\"7d817b\" data-has-transparency=\"false\" style=\"--dominant-color: #7d817b;\" decoding=\"async\" width=\"978\" height=\"768\" sizes=\"(max-width: 978px) 100vw, 978px\" src=\"http:\/\/noticiasbahia360.com.br\/wp-content\/uploads\/2025\/06\/JQcpx6U9-esgoto_bairropanorama_foto_edsantos_acordacidade_-978x768-1.webp\" alt=\"Vazamento de esgoto no bairro Panorama\" class=\"wp-image-561937 not-transparent\" srcset=\"https:\/\/uploads.acordacidade.com.br\/2025\/06\/JQcpx6U9-esgoto_bairropanorama_foto_edsantos_acordacidade_-465x365.webp 465w, http:\/\/noticiasbahia360.com.br\/wp-content\/uploads\/2025\/06\/JQcpx6U9-esgoto_bairropanorama_foto_edsantos_acordacidade_-978x768-1.webp 978w, https:\/\/uploads.acordacidade.com.br\/2025\/06\/JQcpx6U9-esgoto_bairropanorama_foto_edsantos_acordacidade_-704x553.webp 704w, https:\/\/uploads.acordacidade.com.br\/2025\/06\/JQcpx6U9-esgoto_bairropanorama_foto_edsantos_acordacidade_-150x118.webp 150w, https:\/\/uploads.acordacidade.com.br\/2025\/06\/JQcpx6U9-esgoto_bairropanorama_foto_edsantos_acordacidade_.webp 1200w\"><figcaption class=\"wp-element-caption\">Foto: Ed Santos\/Acorda Cidade<\/figcaption><\/figure>\n<p>Cleusa Maria Cerqueira reside no local h\u00e1 28 anos. Segundo ela, a situa\u00e7\u00e3o s\u00f3 pode ser resolvida quando corrigir a raiz do problema. \u201cEsse problema foi causado por conta de uma obra mal feita nos bairros vizinhos. Fizeram a obra e n\u00e3o deram lugar para essa \u00e1gua escoar. N\u00e3o tem vaz\u00e3o. A \u00e1gua entra onde ela acha, no lugar mais baixo.\u201d\u00a0<\/p>\n<p>Cleusa falou tamb\u00e9m sobre as dificuldades enfrentadas durante as chuvas. \u201cA \u00e1gua nos atinge, n\u00f3s somos obrigados a sair de casa. No ano passado deu um metro e meio na casa de alguns moradores, na minha n\u00e3o deu essa quantidade, mas alagou tamb\u00e9m. E agora n\u00f3s estamos sofrendo com a situa\u00e7\u00e3o dos esgotos, onde n\u00f3s temos crian\u00e7as rec\u00e9m-nascidas, temos idosos doentes, e esse mau cheiro est\u00e1 piorando cada dia mais. N\u00f3s pagamos por tudo isso, pagamos esgoto, pagamos o nosso IPTU ent\u00e3o n\u00f3s queremos a solu\u00e7\u00e3o para o que n\u00f3s temos direito.\u201d.<\/p>\n<p>Jean Michel, morador que entrou em contato com a reportagem do Acorda Cidade, relata que j\u00e1 foram realizadas reuni\u00f5es com a prefeitura, que se comprometeu a resolver a situa\u00e7\u00e3o, mas at\u00e9 agora n\u00e3o tiveram retorno, e com o \u00faltimo acontecimento viver na rua ficou mais dif\u00edcil ainda.\u00a0<\/p>\n<figure class=\"wp-block-image size-large\"><img data-dominant-color=\"7d8fa4\" data-has-transparency=\"false\" style=\"--dominant-color: #7d8fa4;\" decoding=\"async\" width=\"1024\" height=\"768\" sizes=\"(max-width: 1024px) 100vw, 1024px\" src=\"http:\/\/noticiasbahia360.com.br\/wp-content\/uploads\/2025\/06\/4O906BXI-esgoto_bairropanorama_jeanmichel_foto_edsantos_acordacidade_2-1024x768-1.webp\" alt=\"Jean Michel, morador reclama de vazamento de esgoto no bairro Panorama\" class=\"wp-image-561935 not-transparent\" srcset=\"https:\/\/uploads.acordacidade.com.br\/2025\/06\/4O906BXI-esgoto_bairropanorama_jeanmichel_foto_edsantos_acordacidade_2-487x365.webp 487w, http:\/\/noticiasbahia360.com.br\/wp-content\/uploads\/2025\/06\/4O906BXI-esgoto_bairropanorama_jeanmichel_foto_edsantos_acordacidade_2-1024x768-1.webp 1024w, https:\/\/uploads.acordacidade.com.br\/2025\/06\/4O906BXI-esgoto_bairropanorama_jeanmichel_foto_edsantos_acordacidade_2-737x553.webp 737w, https:\/\/uploads.acordacidade.com.br\/2025\/06\/4O906BXI-esgoto_bairropanorama_jeanmichel_foto_edsantos_acordacidade_2-150x113.webp 150w, https:\/\/uploads.acordacidade.com.br\/2025\/06\/4O906BXI-esgoto_bairropanorama_jeanmichel_foto_edsantos_acordacidade_2.webp 1200w\"><figcaption class=\"wp-element-caption\">Jean Michel, morador do bairro Panorama \u2013 Foto: Ed Santos\/Acorda Cidade<\/figcaption><\/figure>\n<p>\u201cN\u00f3s tivemos uma reuni\u00e3o com o prefeito h\u00e1 alguns meses atr\u00e1s e ele nos garantiu, que ia realizar a obra aqui em nosso bairro para solucionar definitivamente o problema. Se passaram alguns meses, ontem foi apresentado um requerimento na C\u00e2mara, por\u00e9m, o projeto n\u00e3o foi aprovado. Mas como n\u00f3s contamos a\u00ed com a sensibilidade do prefeito, n\u00f3s pedimos a ele que nos d\u00ea uma satisfa\u00e7\u00e3o. Que se puder tamb\u00e9m fazer uma visita para ver a nossa situa\u00e7\u00e3o. Porque a gente continua naquela, n\u00e9? N\u00e3o dorme, e quando um dorme o outro fica de vigia.\u201d, relatou Jean.<\/p>\n<p>Com o problema, Elaine Melo, que mora a menos tempo na rua, j\u00e1 relata que teve diversos preju\u00edzos. \u201cEu vou fazer quatro anos aqui na rua, nesses quatro anos foi bem complicado, porque a gente sofre com a enchente todo ano. A\u00ed agora teve essa situa\u00e7\u00e3o do esgoto e minha casa foi a principal atingida porque a \u00e1gua invadiu. A gente est\u00e1 bem numa situa\u00e7\u00e3o, sem contar as doen\u00e7as, n\u00e9? Que a gente est\u00e1 a\u00ed sujeito.\u201d<\/p>\n<p>A moradora Gra\u00e7a Almeida Miranda, vive no local desde 1959, e segundo ela desde aquela \u00e9poca a situa\u00e7\u00e3o j\u00e1 era essa. \u201cEra mato e a gente j\u00e1 tinha esse problema de enchente, n\u00f3s todos os moradores aqui ficamos sem nada, a enchente levou tudo. Quando a gente pensa que tudo melhorou um pouco, agora vem essas fezes, a gente d\u00e1 descarga, a descarga n\u00e3o desce, sobe e fica o mau cheiro no quintal.. Ou a gente abandona as casas ou as autoridades v\u00eam agir e ver de perto.\u201d<\/p>\n<p>O Acorda Cidade entrou em contato com a Secretaria de Obras e Manuten\u00e7\u00f5es (Soma) e a Empresa Baiana de \u00c1guas e Saneamento(Embasa) para cobrar retorno sobre a situa\u00e7\u00e3o.<\/p>\n<p><em>Com informa\u00e7\u00f5es do rep\u00f3rter Ed Santos do Acorda Cidade<\/em><\/p>\n<p><em>Siga o Acorda Cidade no<\/em><a href=\"https:\/\/news.google.com\/search?q=acorda%20cidade&amp;hl=pt-BR&amp;gl=BR&amp;ceid=BR%3Apt-419\"><strong><em> Google Not\u00edcias<\/em><\/strong><\/a><em> e receba os principais destaques do dia. Participe tamb\u00e9m dos nossos canais no <\/em><a href=\"https:\/\/whatsapp.com\/channel\/0029Va6Rb4v3WHTNnsh8WI3N\"><strong><em>WhatsApp<\/em><\/strong><\/a><em> e <\/em><a href=\"https:\/\/www.youtube.com\/@acordacidadenoticias\/videos\"><strong>Youtube<\/strong><\/a><em> e grupo de <\/em><a href=\"https:\/\/t.me\/+sSz0khrgARA0ZmRh\"><strong><em>Telegram<\/em><\/strong><\/a><em>.<\/em><\/p>\n<\/div>\n","protected":false},"excerpt":{"rendered":"<div>\n<div>\n<figure><img decoding=\"async\" src=\"https:\/\/uploads.acordacidade.com.br\/2025\/06\/esgoto_bairropanorama_foto_edsantos_acordacidade.jpg\" alt=\"Vazamento de esgoto no bairro Panorama\"><figcaption>Foto: Ed Santos\/Acorda Cidade<\/figcaption><\/figure>\n<\/div>\n<p>Algumas pessoas est\u00e3o sem sair de casa ou abandonando as resid\u00eancias devido ao vazamento da \u00e1gua suja.<\/p><\/div>\n","protected":false},"author":1,"featured_media":88704,"comment_status":"closed","ping_status":"closed","sticky":false,"template":"","format":"gallery","meta":{"footnotes":""},"categories":[8,9,6,57,56,10],"tags":[],"class_list":["post-88703","post","type-post","status-publish","format-gallery","has-post-thumbnail","hentry","category-bahia","category-brasil","category-feira-de-santana","category-mundo","category-policia","category-politica","post_format-post-format-gallery"],"featured_image_urls":{"full":["https:\/\/noticiasbahia360.com.br\/wp-content\/uploads\/2025\/06\/esgoto_bairropanorama_foto_edsantos_acordacidade.jpg",1200,847,false],"thumbnail":["https:\/\/noticiasbahia360.com.br\/wp-content\/uploads\/2025\/06\/esgoto_bairropanorama_foto_edsantos_acordacidade-150x150.jpg",150,150,true],"medium":["https:\/\/noticiasbahia360.com.br\/wp-content\/uploads\/2025\/06\/esgoto_bairropanorama_foto_edsantos_acordacidade-300x212.jpg",300,212,true],"medium_large":["https:\/\/noticiasbahia360.com.br\/wp-content\/uploads\/2025\/06\/esgoto_bairropanorama_foto_edsantos_acordacidade-768x542.jpg",640,452,true],"large":["https:\/\/noticiasbahia360.com.br\/wp-content\/uploads\/2025\/06\/esgoto_bairropanorama_foto_edsantos_acordacidade-1024x723.jpg",640,452,true],"1536x1536":["https:\/\/noticiasbahia360.com.br\/wp-content\/uploads\/2025\/06\/esgoto_bairropanorama_foto_edsantos_acordacidade.jpg",1200,847,false],"2048x2048":["https:\/\/noticiasbahia360.com.br\/wp-content\/uploads\/2025\/06\/esgoto_bairropanorama_foto_edsantos_acordacidade.jpg",1200,847,false],"chromenews-featured":["https:\/\/noticiasbahia360.com.br\/wp-content\/uploads\/2025\/06\/esgoto_bairropanorama_foto_edsantos_acordacidade-1024x723.jpg",1024,723,true],"chromenews-large":["https:\/\/noticiasbahia360.com.br\/wp-content\/uploads\/2025\/06\/esgoto_bairropanorama_foto_edsantos_acordacidade-825x575.jpg",825,575,true],"chromenews-medium":["https:\/\/noticiasbahia360.com.br\/wp-content\/uploads\/2025\/06\/esgoto_bairropanorama_foto_edsantos_acordacidade-590x410.jpg",590,410,true]},"author_info":{"display_name":"noticiasbahia360.com.br","author_link":"https:\/\/noticiasbahia360.com.br\/?author=1"},"category_info":"<a href=\"https:\/\/noticiasbahia360.com.br\/?cat=8\" rel=\"category\">Bahia<\/a> <a href=\"https:\/\/noticiasbahia360.com.br\/?cat=9\" rel=\"category\">Brasil<\/a> <a href=\"https:\/\/noticiasbahia360.com.br\/?cat=6\" rel=\"category\">Feira de Santana<\/a> <a href=\"https:\/\/noticiasbahia360.com.br\/?cat=57\" rel=\"category\">Mundo<\/a> <a href=\"https:\/\/noticiasbahia360.com.br\/?cat=56\" rel=\"category\">Pol\u00edcia<\/a> <a href=\"https:\/\/noticiasbahia360.com.br\/?cat=10\" rel=\"category\">Pol\u00edtica<\/a>","tag_info":"Pol\u00edtica","comment_count":"0","_links":{"self":[{"href":"https:\/\/noticiasbahia360.com.br\/index.php?rest_route=\/wp\/v2\/posts\/88703","targetHints":{"allow":["GET"]}}],"collection":[{"href":"https:\/\/noticiasbahia360.com.br\/index.php?rest_route=\/wp\/v2\/posts"}],"about":[{"href":"https:\/\/noticiasbahia360.com.br\/index.php?rest_route=\/wp\/v2\/types\/post"}],"author":[{"embeddable":true,"href":"https:\/\/noticiasbahia360.com.br\/index.php?rest_route=\/wp\/v2\/users\/1"}],"replies":[{"embeddable":true,"href":"https:\/\/noticiasbahia360.com.br\/index.php?rest_route=%2Fwp%2Fv2%2Fcomments&post=88703"}],"version-history":[{"count":0,"href":"https:\/\/noticiasbahia360.com.br\/index.php?rest_route=\/wp\/v2\/posts\/88703\/revisions"}],"wp:featuredmedia":[{"embeddable":true,"href":"https:\/\/noticiasbahia360.com.br\/index.php?rest_route=\/wp\/v2\/media\/88704"}],"wp:attachment":[{"href":"https:\/\/noticiasbahia360.com.br\/index.php?rest_route=%2Fwp%2Fv2%2Fmedia&parent=88703"}],"wp:term":[{"taxonomy":"category","embeddable":true,"href":"https:\/\/noticiasbahia360.com.br\/index.php?rest_route=%2Fwp%2Fv2%2Fcategories&post=88703"},{"taxonomy":"post_tag","embeddable":true,"href":"https:\/\/noticiasbahia360.com.br\/index.php?rest_route=%2Fwp%2Fv2%2Ftags&post=88703"}],"curies":[{"name":"wp","href":"https:\/\/api.w.org\/{rel}","templated":true}]}}