{"id":88709,"date":"2025-06-04T12:56:43","date_gmt":"2025-06-04T15:56:43","guid":{"rendered":"https:\/\/noticiasbahia360.com.br\/?p=88709"},"modified":"2025-06-04T12:56:43","modified_gmt":"2025-06-04T15:56:43","slug":"justica-federal-determina-desbloqueio-dos-precatorios-do-fundef-em-feira-de-santana","status":"publish","type":"post","link":"https:\/\/noticiasbahia360.com.br\/?p=88709","title":{"rendered":"Justi\u00e7a Federal determina desbloqueio dos precat\u00f3rios do Fundef em Feira de Santana"},"content":{"rendered":"<div>\n<div>\n<figure><img decoding=\"async\" src=\"http:\/\/noticiasbahia360.com.br\/wp-content\/uploads\/2025\/06\/sala-de-aula-rede-municipal-foto-reproducao-secom.jpg\" alt=\"Professor da Rede Municipal de Ensino em sala de aula precat\u00f3rios Fundef\"><figcaption>Foto: Reprodu\u00e7\u00e3o\/ Secom<\/figcaption><\/figure>\n<\/div>\n<p>O juiz federal Herley da Luz Brasil determinou nesta quarta-feira (4) o desbloqueio dos precat\u00f3rios do Fundef destinados ao munic\u00edpio de Feira de Santana. A decis\u00e3o permite que os valores sejam utilizados, conforme Termo de Ajustamento de Conduta (TAC) firmado entre a Prefeitura e o Minist\u00e9rio P\u00fablico do Estado da Bahia (MP-BA).<\/p>\n<p>O bloqueio havia sido determinado anteriormente como medida de cautela, devido a discuss\u00f5es sobre a destina\u00e7\u00e3o dos recursos. O TAC,  conforme publicado aqui no portal Acorda Cidade, foi validado e homologado pelo Conselho Superior do Minist\u00e9rio P\u00fablico da Bahia.<\/p>\n<p>Na decis\u00e3o, o juiz esclareceu que a condi\u00e7\u00e3o imposta para o desbloqueio foi cumprida com a formaliza\u00e7\u00e3o do acordo. O magistrado destacou que a manuten\u00e7\u00e3o do bloqueio, diante da aus\u00eancia de efeito suspensivo dos recursos apresentados, seria desproporcional e impactaria terceiros, incluindo o pr\u00f3prio munic\u00edpio e os benefici\u00e1rios.<\/p>\n<p>O juiz tamb\u00e9m rejeitou o pedido de complementa\u00e7\u00e3o dos valores da execu\u00e7\u00e3o, apresentado pela APLB Sindicato, considerando que o sindicato n\u00e3o possui legitimidade para executar verbas do Fundef contra a Uni\u00e3o, al\u00e9m da aus\u00eancia de requisitos para uma nova execu\u00e7\u00e3o.<\/p>\n<p>Al\u00e9m disso, o magistrado autorizou a participa\u00e7\u00e3o do Sindicato dos Servidores P\u00fablicos Municipais (Sindep) no processo como assistente simples. A APLB foi intimada a se manifestar sobre as alega\u00e7\u00f5es feitas pelo Sindesp, especialmente quanto \u00e0 lista de professores credores e a uma mo\u00e7\u00e3o apresentada no processo.<\/p>\n<p>A decis\u00e3o j\u00e1 foi comunicada ao Tribunal Regional Federal da 1\u00aa Regi\u00e3o (TRF1) para registro do desbloqueio dos valores.<\/p>\n<p><em>Siga o Acorda Cidade no<\/em><a href=\"https:\/\/news.google.com\/search?q=acorda%20cidade&amp;hl=pt-BR&amp;gl=BR&amp;ceid=BR%3Apt-419\"><strong><em> Google Not\u00edcias<\/em><\/strong><\/a><em> e receba os principais destaques do dia. Participe tamb\u00e9m dos nossos canais no <\/em><a href=\"https:\/\/www.whatsapp.com\/channel\/0029Va6Rb4v3WHTNnsh8WI3N\"><strong><em>WhatsApp<\/em><\/strong><\/a><em> e <\/em><a href=\"https:\/\/www.youtube.com\/@acordacidadenoticias\/videos\"><strong>YouTube<\/strong><\/a><em> e grupo de <\/em><a href=\"https:\/\/t.me\/+sSz0khrgARA0ZmRh\"><strong><em>Telegram<\/em><\/strong><\/a><em>.<\/em><\/p>\n<\/div>\n","protected":false},"excerpt":{"rendered":"<div>\n<div>\n<figure><img decoding=\"async\" src=\"https:\/\/uploads.acordacidade.com.br\/wp-content\/uploads\/2023\/12\/13072633\/sala-de-aula-rede-municipal-foto-reproducao-secom.jpg\" alt=\"Professor da Rede Municipal de Ensino em sala de aula precat\u00f3rios Fundef\"><figcaption>Foto: Reprodu\u00e7\u00e3o\/ Secom<\/figcaption><\/figure>\n<\/div>\n<p>O juiz federal Herley da Luz Brasil determinou nesta quarta-feira (4) o desbloqueio dos precat\u00f3rios do Fundef destinados ao munic\u00edpio de Feira de Santana. A decis\u00e3o permite que os valores sejam utilizados, conforme Termo de Ajustamento de Conduta (TAC) firmado entre a Prefeitura e o Minist\u00e9rio P\u00fablico do Estado da Bahia (MP-BA). O bloqueio havia [\u2026]<\/p><\/div>\n","protected":false},"author":1,"featured_media":88710,"comment_status":"closed","ping_status":"closed","sticky":false,"template":"","format":"gallery","meta":{"footnotes":""},"categories":[8,9,6,57,56,10],"tags":[],"class_list":["post-88709","post","type-post","status-publish","format-gallery","has-post-thumbnail","hentry","category-bahia","category-brasil","category-feira-de-santana","category-mundo","category-policia","category-politica","post_format-post-format-gallery"],"featured_image_urls":{"full":["https:\/\/noticiasbahia360.com.br\/wp-content\/uploads\/2025\/06\/sala-de-aula-rede-municipal-foto-reproducao-secom.jpg",640,319,false],"thumbnail":["https:\/\/noticiasbahia360.com.br\/wp-content\/uploads\/2025\/06\/sala-de-aula-rede-municipal-foto-reproducao-secom-150x150.jpg",150,150,true],"medium":["https:\/\/noticiasbahia360.com.br\/wp-content\/uploads\/2025\/06\/sala-de-aula-rede-municipal-foto-reproducao-secom-300x150.jpg",300,150,true],"medium_large":["https:\/\/noticiasbahia360.com.br\/wp-content\/uploads\/2025\/06\/sala-de-aula-rede-municipal-foto-reproducao-secom.jpg",640,319,false],"large":["https:\/\/noticiasbahia360.com.br\/wp-content\/uploads\/2025\/06\/sala-de-aula-rede-municipal-foto-reproducao-secom.jpg",640,319,false],"1536x1536":["https:\/\/noticiasbahia360.com.br\/wp-content\/uploads\/2025\/06\/sala-de-aula-rede-municipal-foto-reproducao-secom.jpg",640,319,false],"2048x2048":["https:\/\/noticiasbahia360.com.br\/wp-content\/uploads\/2025\/06\/sala-de-aula-rede-municipal-foto-reproducao-secom.jpg",640,319,false],"chromenews-featured":["https:\/\/noticiasbahia360.com.br\/wp-content\/uploads\/2025\/06\/sala-de-aula-rede-municipal-foto-reproducao-secom.jpg",640,319,false],"chromenews-large":["https:\/\/noticiasbahia360.com.br\/wp-content\/uploads\/2025\/06\/sala-de-aula-rede-municipal-foto-reproducao-secom.jpg",640,319,false],"chromenews-medium":["https:\/\/noticiasbahia360.com.br\/wp-content\/uploads\/2025\/06\/sala-de-aula-rede-municipal-foto-reproducao-secom-590x319.jpg",590,319,true]},"author_info":{"display_name":"noticiasbahia360.com.br","author_link":"https:\/\/noticiasbahia360.com.br\/?author=1"},"category_info":"<a href=\"https:\/\/noticiasbahia360.com.br\/?cat=8\" rel=\"category\">Bahia<\/a> <a href=\"https:\/\/noticiasbahia360.com.br\/?cat=9\" rel=\"category\">Brasil<\/a> <a href=\"https:\/\/noticiasbahia360.com.br\/?cat=6\" rel=\"category\">Feira de Santana<\/a> <a href=\"https:\/\/noticiasbahia360.com.br\/?cat=57\" rel=\"category\">Mundo<\/a> <a href=\"https:\/\/noticiasbahia360.com.br\/?cat=56\" rel=\"category\">Pol\u00edcia<\/a> <a href=\"https:\/\/noticiasbahia360.com.br\/?cat=10\" rel=\"category\">Pol\u00edtica<\/a>","tag_info":"Pol\u00edtica","comment_count":"0","_links":{"self":[{"href":"https:\/\/noticiasbahia360.com.br\/index.php?rest_route=\/wp\/v2\/posts\/88709","targetHints":{"allow":["GET"]}}],"collection":[{"href":"https:\/\/noticiasbahia360.com.br\/index.php?rest_route=\/wp\/v2\/posts"}],"about":[{"href":"https:\/\/noticiasbahia360.com.br\/index.php?rest_route=\/wp\/v2\/types\/post"}],"author":[{"embeddable":true,"href":"https:\/\/noticiasbahia360.com.br\/index.php?rest_route=\/wp\/v2\/users\/1"}],"replies":[{"embeddable":true,"href":"https:\/\/noticiasbahia360.com.br\/index.php?rest_route=%2Fwp%2Fv2%2Fcomments&post=88709"}],"version-history":[{"count":0,"href":"https:\/\/noticiasbahia360.com.br\/index.php?rest_route=\/wp\/v2\/posts\/88709\/revisions"}],"wp:featuredmedia":[{"embeddable":true,"href":"https:\/\/noticiasbahia360.com.br\/index.php?rest_route=\/wp\/v2\/media\/88710"}],"wp:attachment":[{"href":"https:\/\/noticiasbahia360.com.br\/index.php?rest_route=%2Fwp%2Fv2%2Fmedia&parent=88709"}],"wp:term":[{"taxonomy":"category","embeddable":true,"href":"https:\/\/noticiasbahia360.com.br\/index.php?rest_route=%2Fwp%2Fv2%2Fcategories&post=88709"},{"taxonomy":"post_tag","embeddable":true,"href":"https:\/\/noticiasbahia360.com.br\/index.php?rest_route=%2Fwp%2Fv2%2Ftags&post=88709"}],"curies":[{"name":"wp","href":"https:\/\/api.w.org\/{rel}","templated":true}]}}