{"id":88711,"date":"2025-06-04T13:49:40","date_gmt":"2025-06-04T16:49:40","guid":{"rendered":"https:\/\/noticiasbahia360.com.br\/?p=88711"},"modified":"2025-06-04T13:49:40","modified_gmt":"2025-06-04T16:49:40","slug":"projeto-narrativas-visuais-artistas-de-feira-de-santana-tem-ate-8-de-junho-para-se-inscrever","status":"publish","type":"post","link":"https:\/\/noticiasbahia360.com.br\/?p=88711","title":{"rendered":"Projeto Narrativas Visuais: artistas de Feira de Santana t\u00eam at\u00e9 8 de junho para se inscrever"},"content":{"rendered":"<div>\n<div>\n<figure><img decoding=\"async\" src=\"http:\/\/noticiasbahia360.com.br\/wp-content\/uploads\/2025\/06\/8xtARAdA-Artes-visuais-1.webp\" alt=\"Projeto Narrativas Visuais\"><figcaption>Foto: Divulga\u00e7\u00e3o<\/figcaption><\/figure>\n<\/div>\n<p>Inspirado na trajet\u00f3ria do artista Jaider Esbell, a 5\u00aa edi\u00e7\u00e3o do Narrativas Visuais, projeto desenvolvido pelo Sesc Bahia, convida artistas a explorarem as \u201cGeografias do Invis\u00edvel\u201d, territ\u00f3rios que n\u00e3o cabem nos mapas tradicionais, como os afetivos, espirituais, ancestrais e encantados. O projeto acontece em quatro\u00a0cidades do interior: Alagoinhas, Feira de Santana, Jequi\u00e9 e Porto Seguro. Pela primeira vez em cinco edi\u00e7\u00f5es, foram abertas inscri\u00e7\u00f5es p\u00fablicas, por meio de um formul\u00e1rio online, para que os artistas visuais residentes ou origin\u00e1rios destas cidades possam participar da sele\u00e7\u00e3o.\u00a0 <strong>As inscri\u00e7\u00f5es v\u00e3o at\u00e9 o dia 8 de junho e podem ser feitas atrav\u00e9s do <a href=\"https:\/\/www.sescbahia.com.br\/pagina\/narrativas-visuais\" target=\"_blank\" rel=\"noreferrer noopener\">site do Sesc Bahia<\/a>.\u00a0\u00a0<\/strong><\/p>\n<figure class=\"wp-block-image size-large\"><img fetchpriority=\"high\" data-dominant-color=\"c2ae98\" data-has-transparency=\"false\" style=\"--dominant-color: #c2ae98;\" fetchpriority=\"high\" decoding=\"async\" width=\"1156\" height=\"768\" sizes=\"(max-width: 1156px) 100vw, 1156px\" src=\"http:\/\/noticiasbahia360.com.br\/wp-content\/uploads\/2025\/06\/eBZfj4DG-Artes-visuais-2-1156x768-1.webp\" alt=\"Projeto Narrativas Visuais\" class=\"wp-image-562032 not-transparent\" srcset=\"https:\/\/uploads.acordacidade.com.br\/2025\/06\/eBZfj4DG-Artes-visuais-2-550x365.webp 550w, http:\/\/noticiasbahia360.com.br\/wp-content\/uploads\/2025\/06\/eBZfj4DG-Artes-visuais-2-1156x768-1.webp 1156w, https:\/\/uploads.acordacidade.com.br\/2025\/06\/eBZfj4DG-Artes-visuais-2-833x553.webp 833w, https:\/\/uploads.acordacidade.com.br\/2025\/06\/eBZfj4DG-Artes-visuais-2-150x100.webp 150w, https:\/\/uploads.acordacidade.com.br\/2025\/06\/eBZfj4DG-Artes-visuais-2.webp 1200w\"><figcaption class=\"wp-element-caption\">Foto: Divulga\u00e7\u00e3o<\/figcaption><\/figure>\n<p>De acordo com o regulamento, ser\u00e3o selecionados\/as quatro artistas do campo das <a href=\"https:\/\/www.acordacidade.com.br\/tag\/artes-visuais\/\">artes visuais<\/a> \u2013 e que trabalhem com diferentes formas de express\u00e3o: pintura, v\u00eddeo, poesia, instala\u00e7\u00e3o, fotografia, performances, entre outras \u2013 sendo um em cada cidade, que dever\u00e3o desenvolver ao longo do processo uma interven\u00e7\u00e3o urbana in\u00e9dita; uma oficina que dialogue com a proposta da interven\u00e7\u00e3o; e um v\u00eddeo-mem\u00f3ria sobre o seu processo de cria\u00e7\u00e3o. Os\/as artistas selecionados\/as ainda ir\u00e3o participar de resid\u00eancias art\u00edsticas virtuais, com mentorias individuais e encontros coletivos, culminando na realiza\u00e7\u00e3o das propostas nas cidades-sede.\u00a0\u00a0<\/p>\n<figure class=\"wp-block-image size-large\"><img data-dominant-color=\"514a43\" data-has-transparency=\"false\" style=\"--dominant-color: #514a43;\" decoding=\"async\" width=\"1138\" height=\"768\" sizes=\"(max-width: 1138px) 100vw, 1138px\" src=\"http:\/\/noticiasbahia360.com.br\/wp-content\/uploads\/2025\/06\/fExxVw2X-Artes-visuais-1138x768-1.webp\" alt=\"Projeto Narrativas Visuais\" class=\"wp-image-562034 not-transparent\" srcset=\"https:\/\/uploads.acordacidade.com.br\/2025\/06\/fExxVw2X-Artes-visuais--541x365.webp 541w, http:\/\/noticiasbahia360.com.br\/wp-content\/uploads\/2025\/06\/fExxVw2X-Artes-visuais-1138x768-1.webp 1138w, https:\/\/uploads.acordacidade.com.br\/2025\/06\/fExxVw2X-Artes-visuais--819x553.webp 819w, https:\/\/uploads.acordacidade.com.br\/2025\/06\/fExxVw2X-Artes-visuais--150x101.webp 150w, https:\/\/uploads.acordacidade.com.br\/2025\/06\/fExxVw2X-Artes-visuais-.webp 1200w\"><figcaption class=\"wp-element-caption\">Foto: Divulga\u00e7\u00e3o<\/figcaption><\/figure>\n<p>Cada proponente selecionado\/a receber\u00e1 um valor total de R$8.630, distribu\u00eddo por etapas conforme a execu\u00e7\u00e3o das atividades propostas. A sele\u00e7\u00e3o ser\u00e1 realizada pela comiss\u00e3o de curadoria do projeto, composta por um curador externo e pela equipe t\u00e9cnica do Sesc Bahia, de acordo com a adequa\u00e7\u00e3o aos crit\u00e9rios exigidos. Artistas que participaram de edi\u00e7\u00f5es anteriores n\u00e3o poder\u00e3o compor novamente este quadro.\u00a0\u00a0<\/p>\n<figure class=\"wp-block-image size-large\"><img data-dominant-color=\"90897c\" data-has-transparency=\"false\" style=\"--dominant-color: #90897c;\" decoding=\"async\" width=\"860\" height=\"768\" sizes=\"(max-width: 860px) 100vw, 860px\" src=\"http:\/\/noticiasbahia360.com.br\/wp-content\/uploads\/2025\/06\/UvOdwnUy-Artes-visuais-1-1-860x768-1.webp\" alt=\"Projeto Narrativas Visuais\" class=\"wp-image-562035 not-transparent\" srcset=\"https:\/\/uploads.acordacidade.com.br\/2025\/06\/UvOdwnUy-Artes-visuais-1-1-409x365.webp 409w, http:\/\/noticiasbahia360.com.br\/wp-content\/uploads\/2025\/06\/UvOdwnUy-Artes-visuais-1-1-860x768-1.webp 860w, https:\/\/uploads.acordacidade.com.br\/2025\/06\/UvOdwnUy-Artes-visuais-1-1-619x553.webp 619w, https:\/\/uploads.acordacidade.com.br\/2025\/06\/UvOdwnUy-Artes-visuais-1-1-150x134.webp 150w, https:\/\/uploads.acordacidade.com.br\/2025\/06\/UvOdwnUy-Artes-visuais-1-1.webp 1200w\"><figcaption class=\"wp-element-caption\">Foto: Divulga\u00e7\u00e3o<\/figcaption><\/figure>\n<p>O Narrativas Visuais leva ao interior do estado interven\u00e7\u00f5es art\u00edsticas e oficinas que buscam refletir sobre a inser\u00e7\u00e3o e a legitimidade das obras de arte nos espa\u00e7os da cidade. A iniciativa surgiu no contexto da pandemia de Covid-19 e do per\u00edodo de isolamento social, aproximando os artistas e suas obras do p\u00fablico, mediados por comunidades virtuais criadas naquele momento. Este projeto \u00e9 mais uma a\u00e7\u00e3o em rede realizada pelo Sesc, possibilitada pelo circuito ativado no interior baiano onde o Sesc Bahia se faz presente.\u00a0\u00a0<\/p>\n<p><strong>Acesse o regulamento completo e inscreva-se <a href=\"https:\/\/www.sescbahia.com.br\/pagina\/narrativas-visuais\" target=\"_blank\" rel=\"noreferrer noopener\">aqui.<\/a><\/strong><\/p>\n<p><strong>Em caso de d\u00favidas, escreva para:\u00a0<a href=\"mailto:narrativasvisuais@sescbahia.com.br\" target=\"_blank\" rel=\"noreferrer noopener\">narrativasvisuais@sescbahia.com.br<\/a>\u00a0<\/strong><\/p>\n<p><em>Siga o Acorda Cidade no<\/em><a href=\"https:\/\/news.google.com\/search?q=acorda%20cidade&amp;hl=pt-BR&amp;gl=BR&amp;ceid=BR%3Apt-419\"><strong><em>\u00a0Google Not\u00edcias<\/em><\/strong><\/a><em>\u00a0e receba os principais destaques do dia. Participe tamb\u00e9m dos nossos canais no\u00a0<\/em><a href=\"https:\/\/whatsapp.com\/channel\/0029Va6Rb4v3WHTNnsh8WI3N\"><strong><em>WhatsApp<\/em><\/strong><\/a><em>\u00a0e\u00a0<\/em><a href=\"https:\/\/www.youtube.com\/@acordacidadenoticias\/videos\"><strong>Youtube<\/strong><\/a><em>\u00a0e grupo de\u00a0<\/em><a href=\"https:\/\/t.me\/+sSz0khrgARA0ZmRh\"><strong><em>Telegram<\/em><\/strong><\/a><em>.<\/em><\/p>\n<\/div>\n","protected":false},"excerpt":{"rendered":"<div>\n<div>\n<figure><img decoding=\"async\" src=\"https:\/\/uploads.acordacidade.com.br\/2025\/06\/8xtARAdA-Artes-visuais-1.webp\" alt=\"Projeto Narrativas Visuais\"><figcaption>Foto: Divulga\u00e7\u00e3o<\/figcaption><\/figure>\n<\/div>\n<p>A iniciativa do Sesc Bahia promove as artes visuais no interior do estado.<\/p><\/div>\n","protected":false},"author":1,"featured_media":88712,"comment_status":"closed","ping_status":"closed","sticky":false,"template":"","format":"gallery","meta":{"footnotes":""},"categories":[8,9,6,57,56,10],"tags":[],"class_list":["post-88711","post","type-post","status-publish","format-gallery","has-post-thumbnail","hentry","category-bahia","category-brasil","category-feira-de-santana","category-mundo","category-policia","category-politica","post_format-post-format-gallery"],"featured_image_urls":{"full":["https:\/\/noticiasbahia360.com.br\/wp-content\/uploads\/2025\/06\/8xtARAdA-Artes-visuais-1.webp",1200,800,false],"thumbnail":["https:\/\/noticiasbahia360.com.br\/wp-content\/uploads\/2025\/06\/8xtARAdA-Artes-visuais-1-150x150.webp",150,150,true],"medium":["https:\/\/noticiasbahia360.com.br\/wp-content\/uploads\/2025\/06\/8xtARAdA-Artes-visuais-1-300x200.webp",300,200,true],"medium_large":["https:\/\/noticiasbahia360.com.br\/wp-content\/uploads\/2025\/06\/8xtARAdA-Artes-visuais-1-768x512.webp",640,427,true],"large":["https:\/\/noticiasbahia360.com.br\/wp-content\/uploads\/2025\/06\/8xtARAdA-Artes-visuais-1-1024x683.webp",640,427,true],"1536x1536":["https:\/\/noticiasbahia360.com.br\/wp-content\/uploads\/2025\/06\/8xtARAdA-Artes-visuais-1.webp",1200,800,false],"2048x2048":["https:\/\/noticiasbahia360.com.br\/wp-content\/uploads\/2025\/06\/8xtARAdA-Artes-visuais-1.webp",1200,800,false],"chromenews-featured":["https:\/\/noticiasbahia360.com.br\/wp-content\/uploads\/2025\/06\/8xtARAdA-Artes-visuais-1-1024x683.webp",1024,683,true],"chromenews-large":["https:\/\/noticiasbahia360.com.br\/wp-content\/uploads\/2025\/06\/8xtARAdA-Artes-visuais-1-825x575.webp",825,575,true],"chromenews-medium":["https:\/\/noticiasbahia360.com.br\/wp-content\/uploads\/2025\/06\/8xtARAdA-Artes-visuais-1-590x410.webp",590,410,true]},"author_info":{"display_name":"noticiasbahia360.com.br","author_link":"https:\/\/noticiasbahia360.com.br\/?author=1"},"category_info":"<a href=\"https:\/\/noticiasbahia360.com.br\/?cat=8\" rel=\"category\">Bahia<\/a> <a href=\"https:\/\/noticiasbahia360.com.br\/?cat=9\" rel=\"category\">Brasil<\/a> <a href=\"https:\/\/noticiasbahia360.com.br\/?cat=6\" rel=\"category\">Feira de Santana<\/a> <a href=\"https:\/\/noticiasbahia360.com.br\/?cat=57\" rel=\"category\">Mundo<\/a> <a href=\"https:\/\/noticiasbahia360.com.br\/?cat=56\" rel=\"category\">Pol\u00edcia<\/a> <a href=\"https:\/\/noticiasbahia360.com.br\/?cat=10\" rel=\"category\">Pol\u00edtica<\/a>","tag_info":"Pol\u00edtica","comment_count":"0","_links":{"self":[{"href":"https:\/\/noticiasbahia360.com.br\/index.php?rest_route=\/wp\/v2\/posts\/88711","targetHints":{"allow":["GET"]}}],"collection":[{"href":"https:\/\/noticiasbahia360.com.br\/index.php?rest_route=\/wp\/v2\/posts"}],"about":[{"href":"https:\/\/noticiasbahia360.com.br\/index.php?rest_route=\/wp\/v2\/types\/post"}],"author":[{"embeddable":true,"href":"https:\/\/noticiasbahia360.com.br\/index.php?rest_route=\/wp\/v2\/users\/1"}],"replies":[{"embeddable":true,"href":"https:\/\/noticiasbahia360.com.br\/index.php?rest_route=%2Fwp%2Fv2%2Fcomments&post=88711"}],"version-history":[{"count":0,"href":"https:\/\/noticiasbahia360.com.br\/index.php?rest_route=\/wp\/v2\/posts\/88711\/revisions"}],"wp:featuredmedia":[{"embeddable":true,"href":"https:\/\/noticiasbahia360.com.br\/index.php?rest_route=\/wp\/v2\/media\/88712"}],"wp:attachment":[{"href":"https:\/\/noticiasbahia360.com.br\/index.php?rest_route=%2Fwp%2Fv2%2Fmedia&parent=88711"}],"wp:term":[{"taxonomy":"category","embeddable":true,"href":"https:\/\/noticiasbahia360.com.br\/index.php?rest_route=%2Fwp%2Fv2%2Fcategories&post=88711"},{"taxonomy":"post_tag","embeddable":true,"href":"https:\/\/noticiasbahia360.com.br\/index.php?rest_route=%2Fwp%2Fv2%2Ftags&post=88711"}],"curies":[{"name":"wp","href":"https:\/\/api.w.org\/{rel}","templated":true}]}}