{"id":88716,"date":"2025-06-04T15:16:10","date_gmt":"2025-06-04T18:16:10","guid":{"rendered":"https:\/\/noticiasbahia360.com.br\/?p=88716"},"modified":"2025-06-04T15:16:10","modified_gmt":"2025-06-04T18:16:10","slug":"os-bambas-do-nordeste-e-homenageado-com-exposicao-no-museu-casa-do-sertao","status":"publish","type":"post","link":"https:\/\/noticiasbahia360.com.br\/?p=88716","title":{"rendered":"Os Bambas do Nordeste \u00e9 homenageado com exposi\u00e7\u00e3o no Museu Casa do Sert\u00e3o"},"content":{"rendered":"<div>\n<div>\n<figure><img decoding=\"async\" src=\"http:\/\/noticiasbahia360.com.br\/wp-content\/uploads\/2025\/06\/Exposicao-.jpg\" alt=\"Os Bambas do Nordeste \u00e9 homenageado com exposi\u00e7\u00e3o no Museu Casa do Sert\u00e3o\"><figcaption>Foto: Divulga\u00e7\u00e3o <\/figcaption><\/figure>\n<\/div>\n<p>A partir de 5 de junho (quinta-feira), o Museu Casa do Sert\u00e3o da <a href=\"https:\/\/www.acordacidade.com.br\/tag\/uefs\/\">Universidade Estadual de Feira de Santana (Uefs)<\/a> abre ao p\u00fablico a exposi\u00e7\u00e3o \u201cOs Bambas do Nordeste \u2013 50 Anos de Hist\u00f3ria\u201d, uma homenagem ao ic\u00f4nico grupo forrozeiro que ajudou a moldar o som dos festejos juninos no Brasil.<\/p>\n<p>A mostra oferece uma imers\u00e3o no universo do Forr\u00f3, reunindo imagens, instrumentos, objetos e documentos que revelam os bastidores e os palcos dessa trajet\u00f3ria.<\/p>\n<p>Reconhecidos pelo Iphan como inovadores ao incorporar o trombone no Forr\u00f3 atrav\u00e9s de Jacinto Limeira, Os Bambas do Nordeste marcaram gera\u00e7\u00f5es com sua alegria contagiante e musicalidade criativa.<\/p>\n<p>A banda \u00e9 liderada atualmente por Baio do Acordeon, que guarda at\u00e9 hoje a sanfona branca presenteada por Luiz Gonzaga.<\/p>\n<p>A exposi\u00e7\u00e3o destaca os 11 discos gravados, colet\u00e2neas e hist\u00f3rias pessoais dos integrantes, que por meio do talento e da amizade consolidaram um estilo sonoro \u00fanico. Um dos marcos hist\u00f3ricos foi o convite de Abdias Filho (Diretor Art\u00edstico da Gravadora CBS) para a forma\u00e7\u00e3o do conjunto, ainda na d\u00e9cada de 1970, com forte presen\u00e7a em festas populares, especialmente no S\u00e3o Jo\u00e3o.<\/p>\n<p>Baio do Acordeon, reconhecido por Gonzag\u00e3o como mestre da sanfona, teve seu talento revelado em Feira de Santana BA em 1974. Desde ent\u00e3o, sua trajet\u00f3ria se entrela\u00e7a com a hist\u00f3ria do grupo e com o pr\u00f3prio imagin\u00e1rio musical nordestino, fundindo tradi\u00e7\u00e3o e inova\u00e7\u00e3o em uma sonoridade inconfund\u00edvel.<\/p>\n<p>Na abertura da exposi\u00e7\u00e3o acontecer\u00e1 o primeiro Sarau do Museu com a apresenta\u00e7\u00e3o musical d\u2019Os Bambas do Nordeste, que trar\u00e1 os seus principais sucessos e hist\u00f3rias.<\/p>\n<h2 class=\"wp-block-heading\" id=\"h-mais-atracoes-no-museu\">Mais Atra\u00e7\u00f5es no Museu<\/h2>\n<p>A exposi\u00e7\u00e3o integra a retomada da programa\u00e7\u00e3o do Museu Casa do Sert\u00e3o, que segue com mostras de artistas como Bel da Bonita (in memoriam) e Edson Duarte; Ant\u00f4nia Tumbalal\u00e1; Marilene Brito; Elaine Oliveira e Hort\u00eancia Sant\u2019Ana. As exposi\u00e7\u00f5es abordam temas como moradia, mem\u00f3ria, resist\u00eancia ind\u00edgena, cultura popular e identidade sertaneja.<\/p>\n<p>Destaque tamb\u00e9m para a exposi\u00e7\u00e3o \u201cSert\u00e3o em Flor\u201d, de Elaine Oliveira e para a Mostra sobre a Micareta de Feira de Santana.<\/p>\n<p>O museu completa 47 anos em 2025 e passou por reformas que modernizaram seus espa\u00e7os de preserva\u00e7\u00e3o e exposi\u00e7\u00e3o, refor\u00e7ando seu papel como guardi\u00e3o da cultura sertaneja.<\/p>\n<figure class=\"wp-block-image size-large\"><img fetchpriority=\"high\" data-dominant-color=\"906a4d\" data-has-transparency=\"false\" style=\"--dominant-color: #906a4d;\" fetchpriority=\"high\" decoding=\"async\" width=\"543\" height=\"768\" sizes=\"(max-width: 543px) 100vw, 543px\" src=\"http:\/\/noticiasbahia360.com.br\/wp-content\/uploads\/2025\/06\/dAC2oKkm-Exposicao-2-543x768-1.webp\" alt=\"Exposi\u00e7\u00e3o\" class=\"wp-image-562056 not-transparent\" srcset=\"https:\/\/uploads.acordacidade.com.br\/2025\/06\/dAC2oKkm-Exposicao-2-258x365.webp 258w, http:\/\/noticiasbahia360.com.br\/wp-content\/uploads\/2025\/06\/dAC2oKkm-Exposicao-2-543x768-1.webp 543w, https:\/\/uploads.acordacidade.com.br\/2025\/06\/dAC2oKkm-Exposicao-2-391x553.webp 391w, https:\/\/uploads.acordacidade.com.br\/2025\/06\/dAC2oKkm-Exposicao-2-1086x1536.webp 1086w, https:\/\/uploads.acordacidade.com.br\/2025\/06\/dAC2oKkm-Exposicao-2-150x212.webp 150w, https:\/\/uploads.acordacidade.com.br\/2025\/06\/dAC2oKkm-Exposicao-2.webp 1200w\"><figcaption class=\"wp-element-caption\">Foto: Divulga\u00e7\u00e3o <\/figcaption><\/figure>\n<p><em>Siga o Acorda Cidade no<\/em><a href=\"https:\/\/news.google.com\/search?q=acorda%20cidade&amp;hl=pt-BR&amp;gl=BR&amp;ceid=BR%3Apt-419\"><strong><em>\u00a0Google Not\u00edcias<\/em><\/strong><\/a><em>\u00a0e receba os principais destaques do dia. Participe tamb\u00e9m dos nossos canais no\u00a0<\/em><a href=\"https:\/\/whatsapp.com\/channel\/0029Va6Rb4v3WHTNnsh8WI3N\"><strong><em>WhatsApp<\/em><\/strong><\/a><em>\u00a0e\u00a0<\/em><a href=\"https:\/\/www.youtube.com\/@acordacidadenoticias\/videos\"><strong>Youtube<\/strong><\/a><em>\u00a0e grupo de\u00a0<\/em><a href=\"https:\/\/t.me\/+sSz0khrgARA0ZmRh\"><strong><em>Telegram<\/em><\/strong><\/a><em>.<\/em><\/p>\n<\/div>\n","protected":false},"excerpt":{"rendered":"<div>\n<div>\n<figure><img decoding=\"async\" src=\"https:\/\/uploads.acordacidade.com.br\/2025\/06\/Exposicao-.jpg\" alt=\"Os Bambas do Nordeste \u00e9 homenageado com exposi\u00e7\u00e3o no Museu Casa do Sert\u00e3o\"><figcaption>Foto: Divulga\u00e7\u00e3o <\/figcaption><\/figure>\n<\/div>\n<p>Na abertura da exposi\u00e7\u00e3o acontecer\u00e1 o primeiro Sarau do Museu com a apresenta\u00e7\u00e3o musical.<\/p><\/div>\n","protected":false},"author":1,"featured_media":88717,"comment_status":"closed","ping_status":"closed","sticky":false,"template":"","format":"gallery","meta":{"footnotes":""},"categories":[8,9,6,57,56,10],"tags":[],"class_list":["post-88716","post","type-post","status-publish","format-gallery","has-post-thumbnail","hentry","category-bahia","category-brasil","category-feira-de-santana","category-mundo","category-policia","category-politica","post_format-post-format-gallery"],"featured_image_urls":{"full":["https:\/\/noticiasbahia360.com.br\/wp-content\/uploads\/2025\/06\/Exposicao-.jpg",1200,995,false],"thumbnail":["https:\/\/noticiasbahia360.com.br\/wp-content\/uploads\/2025\/06\/Exposicao--150x150.jpg",150,150,true],"medium":["https:\/\/noticiasbahia360.com.br\/wp-content\/uploads\/2025\/06\/Exposicao--300x249.jpg",300,249,true],"medium_large":["https:\/\/noticiasbahia360.com.br\/wp-content\/uploads\/2025\/06\/Exposicao--768x637.jpg",640,531,true],"large":["https:\/\/noticiasbahia360.com.br\/wp-content\/uploads\/2025\/06\/Exposicao--1024x849.jpg",640,531,true],"1536x1536":["https:\/\/noticiasbahia360.com.br\/wp-content\/uploads\/2025\/06\/Exposicao-.jpg",1200,995,false],"2048x2048":["https:\/\/noticiasbahia360.com.br\/wp-content\/uploads\/2025\/06\/Exposicao-.jpg",1200,995,false],"chromenews-featured":["https:\/\/noticiasbahia360.com.br\/wp-content\/uploads\/2025\/06\/Exposicao--1024x849.jpg",1024,849,true],"chromenews-large":["https:\/\/noticiasbahia360.com.br\/wp-content\/uploads\/2025\/06\/Exposicao--825x575.jpg",825,575,true],"chromenews-medium":["https:\/\/noticiasbahia360.com.br\/wp-content\/uploads\/2025\/06\/Exposicao--590x410.jpg",590,410,true]},"author_info":{"display_name":"noticiasbahia360.com.br","author_link":"https:\/\/noticiasbahia360.com.br\/?author=1"},"category_info":"<a href=\"https:\/\/noticiasbahia360.com.br\/?cat=8\" rel=\"category\">Bahia<\/a> <a href=\"https:\/\/noticiasbahia360.com.br\/?cat=9\" rel=\"category\">Brasil<\/a> <a href=\"https:\/\/noticiasbahia360.com.br\/?cat=6\" rel=\"category\">Feira de Santana<\/a> <a href=\"https:\/\/noticiasbahia360.com.br\/?cat=57\" rel=\"category\">Mundo<\/a> <a href=\"https:\/\/noticiasbahia360.com.br\/?cat=56\" rel=\"category\">Pol\u00edcia<\/a> <a href=\"https:\/\/noticiasbahia360.com.br\/?cat=10\" rel=\"category\">Pol\u00edtica<\/a>","tag_info":"Pol\u00edtica","comment_count":"0","_links":{"self":[{"href":"https:\/\/noticiasbahia360.com.br\/index.php?rest_route=\/wp\/v2\/posts\/88716","targetHints":{"allow":["GET"]}}],"collection":[{"href":"https:\/\/noticiasbahia360.com.br\/index.php?rest_route=\/wp\/v2\/posts"}],"about":[{"href":"https:\/\/noticiasbahia360.com.br\/index.php?rest_route=\/wp\/v2\/types\/post"}],"author":[{"embeddable":true,"href":"https:\/\/noticiasbahia360.com.br\/index.php?rest_route=\/wp\/v2\/users\/1"}],"replies":[{"embeddable":true,"href":"https:\/\/noticiasbahia360.com.br\/index.php?rest_route=%2Fwp%2Fv2%2Fcomments&post=88716"}],"version-history":[{"count":0,"href":"https:\/\/noticiasbahia360.com.br\/index.php?rest_route=\/wp\/v2\/posts\/88716\/revisions"}],"wp:featuredmedia":[{"embeddable":true,"href":"https:\/\/noticiasbahia360.com.br\/index.php?rest_route=\/wp\/v2\/media\/88717"}],"wp:attachment":[{"href":"https:\/\/noticiasbahia360.com.br\/index.php?rest_route=%2Fwp%2Fv2%2Fmedia&parent=88716"}],"wp:term":[{"taxonomy":"category","embeddable":true,"href":"https:\/\/noticiasbahia360.com.br\/index.php?rest_route=%2Fwp%2Fv2%2Fcategories&post=88716"},{"taxonomy":"post_tag","embeddable":true,"href":"https:\/\/noticiasbahia360.com.br\/index.php?rest_route=%2Fwp%2Fv2%2Ftags&post=88716"}],"curies":[{"name":"wp","href":"https:\/\/api.w.org\/{rel}","templated":true}]}}