{"id":88721,"date":"2025-06-04T15:41:31","date_gmt":"2025-06-04T18:41:31","guid":{"rendered":"https:\/\/noticiasbahia360.com.br\/?p=88721"},"modified":"2025-06-04T15:41:31","modified_gmt":"2025-06-04T18:41:31","slug":"policia-civil-prende-homicida-e-apreende-arma-de-uso-restrito-em-ipecaeta","status":"publish","type":"post","link":"https:\/\/noticiasbahia360.com.br\/?p=88721","title":{"rendered":"Pol\u00edcia Civil prende homicida e apreende arma de uso restrito em Ipecaet\u00e1"},"content":{"rendered":"<div>\n<div>\n<figure><img decoding=\"async\" src=\"http:\/\/noticiasbahia360.com.br\/wp-content\/uploads\/2025\/06\/armasapreendidas_policiacivil.jpg\" alt=\"Armas Apreendidas\"><figcaption>Foto: Pol\u00edcia Civil<\/figcaption><\/figure>\n<\/div>\n<p>A Pol\u00edcia Civil da Bahia, em a\u00e7\u00e3o conjunta da Delegacia Territorial (DT) de Santo Estev\u00e3o, Neam de Santo Estev\u00e3o e Servi\u00e7o de Investiga\u00e7\u00e3o da DT de Ipecaet\u00e1 deu cumprimento nesta quarta-feira (4), ao mandado de Pris\u00e3o Definitiva em desfavor de um homem, expedido pela Vara Criminal, J\u00fari e Execu\u00e7\u00f5es penais da Comarca de Santo Estev\u00e3o, condenado definitivamente pelo crime de Tentativa de Homic\u00eddio Qualificado.<\/p>\n<p>Ap\u00f3s an\u00e1lise da ordem judicial e confirma\u00e7\u00e3o da autenticidade do mandado, as equipes deslocaram e procederam ao cumprimento da medida judicial, e durante cumprimento do mandado encontrou se no interior da resid\u00eancia duas armas de fogo, estando uma com sua numera\u00e7\u00e3o suprimida.<\/p>\n<p>O flagranteado confessou a propriedade das armas de fogo encontradas e apreendidas em sua resid\u00eancia.<\/p>\n<\/p>\n<\/div>\n","protected":false},"excerpt":{"rendered":"<div>\n<div>\n<figure><img decoding=\"async\" src=\"https:\/\/uploads.acordacidade.com.br\/2025\/06\/armasapreendidas_policiacivil.jpg\" alt=\"Armas Apreendidas\"><figcaption>Foto: Pol\u00edcia Civil<\/figcaption><\/figure>\n<\/div>\n<p>O flagranteado confessou a propriedade das armas de fogo encontradas e apreendidas em sua resid\u00eancia.<\/p><\/div>\n","protected":false},"author":1,"featured_media":88722,"comment_status":"closed","ping_status":"closed","sticky":false,"template":"","format":"gallery","meta":{"footnotes":""},"categories":[8,9,6,57,56,10],"tags":[],"class_list":["post-88721","post","type-post","status-publish","format-gallery","has-post-thumbnail","hentry","category-bahia","category-brasil","category-feira-de-santana","category-mundo","category-policia","category-politica","post_format-post-format-gallery"],"featured_image_urls":{"full":["https:\/\/noticiasbahia360.com.br\/wp-content\/uploads\/2025\/06\/armasapreendidas_policiacivil.jpg",1200,900,false],"thumbnail":["https:\/\/noticiasbahia360.com.br\/wp-content\/uploads\/2025\/06\/armasapreendidas_policiacivil-150x150.jpg",150,150,true],"medium":["https:\/\/noticiasbahia360.com.br\/wp-content\/uploads\/2025\/06\/armasapreendidas_policiacivil-300x225.jpg",300,225,true],"medium_large":["https:\/\/noticiasbahia360.com.br\/wp-content\/uploads\/2025\/06\/armasapreendidas_policiacivil-768x576.jpg",640,480,true],"large":["https:\/\/noticiasbahia360.com.br\/wp-content\/uploads\/2025\/06\/armasapreendidas_policiacivil-1024x768.jpg",640,480,true],"1536x1536":["https:\/\/noticiasbahia360.com.br\/wp-content\/uploads\/2025\/06\/armasapreendidas_policiacivil.jpg",1200,900,false],"2048x2048":["https:\/\/noticiasbahia360.com.br\/wp-content\/uploads\/2025\/06\/armasapreendidas_policiacivil.jpg",1200,900,false],"chromenews-featured":["https:\/\/noticiasbahia360.com.br\/wp-content\/uploads\/2025\/06\/armasapreendidas_policiacivil-1024x768.jpg",1024,768,true],"chromenews-large":["https:\/\/noticiasbahia360.com.br\/wp-content\/uploads\/2025\/06\/armasapreendidas_policiacivil-825x575.jpg",825,575,true],"chromenews-medium":["https:\/\/noticiasbahia360.com.br\/wp-content\/uploads\/2025\/06\/armasapreendidas_policiacivil-590x410.jpg",590,410,true]},"author_info":{"display_name":"noticiasbahia360.com.br","author_link":"https:\/\/noticiasbahia360.com.br\/?author=1"},"category_info":"<a href=\"https:\/\/noticiasbahia360.com.br\/?cat=8\" rel=\"category\">Bahia<\/a> <a href=\"https:\/\/noticiasbahia360.com.br\/?cat=9\" rel=\"category\">Brasil<\/a> <a href=\"https:\/\/noticiasbahia360.com.br\/?cat=6\" rel=\"category\">Feira de Santana<\/a> <a href=\"https:\/\/noticiasbahia360.com.br\/?cat=57\" rel=\"category\">Mundo<\/a> <a href=\"https:\/\/noticiasbahia360.com.br\/?cat=56\" rel=\"category\">Pol\u00edcia<\/a> <a href=\"https:\/\/noticiasbahia360.com.br\/?cat=10\" rel=\"category\">Pol\u00edtica<\/a>","tag_info":"Pol\u00edtica","comment_count":"0","_links":{"self":[{"href":"https:\/\/noticiasbahia360.com.br\/index.php?rest_route=\/wp\/v2\/posts\/88721","targetHints":{"allow":["GET"]}}],"collection":[{"href":"https:\/\/noticiasbahia360.com.br\/index.php?rest_route=\/wp\/v2\/posts"}],"about":[{"href":"https:\/\/noticiasbahia360.com.br\/index.php?rest_route=\/wp\/v2\/types\/post"}],"author":[{"embeddable":true,"href":"https:\/\/noticiasbahia360.com.br\/index.php?rest_route=\/wp\/v2\/users\/1"}],"replies":[{"embeddable":true,"href":"https:\/\/noticiasbahia360.com.br\/index.php?rest_route=%2Fwp%2Fv2%2Fcomments&post=88721"}],"version-history":[{"count":0,"href":"https:\/\/noticiasbahia360.com.br\/index.php?rest_route=\/wp\/v2\/posts\/88721\/revisions"}],"wp:featuredmedia":[{"embeddable":true,"href":"https:\/\/noticiasbahia360.com.br\/index.php?rest_route=\/wp\/v2\/media\/88722"}],"wp:attachment":[{"href":"https:\/\/noticiasbahia360.com.br\/index.php?rest_route=%2Fwp%2Fv2%2Fmedia&parent=88721"}],"wp:term":[{"taxonomy":"category","embeddable":true,"href":"https:\/\/noticiasbahia360.com.br\/index.php?rest_route=%2Fwp%2Fv2%2Fcategories&post=88721"},{"taxonomy":"post_tag","embeddable":true,"href":"https:\/\/noticiasbahia360.com.br\/index.php?rest_route=%2Fwp%2Fv2%2Ftags&post=88721"}],"curies":[{"name":"wp","href":"https:\/\/api.w.org\/{rel}","templated":true}]}}