{"id":88723,"date":"2025-06-04T15:41:36","date_gmt":"2025-06-04T18:41:36","guid":{"rendered":"https:\/\/noticiasbahia360.com.br\/?p=88723"},"modified":"2025-06-04T15:41:36","modified_gmt":"2025-06-04T18:41:36","slug":"perdeu-seus-dentes-clinica-odontologica-em-feira-de-santana-oferece-conforto-tecnologia-e-varias-opcoes-de-pagamento","status":"publish","type":"post","link":"https:\/\/noticiasbahia360.com.br\/?p=88723","title":{"rendered":"Perdeu seus dentes? Cl\u00ednica odontol\u00f3gica em Feira de Santana oferece conforto, tecnologia e v\u00e1rias op\u00e7\u00f5es de pagamento"},"content":{"rendered":"<div>\n<div>\n<figure><img decoding=\"async\" src=\"http:\/\/noticiasbahia360.com.br\/wp-content\/uploads\/2025\/06\/clinicameudente_divulgacao-3.jpg\" alt=\"Cl\u00ednica Meu Dente\"><figcaption>Foto: Divulga\u00e7\u00e3o<\/figcaption><\/figure>\n<\/div>\n<p><strong>Voc\u00ea sabia que 90% dos brasileiros adultos j\u00e1 perderam, pelo menos, um dente permanente?<\/strong> O dado, levantado pelo Instituto Brasileiro de Geografia e Estat\u00edstica (<a href=\"https:\/\/www.acordacidade.com.br\/tag\/ibge\/\">IBGE<\/a>), revela um problema que afeta diretamente a sa\u00fade, a autoestima e a qualidade de vida da popula\u00e7\u00e3o. O cen\u00e1rio \u00e9 ainda mais cr\u00edtico no Nordeste, regi\u00e3o com maior incid\u00eancia de perdas dent\u00e1rias no pa\u00eds. S\u00e3o 14 milh\u00f5es de pessoas afetadas.<\/p>\n<p>Diante desse quadro, cresce a busca por solu\u00e7\u00f5es como os implantes dent\u00e1rios. E, para desmistificar d\u00favidas, medos e, principalmente, tornar esse tratamento mais acess\u00edvel, Daiane Prazeres, diretora da <strong>cl\u00ednica Meu Dente<\/strong>, conversou no programa Acorda Cidade.<\/p>\n<figure class=\"wp-block-image size-large\"><img fetchpriority=\"high\" data-dominant-color=\"75472e\" data-has-transparency=\"false\" style=\"--dominant-color: #75472e;\" fetchpriority=\"high\" decoding=\"async\" width=\"997\" height=\"768\" sizes=\"(max-width: 997px) 100vw, 997px\" src=\"http:\/\/noticiasbahia360.com.br\/wp-content\/uploads\/2025\/06\/WUgYvrvb-clinicameudente_divulgacao-1-997x768-1.webp\" alt=\"Cl\u00ednica Meu Dente\" class=\"wp-image-562076 not-transparent\" srcset=\"https:\/\/uploads.acordacidade.com.br\/2025\/06\/WUgYvrvb-clinicameudente_divulgacao-1-474x365.webp 474w, http:\/\/noticiasbahia360.com.br\/wp-content\/uploads\/2025\/06\/WUgYvrvb-clinicameudente_divulgacao-1-997x768-1.webp 997w, https:\/\/uploads.acordacidade.com.br\/2025\/06\/WUgYvrvb-clinicameudente_divulgacao-1-718x553.webp 718w, https:\/\/uploads.acordacidade.com.br\/2025\/06\/WUgYvrvb-clinicameudente_divulgacao-1-150x116.webp 150w, https:\/\/uploads.acordacidade.com.br\/2025\/06\/WUgYvrvb-clinicameudente_divulgacao-1.webp 1200w\"><figcaption class=\"wp-element-caption\">Foto: Divulga\u00e7\u00e3o<\/figcaption><\/figure>\n<p>\u201c\u00c9 devolver a autoestima, devolver a qualidade de vida, \u00e0quelas pessoas que realmente buscam e precisam de algum tipo de tratamento odontol\u00f3gico, atrav\u00e9s de tratamentos facilitados, de qualidade, e que consiga hoje esse acesso. Que chegue a todos, para que n\u00e3o tenha mais isso de que \u00e9 dif\u00edcil, de que \u00e9 caro\u201d, destacou a dentista.<\/p>\n<h2 class=\"wp-block-heading\" id=\"h-medo-acesso-e-prioridades-por-que-tanta-gente-perde-dentes\">Medo, acesso e prioridades: por que tanta gente perde dentes?<\/h2>\n<p>A perda de dentes pode ter v\u00e1rias causas, mas algumas s\u00e3o bem recorrentes. Segundo Daiane, o problema muitas vezes come\u00e7a na dificuldade de acesso a um profissional de sa\u00fade bucal, mas tem tamb\u00e9m o medo, a higieniza\u00e7\u00e3o incorreta da boca, entre in\u00fameros fatores.<\/p>\n<p>\u201c\u00c0s vezes a dificuldade \u00e9 financeira ou realmente de acesso, por morar em uma zona rural ou em uma cidade que n\u00e3o tem esse profissional. \u00c0s vezes s\u00e3o prioridades, \u00e0s vezes \u00e9 medo. Ent\u00e3o v\u00e1rias coisas ocasionam essas perdas dent\u00e1rias\u201d, explicou.<\/p>\n<figure class=\"wp-block-image size-full\"><img data-dominant-color=\"9c8c8b\" data-has-transparency=\"false\" style=\"--dominant-color: #9c8c8b;\" decoding=\"async\" width=\"1200\" height=\"611\" sizes=\"(max-width: 1200px) 100vw, 1200px\" src=\"http:\/\/noticiasbahia360.com.br\/wp-content\/uploads\/2025\/06\/yFDFEZ1C-Meu-dente-antes-depois.webp\" alt=\"Meu dente - antes depois\" class=\"wp-image-562024 not-transparent\" srcset=\"https:\/\/uploads.acordacidade.com.br\/2025\/06\/yFDFEZ1C-Meu-dente-antes-depois-648x330.webp 648w, https:\/\/uploads.acordacidade.com.br\/2025\/06\/yFDFEZ1C-Meu-dente-antes-depois-984x501.webp 984w, https:\/\/uploads.acordacidade.com.br\/2025\/06\/yFDFEZ1C-Meu-dente-antes-depois-150x76.webp 150w, http:\/\/noticiasbahia360.com.br\/wp-content\/uploads\/2025\/06\/yFDFEZ1C-Meu-dente-antes-depois.webp 1200w\"><figcaption class=\"wp-element-caption\">Foto: Reprodu\u00e7\u00e3o <\/figcaption><\/figure>\n<p>A diretora refor\u00e7ou que o medo \u00e9 comum, mas hoje os avan\u00e7os tecnol\u00f3gicos e o conforto tornam os procedimentos muito mais tranquilos.<\/p>\n<p>\u201cHoje n\u00f3s temos tratamentos, tecnologias que facilitam, que deixam o paciente mais tranquilo. Aquela zoada daquele motor absurdo que tinha muitos anos atr\u00e1s, hoje ele est\u00e1 mais suave, a cadeira mais confort\u00e1vel, um ambiente mais confort\u00e1vel, mais tranquilo. Isso traz tranquilidade e acalma o paciente\u201d, avaliou.<\/p>\n<h2 class=\"wp-block-heading\" id=\"h-onde-esta-a-clinica-meu-dente\">Onde est\u00e1 a cl\u00ednica Meu Dente?<\/h2>\n<p><strong>Com mais de 10 anos no mercado, o grupo Meu Dente n\u00e3o para de crescer. S\u00e3o 13 unidades e uma 14\u00aa est\u00e1 a caminho, em Porto Seguro.<\/strong><\/p>\n<p>\u201cPorto Seguro \u00e9 uma cidade em crescimento e que precisa. L\u00e1 n\u00e3o tem. A gente sempre busca alguma cidade que n\u00e3o tenha uma cl\u00ednica com a nossa estrutura para oferecer realmente esse diferencial \u00e0 popula\u00e7\u00e3o\u201d, contou.<\/p>\n<p><strong>As unidades est\u00e3o espalhadas por cidades como Feira de Santana (com cinco cl\u00ednicas), Salvador, Cama\u00e7ari, Catu, Candeias, Jacobina, Irec\u00ea, Seabra, al\u00e9m de Itabaiana, em Sergipe.<\/strong><\/p>\n<h2 class=\"wp-block-heading\" id=\"h-atende-plano-tem-crediario-e-quem-nao-tem-cartao\">Atende plano? Tem credi\u00e1rio? E quem n\u00e3o tem cart\u00e3o?<\/h2>\n<p>Para quem ainda acha que cuidar dos dentes \u00e9 caro, Daiane explica que a proposta da cl\u00ednica \u00e9 justamente democratizar o acesso \u00e0 sa\u00fade bucal.<\/p>\n<p>\u201cHoje n\u00f3s atendemos plano odontol\u00f3gico em algumas cidades. Aqui em Feira, n\u00f3s atendemos na unidade da Avenida Sampaio e na unidade nova, na Get\u00falio Vargas. E estamos expandindo para outras cidades, Cama\u00e7ari, Catu e Irec\u00ea\u201d, explicou.<\/p>\n<p><strong>Mas a maior novidade \u00e9 o credi\u00e1rio pr\u00f3prio, sem intermedia\u00e7\u00e3o de financeira e sem juros. Quem preferir, tamb\u00e9m pode parcelar no cart\u00e3o em at\u00e9 20 vezes.<\/strong><\/p>\n<figure class=\"wp-block-image size-large\"><img data-dominant-color=\"736053\" data-has-transparency=\"false\" style=\"--dominant-color: #736053;\" decoding=\"async\" width=\"1034\" height=\"768\" sizes=\"(max-width: 1034px) 100vw, 1034px\" src=\"http:\/\/noticiasbahia360.com.br\/wp-content\/uploads\/2025\/06\/W17xNuKL-Daiane-Prazeres-diretora-do-Meu-Dente-1034x768-1.webp\" alt=\"Daiane Prazeres - diretora do Meu Dente\" class=\"wp-image-562019 not-transparent\" srcset=\"https:\/\/uploads.acordacidade.com.br\/2025\/06\/W17xNuKL-Daiane-Prazeres-diretora-do-Meu-Dente-492x365.webp 492w, http:\/\/noticiasbahia360.com.br\/wp-content\/uploads\/2025\/06\/W17xNuKL-Daiane-Prazeres-diretora-do-Meu-Dente-1034x768-1.webp 1034w, https:\/\/uploads.acordacidade.com.br\/2025\/06\/W17xNuKL-Daiane-Prazeres-diretora-do-Meu-Dente-745x553.webp 745w, https:\/\/uploads.acordacidade.com.br\/2025\/06\/W17xNuKL-Daiane-Prazeres-diretora-do-Meu-Dente-150x111.webp 150w, https:\/\/uploads.acordacidade.com.br\/2025\/06\/W17xNuKL-Daiane-Prazeres-diretora-do-Meu-Dente.webp 1200w\"><figcaption class=\"wp-element-caption\">Daiane Prazeres | Foto: Daniela Cardoso\/Acorda Cidade<\/figcaption><\/figure>\n<p><strong>\u201c\u00c9 um credi\u00e1rio, \u00e9 um boleto, ele vai pagar o tratamento dele de acordo com como ele pode. Com entrada, sem entrada, 10 vezes, 15 vezes, 20 vezes. Ele que vai dizer: \u2018eu posso de tal maneira\u2019, e a gente vai fazer de um jeito, da necessidade daquele paciente, para ajudar ele a realizar o tratamento\u201d, indicou a profissional.<\/strong><\/p>\n<h2 class=\"wp-block-heading\" id=\"h-quem-pode-fazer-implante-tem-limite-de-idade\">Quem pode fazer implante? Tem limite de idade?<\/h2>\n<p>Uma d\u00favida muito comum \u00e9 sobre a idade em que se pode realizar o implante. \u00c9 comum as pessoas perderem os dentes com o avan\u00e7ar da vida. Segundo Daiane, um dos fatores que incentivam essa perda s\u00e3o os problemas periodontais, que interferem na perda \u00f3ssea dos dentes. Exemplos disso s\u00e3o as bact\u00e9rias que v\u00e3o comprometendo os dentes. <strong>Mas ser\u00e1 que pode fazer implante em qualquer fase da vida?<\/strong><\/p>\n<p>\u201cA partir dos 18 anos, porque tem a quest\u00e3o do crescimento \u00f3sseo. A partir dessa idade a gente j\u00e1 consegue fazer. E n\u00e3o tem idade m\u00e1xima. O idoso pode fazer, desde que ele tenha condi\u00e7\u00f5es sist\u00eamicas que permitam\u201d, explicou a dentista ao Acorda Cidade.<\/p>\n<p>Pacientes com doen\u00e7as como hipertens\u00e3o, diabetes ou em tratamento oncol\u00f3gico precisam estar com a sa\u00fade controlada e apresentar um relat\u00f3rio m\u00e9dico para serem autorizados.<\/p>\n<p>\u201c\u00c9 muito importante que o paciente comunique ao profissional todo o problema de sa\u00fade que ele tenha e se ele faz uso de alguma medica\u00e7\u00e3o, para que a gente fa\u00e7a tudo dentro da seguran\u00e7a\u201d, refor\u00e7ou.<\/p>\n<h2 class=\"wp-block-heading\" id=\"h-e-depois-que-faz-o-implante-tem-que-cuidar\">E depois que faz o implante? Tem que cuidar?<\/h2>\n<p>O cuidado n\u00e3o para ap\u00f3s a coloca\u00e7\u00e3o dos implantes. <strong>A recomenda\u00e7\u00e3o \u00e9 que o paciente fa\u00e7a uma manuten\u00e7\u00e3o a cada seis meses<\/strong> e procure sempre manter a higieniza\u00e7\u00e3o, inclusive para evitar a rejei\u00e7\u00e3o do corpo ao procedimento.<\/p>\n<p>\u201cS\u00e3o os mesmos cuidados de higieniza\u00e7\u00e3o. A gente disparafusa essa pr\u00f3tese, faz a limpeza, d\u00e1 um polimento e devolve ela. \u00c9 fundamental esse acompanhamento para garantir a durabilidade e evitar qualquer problema, como uma poss\u00edvel rejei\u00e7\u00e3o\u201d, orientou Daiane.<\/p>\n<h2 class=\"wp-block-heading\" id=\"h-a-clinica-tambem-faz-outros-tratamentos\">A cl\u00ednica tamb\u00e9m faz outros tratamentos?<\/h2>\n<p><strong>Sim! Al\u00e9m dos implantes, a Meu Dente oferece diversos tratamentos odontol\u00f3gicos, como limpeza, restaura\u00e7\u00e3o, radiografias, tratamento de canal, coroas, pr\u00f3teses fixas ou remov\u00edveis, facetas e cirurgias.<\/strong><\/p>\n<p>Inclusive, o grupo investe em tecnologia de ponta, como o laborat\u00f3rio digital.<\/p>\n<p>\u201cO paciente hoje, quando ele realiza o tratamento, ele faz o implante. Essa parte da coroa, a gente faz o escaneamento introral. A gente n\u00e3o realiza mais aquela moldagem que incomoda o paciente, que o paciente \u00e0s vezes tem aquela n\u00e1usea, e a gente realiza todas essas pe\u00e7as hoje dentro da empresa. N\u00f3s temos equipamentos de \u00faltima gera\u00e7\u00e3o, frezadora, ent\u00e3o n\u00f3s entregamos pe\u00e7as em zirc\u00f4nia, em cer\u00e2mica pura, e a gente consegue realmente entregar o que h\u00e1 de melhor a esse paciente, tanto em qualidade como em tecnologia\u201d, frisou ao Acorda Cidade.<\/p>\n<h2 class=\"wp-block-heading\" id=\"h-sorrir-sem-medo-e-com-qualidade-de-vida\">Sorrir sem medo e com qualidade de vida<\/h2>\n<p><strong>Para al\u00e9m da est\u00e9tica, ter dentes saud\u00e1veis significa voltar a comer bem, falar, sorrir sem medo e, acima de tudo, resgatar autoestima e qualidade de vida.<\/strong><\/p>\n<p>\u201cPorque qualidade de vida\u2026 comer \u00e9 um prazer. Todo mundo quer comer bem, quer voltar a se alimentar, quer morder uma ma\u00e7\u00e3, quer comer uma carne. E hoje, quem n\u00e3o tem implantes, quem perdeu e usa uma pr\u00f3tese, voc\u00ea n\u00e3o consegue fazer isso, voc\u00ea tem vergonha, voc\u00ea tem medo. Ent\u00e3o o implante hoje te devolve essa qualidade de fazer tudo o que voc\u00ea fazia no passado, com seguran\u00e7a, de que nada vai acontecer\u201d, complementou Daiane.<\/p>\n<figure class=\"wp-block-image size-full\"><img data-dominant-color=\"80614b\" data-has-transparency=\"false\" style=\"--dominant-color: #80614b;\" decoding=\"async\" width=\"1200\" height=\"747\" sizes=\"(max-width: 1200px) 100vw, 1200px\" src=\"http:\/\/noticiasbahia360.com.br\/wp-content\/uploads\/2025\/06\/4dwp7MkP-clinicameudente_divulgacao-2.webp\" alt=\"Cl\u00ednica Meu Dente\" class=\"wp-image-562074 not-transparent\" srcset=\"https:\/\/uploads.acordacidade.com.br\/2025\/06\/4dwp7MkP-clinicameudente_divulgacao-2-586x365.webp 586w, https:\/\/uploads.acordacidade.com.br\/2025\/06\/4dwp7MkP-clinicameudente_divulgacao-2-888x553.webp 888w, https:\/\/uploads.acordacidade.com.br\/2025\/06\/4dwp7MkP-clinicameudente_divulgacao-2-150x93.webp 150w, http:\/\/noticiasbahia360.com.br\/wp-content\/uploads\/2025\/06\/4dwp7MkP-clinicameudente_divulgacao-2.webp 1200w\"><figcaption class=\"wp-element-caption\">Foto: Divulga\u00e7\u00e3o<\/figcaption><\/figure>\n<p><strong>Para saber mais informa\u00e7\u00f5es sobre a cl\u00ednica, endere\u00e7os e facilidades, <a href=\"https:\/\/clinicameudente.com\/\" target=\"_blank\" rel=\"noreferrer noopener\">acesse aqui.<\/a><\/strong><\/p>\n<p><em>Siga o Acorda Cidade no<\/em><a href=\"https:\/\/news.google.com\/search?q=acorda%20cidade&amp;hl=pt-BR&amp;gl=BR&amp;ceid=BR%3Apt-419\"><strong><em>\u00a0Google Not\u00edcias<\/em><\/strong><\/a><em>\u00a0e receba os principais destaques do dia. Participe tamb\u00e9m dos nossos canais no\u00a0<\/em><a href=\"https:\/\/whatsapp.com\/channel\/0029Va6Rb4v3WHTNnsh8WI3N\"><strong><em>WhatsApp<\/em><\/strong><\/a><em>\u00a0e\u00a0<\/em><a href=\"https:\/\/www.youtube.com\/@acordacidadenoticias\/videos\"><strong>Youtube<\/strong><\/a><em>\u00a0e grupo de\u00a0<\/em><a href=\"https:\/\/t.me\/+sSz0khrgARA0ZmRh\"><strong><em>Telegram<\/em><\/strong><\/a><em>.<\/em><\/p>\n<\/div>\n","protected":false},"excerpt":{"rendered":"<div>\n<div>\n<figure><img decoding=\"async\" src=\"https:\/\/uploads.acordacidade.com.br\/2025\/06\/clinicameudente_divulgacao-3.jpg\" alt=\"Cl\u00ednica Meu Dente\"><figcaption>Foto: Divulga\u00e7\u00e3o<\/figcaption><\/figure>\n<\/div>\n<p>O grupo Meu Dente n\u00e3o para de crescer. S\u00e3o 13 unidades e uma 14\u00aa est\u00e1 a caminho, em Porto Seguro. Feira de Santana conta com cinco cl\u00ednicas.<\/p><\/div>\n","protected":false},"author":1,"featured_media":88724,"comment_status":"closed","ping_status":"closed","sticky":false,"template":"","format":"gallery","meta":{"footnotes":""},"categories":[8,9,6,57,56,10],"tags":[],"class_list":["post-88723","post","type-post","status-publish","format-gallery","has-post-thumbnail","hentry","category-bahia","category-brasil","category-feira-de-santana","category-mundo","category-policia","category-politica","post_format-post-format-gallery"],"featured_image_urls":{"full":["https:\/\/noticiasbahia360.com.br\/wp-content\/uploads\/2025\/06\/clinicameudente_divulgacao-3.jpg",1200,837,false],"thumbnail":["https:\/\/noticiasbahia360.com.br\/wp-content\/uploads\/2025\/06\/clinicameudente_divulgacao-3-150x150.jpg",150,150,true],"medium":["https:\/\/noticiasbahia360.com.br\/wp-content\/uploads\/2025\/06\/clinicameudente_divulgacao-3-300x209.jpg",300,209,true],"medium_large":["https:\/\/noticiasbahia360.com.br\/wp-content\/uploads\/2025\/06\/clinicameudente_divulgacao-3-768x536.jpg",640,447,true],"large":["https:\/\/noticiasbahia360.com.br\/wp-content\/uploads\/2025\/06\/clinicameudente_divulgacao-3-1024x714.jpg",640,446,true],"1536x1536":["https:\/\/noticiasbahia360.com.br\/wp-content\/uploads\/2025\/06\/clinicameudente_divulgacao-3.jpg",1200,837,false],"2048x2048":["https:\/\/noticiasbahia360.com.br\/wp-content\/uploads\/2025\/06\/clinicameudente_divulgacao-3.jpg",1200,837,false],"chromenews-featured":["https:\/\/noticiasbahia360.com.br\/wp-content\/uploads\/2025\/06\/clinicameudente_divulgacao-3-1024x714.jpg",1024,714,true],"chromenews-large":["https:\/\/noticiasbahia360.com.br\/wp-content\/uploads\/2025\/06\/clinicameudente_divulgacao-3-825x575.jpg",825,575,true],"chromenews-medium":["https:\/\/noticiasbahia360.com.br\/wp-content\/uploads\/2025\/06\/clinicameudente_divulgacao-3-590x410.jpg",590,410,true]},"author_info":{"display_name":"noticiasbahia360.com.br","author_link":"https:\/\/noticiasbahia360.com.br\/?author=1"},"category_info":"<a href=\"https:\/\/noticiasbahia360.com.br\/?cat=8\" rel=\"category\">Bahia<\/a> <a href=\"https:\/\/noticiasbahia360.com.br\/?cat=9\" rel=\"category\">Brasil<\/a> <a href=\"https:\/\/noticiasbahia360.com.br\/?cat=6\" rel=\"category\">Feira de Santana<\/a> <a href=\"https:\/\/noticiasbahia360.com.br\/?cat=57\" rel=\"category\">Mundo<\/a> <a href=\"https:\/\/noticiasbahia360.com.br\/?cat=56\" rel=\"category\">Pol\u00edcia<\/a> <a href=\"https:\/\/noticiasbahia360.com.br\/?cat=10\" rel=\"category\">Pol\u00edtica<\/a>","tag_info":"Pol\u00edtica","comment_count":"0","_links":{"self":[{"href":"https:\/\/noticiasbahia360.com.br\/index.php?rest_route=\/wp\/v2\/posts\/88723","targetHints":{"allow":["GET"]}}],"collection":[{"href":"https:\/\/noticiasbahia360.com.br\/index.php?rest_route=\/wp\/v2\/posts"}],"about":[{"href":"https:\/\/noticiasbahia360.com.br\/index.php?rest_route=\/wp\/v2\/types\/post"}],"author":[{"embeddable":true,"href":"https:\/\/noticiasbahia360.com.br\/index.php?rest_route=\/wp\/v2\/users\/1"}],"replies":[{"embeddable":true,"href":"https:\/\/noticiasbahia360.com.br\/index.php?rest_route=%2Fwp%2Fv2%2Fcomments&post=88723"}],"version-history":[{"count":0,"href":"https:\/\/noticiasbahia360.com.br\/index.php?rest_route=\/wp\/v2\/posts\/88723\/revisions"}],"wp:featuredmedia":[{"embeddable":true,"href":"https:\/\/noticiasbahia360.com.br\/index.php?rest_route=\/wp\/v2\/media\/88724"}],"wp:attachment":[{"href":"https:\/\/noticiasbahia360.com.br\/index.php?rest_route=%2Fwp%2Fv2%2Fmedia&parent=88723"}],"wp:term":[{"taxonomy":"category","embeddable":true,"href":"https:\/\/noticiasbahia360.com.br\/index.php?rest_route=%2Fwp%2Fv2%2Fcategories&post=88723"},{"taxonomy":"post_tag","embeddable":true,"href":"https:\/\/noticiasbahia360.com.br\/index.php?rest_route=%2Fwp%2Fv2%2Ftags&post=88723"}],"curies":[{"name":"wp","href":"https:\/\/api.w.org\/{rel}","templated":true}]}}