{"id":88729,"date":"2025-06-04T15:47:06","date_gmt":"2025-06-04T18:47:06","guid":{"rendered":"https:\/\/noticiasbahia360.com.br\/?p=88729"},"modified":"2025-06-04T15:47:06","modified_gmt":"2025-06-04T18:47:06","slug":"confira-as-atracoes-dos-festejos-juninos-de-ipecaeta","status":"publish","type":"post","link":"https:\/\/noticiasbahia360.com.br\/?p=88729","title":{"rendered":"Confira as atra\u00e7\u00f5es dos festejos juninos de Ipecaet\u00e1"},"content":{"rendered":"<div>\n<div>\n<figure><img decoding=\"async\" src=\"http:\/\/noticiasbahia360.com.br\/wp-content\/uploads\/2025\/06\/Ipecaeta.jpg\" alt=\"Confira as atra\u00e7\u00f5es dos festejos juninos de Ipecaet\u00e1\"><figcaption>Foto: Divulga\u00e7\u00e3o <\/figcaption><\/figure>\n<\/div>\n<p>Vem a\u00ed o <a href=\"https:\/\/www.acordacidade.com.br\/tag\/sao-joao\/\">S\u00e3o Jo\u00e3o<\/a> e o <a href=\"https:\/\/www.acordacidade.com.br\/tag\/sao-pedro\/\">S\u00e3o Pedro<\/a> de Ipecaet\u00e1, munic\u00edpio localizado na regi\u00e3o metropolitana de Feira de Santana. Os festejos ser\u00e3o realizados nos dias 18, 22, 23, 28 e 29 de junho, com uma programa\u00e7\u00e3o promete forr\u00f3, alegria e tradi\u00e7\u00e3o, celebrando as ra\u00edzes nordestinas.<\/p>\n<p>Entre as atra\u00e7\u00f5es est\u00e3o nomes como Batista Lima, Devinho Novaes, Carol Forrozeira, H\u00e9lio da Pisada, Nen\u00e9m do Acordeon, Itallo J\u00fanior e Igor o Rei da Farra.<\/p>\n<p>\u201cVai ter forr\u00f3, arrasta-p\u00e9 e muito mais! \u00c9 a tradi\u00e7\u00e3o nordestina viva, forte e feita com muito carinho para o povo de Ipecaet\u00e1. Convide a fam\u00edlia e os amigos. Esse S\u00e3o Jo\u00e3o \u00e9 nosso. \u00c9 da gente!\u201d, convidou a organiza\u00e7\u00e3o da festa de Ipecaet\u00e1.<\/p>\n<h2 class=\"wp-block-heading\" id=\"h-confira-as-atracoes\">Confira as atra\u00e7\u00f5es<\/h2>\n<ul class=\"wp-block-list\">\n<li>Batista Lima<\/li>\n<li>Devinho Novaes<\/li>\n<li>Carol Forrozeira<\/li>\n<li>H\u00e9lio da Pisada<\/li>\n<li>Nen\u00e9m do Acordeon<\/li>\n<li>Vih Fagundes<\/li>\n<li>Xamego da Thay<\/li>\n<li>Balan\u00e7o Novo<\/li>\n<li>David Alves<\/li>\n<li>Olhar Sereno<\/li>\n<li>Os Falc\u00f5es<\/li>\n<li>Itallo J\u00fanior<\/li>\n<li>Tempero de Mulher<\/li>\n<li>Forroz\u00e3o do Capit\u00e3o<\/li>\n<li>Gabi Moraes<\/li>\n<li>Igor o Rei da Farra<\/li>\n<li>Dr. Ed  <\/li>\n<li>Vitinho Cachorro<\/li>\n<\/ul>\n<figure class=\"wp-block-image size-large\"><img fetchpriority=\"high\" data-dominant-color=\"776d5e\" data-has-transparency=\"false\" style=\"--dominant-color: #776d5e;\" fetchpriority=\"high\" decoding=\"async\" width=\"614\" height=\"768\" sizes=\"(max-width: 614px) 100vw, 614px\" src=\"http:\/\/noticiasbahia360.com.br\/wp-content\/uploads\/2025\/06\/7P7bt2uU-Ipecaeta-2-614x768-1.webp\" alt=\"Confira as atra\u00e7\u00f5es dos festejos juninos de Ipecaet\u00e1\" class=\"wp-image-562067 not-transparent\" srcset=\"https:\/\/uploads.acordacidade.com.br\/2025\/06\/7P7bt2uU-Ipecaeta-2-292x365.webp 292w, http:\/\/noticiasbahia360.com.br\/wp-content\/uploads\/2025\/06\/7P7bt2uU-Ipecaeta-2-614x768-1.webp 614w, https:\/\/uploads.acordacidade.com.br\/2025\/06\/7P7bt2uU-Ipecaeta-2-442x553.webp 442w, https:\/\/uploads.acordacidade.com.br\/2025\/06\/7P7bt2uU-Ipecaeta-2-150x188.webp 150w, https:\/\/uploads.acordacidade.com.br\/2025\/06\/7P7bt2uU-Ipecaeta-2.webp 1200w\"><figcaption class=\"wp-element-caption\">Foto: Divulga\u00e7\u00e3o <\/figcaption><\/figure>\n<p><em>Siga o Acorda Cidade no<\/em><a href=\"https:\/\/news.google.com\/search?q=acorda%20cidade&amp;hl=pt-BR&amp;gl=BR&amp;ceid=BR%3Apt-419\"><strong><em>\u00a0Google Not\u00edcias<\/em><\/strong><\/a><em>\u00a0e receba os principais destaques do dia. Participe tamb\u00e9m dos nossos canais no\u00a0<\/em><a href=\"https:\/\/whatsapp.com\/channel\/0029Va6Rb4v3WHTNnsh8WI3N\"><strong><em>WhatsApp<\/em><\/strong><\/a><em>\u00a0e\u00a0<\/em><a href=\"https:\/\/www.youtube.com\/@acordacidadenoticias\/videos\"><strong>Youtube<\/strong><\/a><em>\u00a0e grupo de\u00a0<\/em><a href=\"https:\/\/t.me\/+sSz0khrgARA0ZmRh\"><strong><em>Telegram<\/em><\/strong><\/a><em>.<\/em><\/p>\n<\/div>\n","protected":false},"excerpt":{"rendered":"<div>\n<div>\n<figure><img decoding=\"async\" src=\"https:\/\/uploads.acordacidade.com.br\/2025\/06\/Ipecaeta.jpg\" alt=\"Confira as atra\u00e7\u00f5es dos festejos juninos de Ipecaet\u00e1\"><figcaption>Foto: Divulga\u00e7\u00e3o <\/figcaption><\/figure>\n<\/div>\n<p>Entre as atra\u00e7\u00f5es est\u00e3o nomes como Batista Lima e Devinho Novaes.<\/p><\/div>\n","protected":false},"author":1,"featured_media":88730,"comment_status":"closed","ping_status":"closed","sticky":false,"template":"","format":"gallery","meta":{"footnotes":""},"categories":[8,9,6,57,56,10],"tags":[],"class_list":["post-88729","post","type-post","status-publish","format-gallery","has-post-thumbnail","hentry","category-bahia","category-brasil","category-feira-de-santana","category-mundo","category-policia","category-politica","post_format-post-format-gallery"],"featured_image_urls":{"full":["https:\/\/noticiasbahia360.com.br\/wp-content\/uploads\/2025\/06\/Ipecaeta.jpg",1200,790,false],"thumbnail":["https:\/\/noticiasbahia360.com.br\/wp-content\/uploads\/2025\/06\/Ipecaeta-150x150.jpg",150,150,true],"medium":["https:\/\/noticiasbahia360.com.br\/wp-content\/uploads\/2025\/06\/Ipecaeta-300x198.jpg",300,198,true],"medium_large":["https:\/\/noticiasbahia360.com.br\/wp-content\/uploads\/2025\/06\/Ipecaeta-768x506.jpg",640,422,true],"large":["https:\/\/noticiasbahia360.com.br\/wp-content\/uploads\/2025\/06\/Ipecaeta-1024x674.jpg",640,421,true],"1536x1536":["https:\/\/noticiasbahia360.com.br\/wp-content\/uploads\/2025\/06\/Ipecaeta.jpg",1200,790,false],"2048x2048":["https:\/\/noticiasbahia360.com.br\/wp-content\/uploads\/2025\/06\/Ipecaeta.jpg",1200,790,false],"chromenews-featured":["https:\/\/noticiasbahia360.com.br\/wp-content\/uploads\/2025\/06\/Ipecaeta-1024x674.jpg",1024,674,true],"chromenews-large":["https:\/\/noticiasbahia360.com.br\/wp-content\/uploads\/2025\/06\/Ipecaeta-825x575.jpg",825,575,true],"chromenews-medium":["https:\/\/noticiasbahia360.com.br\/wp-content\/uploads\/2025\/06\/Ipecaeta-590x410.jpg",590,410,true]},"author_info":{"display_name":"noticiasbahia360.com.br","author_link":"https:\/\/noticiasbahia360.com.br\/?author=1"},"category_info":"<a href=\"https:\/\/noticiasbahia360.com.br\/?cat=8\" rel=\"category\">Bahia<\/a> <a href=\"https:\/\/noticiasbahia360.com.br\/?cat=9\" rel=\"category\">Brasil<\/a> <a href=\"https:\/\/noticiasbahia360.com.br\/?cat=6\" rel=\"category\">Feira de Santana<\/a> <a href=\"https:\/\/noticiasbahia360.com.br\/?cat=57\" rel=\"category\">Mundo<\/a> <a href=\"https:\/\/noticiasbahia360.com.br\/?cat=56\" rel=\"category\">Pol\u00edcia<\/a> <a href=\"https:\/\/noticiasbahia360.com.br\/?cat=10\" rel=\"category\">Pol\u00edtica<\/a>","tag_info":"Pol\u00edtica","comment_count":"0","_links":{"self":[{"href":"https:\/\/noticiasbahia360.com.br\/index.php?rest_route=\/wp\/v2\/posts\/88729","targetHints":{"allow":["GET"]}}],"collection":[{"href":"https:\/\/noticiasbahia360.com.br\/index.php?rest_route=\/wp\/v2\/posts"}],"about":[{"href":"https:\/\/noticiasbahia360.com.br\/index.php?rest_route=\/wp\/v2\/types\/post"}],"author":[{"embeddable":true,"href":"https:\/\/noticiasbahia360.com.br\/index.php?rest_route=\/wp\/v2\/users\/1"}],"replies":[{"embeddable":true,"href":"https:\/\/noticiasbahia360.com.br\/index.php?rest_route=%2Fwp%2Fv2%2Fcomments&post=88729"}],"version-history":[{"count":0,"href":"https:\/\/noticiasbahia360.com.br\/index.php?rest_route=\/wp\/v2\/posts\/88729\/revisions"}],"wp:featuredmedia":[{"embeddable":true,"href":"https:\/\/noticiasbahia360.com.br\/index.php?rest_route=\/wp\/v2\/media\/88730"}],"wp:attachment":[{"href":"https:\/\/noticiasbahia360.com.br\/index.php?rest_route=%2Fwp%2Fv2%2Fmedia&parent=88729"}],"wp:term":[{"taxonomy":"category","embeddable":true,"href":"https:\/\/noticiasbahia360.com.br\/index.php?rest_route=%2Fwp%2Fv2%2Fcategories&post=88729"},{"taxonomy":"post_tag","embeddable":true,"href":"https:\/\/noticiasbahia360.com.br\/index.php?rest_route=%2Fwp%2Fv2%2Ftags&post=88729"}],"curies":[{"name":"wp","href":"https:\/\/api.w.org\/{rel}","templated":true}]}}