{"id":88732,"date":"2025-06-04T16:35:36","date_gmt":"2025-06-04T19:35:36","guid":{"rendered":"https:\/\/noticiasbahia360.com.br\/?p=88732"},"modified":"2025-06-04T16:35:36","modified_gmt":"2025-06-04T19:35:36","slug":"acidente-entre-carretas-interdita-br-116-na-ponte-sobre-o-rio-jiquirica-em-irajuba-e-motorista-fica-preso-as-ferragens","status":"publish","type":"post","link":"https:\/\/noticiasbahia360.com.br\/?p=88732","title":{"rendered":"Acidente entre carretas interdita BR-116 na ponte sobre o Rio Jiquiri\u00e7\u00e1, em Irajuba, e motorista fica preso \u00e0s ferragens"},"content":{"rendered":"<div>\n<div>\n<figure><img decoding=\"async\" src=\"http:\/\/noticiasbahia360.com.br\/wp-content\/uploads\/2025\/06\/acidente_blogmarcosfrahm-2.jpg\" alt=\"Acidentes\"><figcaption>Foto: Leitor\/BMF<\/figcaption><\/figure>\n<\/div>\n<p>Um acidente envolvendo duas carretas interditou parcialmente a Rodovia Santos Dumont, trecho da BR-116 na manh\u00e3 desta quarta-feira (4), na altura do KM 604, nas proximidades do povoado KM 70, em Irajuba, no Vale do Jiquiri\u00e7\u00e1, sudoeste da <a href=\"https:\/\/www.acordacidade.com.br\/tag\/bahia\/\">Bahia<\/a>.<\/p>\n<p>De acordo com informa\u00e7\u00f5es do Blog Marcos Frahm, parceiro do Acorda Cidade, uma das carretas despencou da ponte sobre o Rio Jiquiri\u00e7\u00e1, deixando o motorista preso \u00e0s ferragens. Populares prestaram os primeiros socorros e conseguiram resgatar o condutor, que foi encaminhado para o Hospital Geral Prado Valadares (HGPV), em Jequi\u00e9, no M\u00e9dio Rio de Contas.<\/p>\n<figure class=\"wp-block-image size-large\"><img fetchpriority=\"high\" data-dominant-color=\"666469\" data-has-transparency=\"false\" style=\"--dominant-color: #666469;\" fetchpriority=\"high\" decoding=\"async\" width=\"1061\" height=\"768\" sizes=\"(max-width: 1061px) 100vw, 1061px\" src=\"http:\/\/noticiasbahia360.com.br\/wp-content\/uploads\/2025\/06\/Kqt6TuZU-acidente_blogmarcosfrahm-1-1061x768-1.webp\" alt=\"Acidentes\" class=\"wp-image-562112 not-transparent\" srcset=\"https:\/\/uploads.acordacidade.com.br\/2025\/06\/Kqt6TuZU-acidente_blogmarcosfrahm-1-504x365.webp 504w, http:\/\/noticiasbahia360.com.br\/wp-content\/uploads\/2025\/06\/Kqt6TuZU-acidente_blogmarcosfrahm-1-1061x768-1.webp 1061w, https:\/\/uploads.acordacidade.com.br\/2025\/06\/Kqt6TuZU-acidente_blogmarcosfrahm-1-764x553.webp 764w, https:\/\/uploads.acordacidade.com.br\/2025\/06\/Kqt6TuZU-acidente_blogmarcosfrahm-1-150x109.webp 150w, https:\/\/uploads.acordacidade.com.br\/2025\/06\/Kqt6TuZU-acidente_blogmarcosfrahm-1.webp 1200w\"><figcaption class=\"wp-element-caption\">Foto: Leitor\/BMF<\/figcaption><\/figure>\n<p>A colis\u00e3o provocou lentid\u00e3o nos dois sentidos da rodovia, que chegou a ficar totalmente interditada entre 7h e 8h. O fluxo foi retomado de forma gradual, mas o tr\u00e2nsito permanece lento no trecho. Equipes da Pol\u00edcia Rodovi\u00e1ria Federal (PRF) e do Departamento Nacional de Infraestrutura de Transportes (Dnit) foram acionadas para atender \u00e0 ocorr\u00eancia e orientar os motoristas.<\/p>\n<p>Ainda n\u00e3o h\u00e1 informa\u00e7\u00f5es sobre as causas do acidente. Nas \u00faltimas semanas, a BR-116 tem registrado diversas colis\u00f5es no trecho entre Irajuba, Jaguaquara e Jequi\u00e9. Al\u00e9m da intensidade de tr\u00e1fego pesado, obras de recupera\u00e7\u00e3o do pavimento seguem em andamento, exigindo aten\u00e7\u00e3o redobrada dos motoristas.<\/p>\n<p><em>Siga o Acorda Cidade no<\/em><a href=\"https:\/\/news.google.com\/search?q=acorda%20cidade&amp;hl=pt-BR&amp;gl=BR&amp;ceid=BR%3Apt-419\"><strong><em> Google Not\u00edcias<\/em><\/strong><\/a><em> e receba os principais destaques do dia. Participe tamb\u00e9m dos nossos canais no <\/em><a href=\"https:\/\/whatsapp.com\/channel\/0029Va6Rb4v3WHTNnsh8WI3N\"><strong><em>WhatsApp<\/em><\/strong><\/a><em> e <\/em><a href=\"https:\/\/www.youtube.com\/@acordacidadenoticias\/videos\"><strong>Youtube<\/strong><\/a><em> e grupo de <\/em><a href=\"https:\/\/t.me\/+sSz0khrgARA0ZmRh\"><strong><em>Telegram<\/em><\/strong><\/a><em>.<\/em><\/p>\n<\/div>\n","protected":false},"excerpt":{"rendered":"<div>\n<div>\n<figure><img decoding=\"async\" src=\"https:\/\/uploads.acordacidade.com.br\/2025\/06\/acidente_blogmarcosfrahm-2.jpg\" alt=\"Acidentes\"><figcaption>Foto: Leitor\/BMF<\/figcaption><\/figure>\n<\/div>\n<p>A colis\u00e3o provocou lentid\u00e3o nos dois sentidos da rodovia, que chegou a ficar totalmente interditada entre 7h e 8h.<\/p><\/div>\n","protected":false},"author":1,"featured_media":88733,"comment_status":"closed","ping_status":"closed","sticky":false,"template":"","format":"gallery","meta":{"footnotes":""},"categories":[8,9,6,57,56,10],"tags":[],"class_list":["post-88732","post","type-post","status-publish","format-gallery","has-post-thumbnail","hentry","category-bahia","category-brasil","category-feira-de-santana","category-mundo","category-policia","category-politica","post_format-post-format-gallery"],"featured_image_urls":{"full":["https:\/\/noticiasbahia360.com.br\/wp-content\/uploads\/2025\/06\/acidente_blogmarcosfrahm-2.jpg",1200,675,false],"thumbnail":["https:\/\/noticiasbahia360.com.br\/wp-content\/uploads\/2025\/06\/acidente_blogmarcosfrahm-2-150x150.jpg",150,150,true],"medium":["https:\/\/noticiasbahia360.com.br\/wp-content\/uploads\/2025\/06\/acidente_blogmarcosfrahm-2-300x169.jpg",300,169,true],"medium_large":["https:\/\/noticiasbahia360.com.br\/wp-content\/uploads\/2025\/06\/acidente_blogmarcosfrahm-2-768x432.jpg",640,360,true],"large":["https:\/\/noticiasbahia360.com.br\/wp-content\/uploads\/2025\/06\/acidente_blogmarcosfrahm-2-1024x576.jpg",640,360,true],"1536x1536":["https:\/\/noticiasbahia360.com.br\/wp-content\/uploads\/2025\/06\/acidente_blogmarcosfrahm-2.jpg",1200,675,false],"2048x2048":["https:\/\/noticiasbahia360.com.br\/wp-content\/uploads\/2025\/06\/acidente_blogmarcosfrahm-2.jpg",1200,675,false],"chromenews-featured":["https:\/\/noticiasbahia360.com.br\/wp-content\/uploads\/2025\/06\/acidente_blogmarcosfrahm-2-1024x576.jpg",1024,576,true],"chromenews-large":["https:\/\/noticiasbahia360.com.br\/wp-content\/uploads\/2025\/06\/acidente_blogmarcosfrahm-2-825x575.jpg",825,575,true],"chromenews-medium":["https:\/\/noticiasbahia360.com.br\/wp-content\/uploads\/2025\/06\/acidente_blogmarcosfrahm-2-590x410.jpg",590,410,true]},"author_info":{"display_name":"noticiasbahia360.com.br","author_link":"https:\/\/noticiasbahia360.com.br\/?author=1"},"category_info":"<a href=\"https:\/\/noticiasbahia360.com.br\/?cat=8\" rel=\"category\">Bahia<\/a> <a href=\"https:\/\/noticiasbahia360.com.br\/?cat=9\" rel=\"category\">Brasil<\/a> <a href=\"https:\/\/noticiasbahia360.com.br\/?cat=6\" rel=\"category\">Feira de Santana<\/a> <a href=\"https:\/\/noticiasbahia360.com.br\/?cat=57\" rel=\"category\">Mundo<\/a> <a href=\"https:\/\/noticiasbahia360.com.br\/?cat=56\" rel=\"category\">Pol\u00edcia<\/a> <a href=\"https:\/\/noticiasbahia360.com.br\/?cat=10\" rel=\"category\">Pol\u00edtica<\/a>","tag_info":"Pol\u00edtica","comment_count":"0","_links":{"self":[{"href":"https:\/\/noticiasbahia360.com.br\/index.php?rest_route=\/wp\/v2\/posts\/88732","targetHints":{"allow":["GET"]}}],"collection":[{"href":"https:\/\/noticiasbahia360.com.br\/index.php?rest_route=\/wp\/v2\/posts"}],"about":[{"href":"https:\/\/noticiasbahia360.com.br\/index.php?rest_route=\/wp\/v2\/types\/post"}],"author":[{"embeddable":true,"href":"https:\/\/noticiasbahia360.com.br\/index.php?rest_route=\/wp\/v2\/users\/1"}],"replies":[{"embeddable":true,"href":"https:\/\/noticiasbahia360.com.br\/index.php?rest_route=%2Fwp%2Fv2%2Fcomments&post=88732"}],"version-history":[{"count":0,"href":"https:\/\/noticiasbahia360.com.br\/index.php?rest_route=\/wp\/v2\/posts\/88732\/revisions"}],"wp:featuredmedia":[{"embeddable":true,"href":"https:\/\/noticiasbahia360.com.br\/index.php?rest_route=\/wp\/v2\/media\/88733"}],"wp:attachment":[{"href":"https:\/\/noticiasbahia360.com.br\/index.php?rest_route=%2Fwp%2Fv2%2Fmedia&parent=88732"}],"wp:term":[{"taxonomy":"category","embeddable":true,"href":"https:\/\/noticiasbahia360.com.br\/index.php?rest_route=%2Fwp%2Fv2%2Fcategories&post=88732"},{"taxonomy":"post_tag","embeddable":true,"href":"https:\/\/noticiasbahia360.com.br\/index.php?rest_route=%2Fwp%2Fv2%2Ftags&post=88732"}],"curies":[{"name":"wp","href":"https:\/\/api.w.org\/{rel}","templated":true}]}}