{"id":88737,"date":"2025-06-04T17:03:10","date_gmt":"2025-06-04T20:03:10","guid":{"rendered":"https:\/\/noticiasbahia360.com.br\/?p=88737"},"modified":"2025-06-04T17:03:10","modified_gmt":"2025-06-04T20:03:10","slug":"carla-zambelli-teve-prisao-decretada-por-alexandre-de-moraes","status":"publish","type":"post","link":"https:\/\/noticiasbahia360.com.br\/?p=88737","title":{"rendered":"Carla Zambelli teve pris\u00e3o decretada por Alexandre de Moraes"},"content":{"rendered":"<div>\n<div>\n<figure><img decoding=\"async\" src=\"http:\/\/noticiasbahia360.com.br\/wp-content\/uploads\/2025\/06\/carla-zambelli_foto_lulamarques_agenciabrasil.jpg\" alt=\"Deputada Carla Zambelli\"><figcaption>Foto: Lula Marques\/Ag\u00eancia Brasil<\/figcaption><\/figure>\n<\/div>\n<p>Ag\u00eancia Brasil \u2013 O\u00a0ministro do Supremo Tribunal Federal Alexandre de Moraes decretou nesta quarta-feira (4) a\u00a0pris\u00e3o da deputada\u00a0Carla Zambelli\u00a0que\u00a0<a href=\"https:\/\/www.acordacidade.com.br\/politica\/condenada-pelo-stf-deputada-carla-zambelli-deixa-o-brasil\/\" target=\"_blank\" rel=\"noreferrer noopener\">anunciou<\/a><a href=\"https:\/\/www.acordacidade.com.br\/politica\/condenada-pelo-stf-deputada-carla-zambelli-deixa-o-brasil\/\"> <\/a><a href=\"https:\/\/www.acordacidade.com.br\/politica\/condenada-pelo-stf-deputada-carla-zambelli-deixa-o-brasil\/\" target=\"_blank\" rel=\"noreferrer noopener\">ter deixado o pa\u00eds<\/a>.<img decoding=\"async\" src=\"https:\/\/agenciabrasil.ebc.com.br\/ebc.png?id=1645349&amp;o=node\"><img decoding=\"async\" src=\"https:\/\/agenciabrasil.ebc.com.br\/ebc.gif?id=1645349&amp;o=node\"><\/p>\n<p>Moraes\u00a0determinou ainda o bloqueio dos passaportes (inclusive o diplom\u00e1tico) e do sal\u00e1rio de deputada e de qualquer outra verba de gabinete paga pela C\u00e2mara. Os recursos ser\u00e3o destinados ao pagamento das multas impostas pela condena\u00e7\u00e3o por invas\u00e3o ao sistema eletr\u00f4nico do Conselho Nacional de Justi\u00e7a (CNJ).\u00a0<\/p>\n<p>Por determina\u00e7\u00e3o do ministro, todos os bens e contas da parlamentar tamb\u00e9m dever\u00e3o ser bloqueados, incluindo contas banc\u00e1rias, m\u00f3veis e im\u00f3veis registrados em nome de Zambelli. Al\u00e9m disso, as empresas respons\u00e1veis t\u00eam duas horas. a partir do momento da notifica\u00e7\u00e3o. para bloquear o acesso aos perfis da deputada no X; Facebook; Instagram; YouTube; Tik Tok; LinkedIn; Telegram e GETTR.\u00a0<\/p>\n<p>Se, mesmo com o bloqueio, Zambelli seguir publicando textos ou v\u00eddeos que reiterem condutas criminosas, estar\u00e1 sujeita a ser multada em R$ 50 mil\/dia, mesmo que as postagens a ela atribu\u00eddas sejam divulgadas nas redes sociais de outras pessoas.\u00a0<\/p>\n<p>Moraes tamb\u00e9m determinou que a Pol\u00edcia Federal tome as provid\u00eancias necess\u00e1rias para que o\u00a0<strong>nome de Carla Zambelli seja inclu\u00eddo na lista da Interpol<\/strong>, bem como informe o atual paradeiro da deputada para que sua extradi\u00e7\u00e3o seja solicitada \u00e0s autoridades do respectivo pa\u00eds. \u00a0<\/p>\n<p>A decis\u00e3o de Moraes atende ao pedido da Procuradoria-Geral da Rep\u00fablica (PGR) feito nesta ter\u00e7a-feira (3). Para Moraes, a decreta\u00e7\u00e3o da pris\u00e3o est\u00e1 plenamente justificada, j\u00e1 que Zambelli deixou o Brasil semanas ap\u00f3s a\u00a0<a href=\"https:\/\/www.acordacidade.com.br\/politica\/por-unanimidade-stf-condena-carla-zambelli-a-10-anos-de-prisao\/\">Primeira Turma do STF conden\u00e1-la\u00a0a dez anos de pris\u00e3o<\/a>.\u00a0<\/p>\n<p>\u201cCarla Zambelli anunciou [nesta ter\u00e7a-feira] que, ap\u00f3s a condena\u00e7\u00e3o por esta Suprema Corte, se evadiu do distrito da culpa, fugindo do territ\u00f3rio nacional e\u00a0que vai \u2018voltar a ser a Carla que era antes das amarras que essa ditadura nos imp\u00f4s\u2019\u201d, apontou Moraes, em sua senten\u00e7a.<\/p>\n<p>O ministro destacou\u00a0que, na entrevista que concedeu ao canal AuriVerde Brasil, do YouTube, a pr\u00f3pria deputada anunciou ter transferido suas redes sociais para o nome de sua m\u00e3e \u2013 como forma de tentar burlar um eventual bloqueio dos canais que, segundo Moraes, ela pretendia utilizar para \u201cvoltar a propagar not\u00edcias fraudulentas acerca do processo eleitoral no Brasil\u201d.\u00a0<\/p>\n<p>Zambelli foi condenada pela Primeira Turma do STF por invadir o sistema eletr\u00f4nico do Conselho Nacional de Justi\u00e7a (CNJ), com o aux\u00edlio do hacker Walter Delgatti, condenado a 8 anos e 3 meses de pris\u00e3o no mesmo processo.<\/p>\n<p>No mesmo inqu\u00e9rito, a Primeira Turma tamb\u00e9m condenou Zambelli \u00e0 perda do mandato parlamentar ap\u00f3s esgotados todos os recursos poss\u00edveis. A previs\u00e3o \u00e9 que os embargos de declara\u00e7\u00e3o que a deputada e Delgatti apresentaram sejam julgados entre esta sexta-feira (6) e o pr\u00f3ximo dia 13. Se a senten\u00e7a for mantida, al\u00e9m de serem presos, os dois ter\u00e3o que pagar R$ 2 milh\u00f5es em danos morais coletivos.\u00a0<\/p>\n<p>A deputada tamb\u00e9m responde a outro processo criminal no STF, no qual figura como r\u00e9 por ter sacado uma arma de fogo em plena luz do dia e, junto com seguran\u00e7as e assessores, ter perseguido o jornalista Luan Ara\u00fajo. O epis\u00f3dio ocorreu \u00e0s v\u00e9speras do segundo turno das elei\u00e7\u00f5es de 2022 e foi citado pela parlamentar durante a live desta manh\u00e3.<\/p>\n<h2 class=\"wp-block-heading\" id=\"h-outro-lado\">Outro lado<\/h2>\n<p>Em nota, a deputada Carla Zambelli afirma que decis\u00e3o de a pris\u00e3o \u00e9 ilegal, inconstitucional e autorit\u00e1ria.<\/p>\n<p>Segundo ela, esse tipo de medida n\u00e3o poderia ser feita de forma monocr\u00e1tica.\u00a0<\/p>\n<p>\u201cNossa Constitui\u00e7\u00e3o \u00e9 clara: um deputado federal s\u00f3 pode ser preso em flagrante e por crime inafian\u00e7\u00e1vel. Nada disso ocorreu. Ainda assim, um \u00fanico ministro decidiu, de forma monocr\u00e1tica, rasgar o devido processo legal, ignorar a imunidade parlamentar e violentar a democracia.\u201d<\/p>\n<p>Ela critica ainda os bloqueios das contas de Instagram do seu filho\u00a0Jo\u00e3o Zambelli e de sua m\u00e3e, Rita Zambelli, que \u00e9 pr\u00e9-candidata a deputada federal.\u00a0<\/p>\n<p>A deputada afirma que denunciar\u00e1 o que chama de persegui\u00e7\u00e3o em\u00a0f\u00f3runs internacionais.\u00a0<\/p>\n<p><em>Siga o Acorda Cidade no<\/em><a href=\"https:\/\/news.google.com\/search?q=acorda%20cidade&amp;hl=pt-BR&amp;gl=BR&amp;ceid=BR%3Apt-419\"><strong><em> Google Not\u00edcias<\/em><\/strong><\/a><em> e receba os principais destaques do dia. Participe tamb\u00e9m dos nossos canais no <\/em><a href=\"https:\/\/whatsapp.com\/channel\/0029Va6Rb4v3WHTNnsh8WI3N\"><strong><em>WhatsApp<\/em><\/strong><\/a><em> e <\/em><a href=\"https:\/\/www.youtube.com\/@acordacidadenoticias\/videos\"><strong>Youtube<\/strong><\/a><em> e grupo de <\/em><a href=\"https:\/\/t.me\/+sSz0khrgARA0ZmRh\"><strong><em>Telegram<\/em><\/strong><\/a><em>.<\/em><\/p>\n<\/div>\n","protected":false},"excerpt":{"rendered":"<div>\n<div>\n<figure><img decoding=\"async\" src=\"https:\/\/uploads.acordacidade.com.br\/2025\/06\/carla-zambelli_foto_lulamarques_agenciabrasil.jpg\" alt=\"Deputada Carla Zambelli\"><figcaption>Foto: Lula Marques\/Ag\u00eancia Brasil<\/figcaption><\/figure>\n<\/div>\n<p>Deputada anunciou ter deixado o Brasil na ter\u00e7a-feira<\/p><\/div>\n","protected":false},"author":1,"featured_media":88738,"comment_status":"closed","ping_status":"closed","sticky":false,"template":"","format":"gallery","meta":{"footnotes":""},"categories":[8,9,6,57,56,10],"tags":[],"class_list":["post-88737","post","type-post","status-publish","format-gallery","has-post-thumbnail","hentry","category-bahia","category-brasil","category-feira-de-santana","category-mundo","category-policia","category-politica","post_format-post-format-gallery"],"featured_image_urls":{"full":["https:\/\/noticiasbahia360.com.br\/wp-content\/uploads\/2025\/06\/carla-zambelli_foto_lulamarques_agenciabrasil.jpg",1200,718,false],"thumbnail":["https:\/\/noticiasbahia360.com.br\/wp-content\/uploads\/2025\/06\/carla-zambelli_foto_lulamarques_agenciabrasil-150x150.jpg",150,150,true],"medium":["https:\/\/noticiasbahia360.com.br\/wp-content\/uploads\/2025\/06\/carla-zambelli_foto_lulamarques_agenciabrasil-300x180.jpg",300,180,true],"medium_large":["https:\/\/noticiasbahia360.com.br\/wp-content\/uploads\/2025\/06\/carla-zambelli_foto_lulamarques_agenciabrasil-768x460.jpg",640,383,true],"large":["https:\/\/noticiasbahia360.com.br\/wp-content\/uploads\/2025\/06\/carla-zambelli_foto_lulamarques_agenciabrasil-1024x613.jpg",640,383,true],"1536x1536":["https:\/\/noticiasbahia360.com.br\/wp-content\/uploads\/2025\/06\/carla-zambelli_foto_lulamarques_agenciabrasil.jpg",1200,718,false],"2048x2048":["https:\/\/noticiasbahia360.com.br\/wp-content\/uploads\/2025\/06\/carla-zambelli_foto_lulamarques_agenciabrasil.jpg",1200,718,false],"chromenews-featured":["https:\/\/noticiasbahia360.com.br\/wp-content\/uploads\/2025\/06\/carla-zambelli_foto_lulamarques_agenciabrasil-1024x613.jpg",1024,613,true],"chromenews-large":["https:\/\/noticiasbahia360.com.br\/wp-content\/uploads\/2025\/06\/carla-zambelli_foto_lulamarques_agenciabrasil-825x575.jpg",825,575,true],"chromenews-medium":["https:\/\/noticiasbahia360.com.br\/wp-content\/uploads\/2025\/06\/carla-zambelli_foto_lulamarques_agenciabrasil-590x410.jpg",590,410,true]},"author_info":{"display_name":"noticiasbahia360.com.br","author_link":"https:\/\/noticiasbahia360.com.br\/?author=1"},"category_info":"<a href=\"https:\/\/noticiasbahia360.com.br\/?cat=8\" rel=\"category\">Bahia<\/a> <a href=\"https:\/\/noticiasbahia360.com.br\/?cat=9\" rel=\"category\">Brasil<\/a> <a href=\"https:\/\/noticiasbahia360.com.br\/?cat=6\" rel=\"category\">Feira de Santana<\/a> <a href=\"https:\/\/noticiasbahia360.com.br\/?cat=57\" rel=\"category\">Mundo<\/a> <a href=\"https:\/\/noticiasbahia360.com.br\/?cat=56\" rel=\"category\">Pol\u00edcia<\/a> <a href=\"https:\/\/noticiasbahia360.com.br\/?cat=10\" rel=\"category\">Pol\u00edtica<\/a>","tag_info":"Pol\u00edtica","comment_count":"0","_links":{"self":[{"href":"https:\/\/noticiasbahia360.com.br\/index.php?rest_route=\/wp\/v2\/posts\/88737","targetHints":{"allow":["GET"]}}],"collection":[{"href":"https:\/\/noticiasbahia360.com.br\/index.php?rest_route=\/wp\/v2\/posts"}],"about":[{"href":"https:\/\/noticiasbahia360.com.br\/index.php?rest_route=\/wp\/v2\/types\/post"}],"author":[{"embeddable":true,"href":"https:\/\/noticiasbahia360.com.br\/index.php?rest_route=\/wp\/v2\/users\/1"}],"replies":[{"embeddable":true,"href":"https:\/\/noticiasbahia360.com.br\/index.php?rest_route=%2Fwp%2Fv2%2Fcomments&post=88737"}],"version-history":[{"count":0,"href":"https:\/\/noticiasbahia360.com.br\/index.php?rest_route=\/wp\/v2\/posts\/88737\/revisions"}],"wp:featuredmedia":[{"embeddable":true,"href":"https:\/\/noticiasbahia360.com.br\/index.php?rest_route=\/wp\/v2\/media\/88738"}],"wp:attachment":[{"href":"https:\/\/noticiasbahia360.com.br\/index.php?rest_route=%2Fwp%2Fv2%2Fmedia&parent=88737"}],"wp:term":[{"taxonomy":"category","embeddable":true,"href":"https:\/\/noticiasbahia360.com.br\/index.php?rest_route=%2Fwp%2Fv2%2Fcategories&post=88737"},{"taxonomy":"post_tag","embeddable":true,"href":"https:\/\/noticiasbahia360.com.br\/index.php?rest_route=%2Fwp%2Fv2%2Ftags&post=88737"}],"curies":[{"name":"wp","href":"https:\/\/api.w.org\/{rel}","templated":true}]}}