{"id":88739,"date":"2025-06-04T17:06:11","date_gmt":"2025-06-04T20:06:11","guid":{"rendered":"https:\/\/noticiasbahia360.com.br\/?p=88739"},"modified":"2025-06-04T17:06:11","modified_gmt":"2025-06-04T20:06:11","slug":"brasil-mostra-eficiencia-no-combate-a-gripe-aviaria-segundo-ministro","status":"publish","type":"post","link":"https:\/\/noticiasbahia360.com.br\/?p=88739","title":{"rendered":"Brasil mostra efici\u00eancia no combate \u00e0 gripe avi\u00e1ria, segundo ministro"},"content":{"rendered":"<div>\n<div>\n<figure><img decoding=\"async\" src=\"http:\/\/noticiasbahia360.com.br\/wp-content\/uploads\/2025\/06\/ministrocarlosfavaro_foto_antoniocruz_agenciabrasil.jpg\" alt=\"Ministro da Agricultura e Pecu\u00e1ria Carlos F\u00e1varo\"><figcaption>Foto: Ant\u00f4nio Cruz\/Ag\u00eancia Brasil<\/figcaption><\/figure>\n<\/div>\n<p>Ag\u00eancia Brasil \u2013 O sistema sanit\u00e1rio brasileiro sair\u00e1 fortalecido e reconhecido internacionalmente, ap\u00f3s lidar com a situa\u00e7\u00e3o da gripe avi\u00e1ria ocorrida em uma granja comercial do Rio Grande do Sul.\u00a0Na avalia\u00e7\u00e3o do ministro da <a href=\"https:\/\/www.acordacidade.com.br\/tag\/agricultura\/\">Agricultura <\/a>e Pecu\u00e1ria, Carlos F\u00e1varo,\u00a0os casos ocorridos com aves silvestres comprovam isso uma vez que n\u00e3o conseguiram afetar aves em viveiros comerciais.<img decoding=\"async\" src=\"https:\/\/agenciabrasil.ebc.com.br\/ebc.png?id=1645392&amp;o=node\"><img decoding=\"async\" src=\"https:\/\/agenciabrasil.ebc.com.br\/ebc.gif?id=1645392&amp;o=node\"><\/p>\n<blockquote class=\"wp-block-quote is-layout-flow wp-block-quote-is-layout-flow\">\n<p>\u201c\u00c9 importante dizer que essa crise mostrou ao mundo a robustez do sistema brasileiro\u201d, disse o ministro.<\/p>\n<\/blockquote>\n<p>\u201cClaro que n\u00e3o quer\u00edamos que [a doen\u00e7a] entrasse em uma granja comercial. Mas o fato \u00e9 que, tendo acontecido [e n\u00e3o se espalhado], isso \u00e9 tamb\u00e9m prova cabal de como o sistema brasileiro \u00e9 robusto\u201d, acrescentou o ministro nesta quarta-feira (4) durante entrevista para atualizar os dados da gripe avi\u00e1ria no pa\u00eds.\u00a0<\/p>\n<p>De acordo com o ministro, a efici\u00eancia do sistema sanit\u00e1rio brasileiro evitou a sa\u00edda da doen\u00e7a para outras granjas. Algo que, segundo ele, est\u00e1 mais do que comprovado.<\/p>\n<h2 class=\"wp-block-heading\" id=\"h-caso-unico\">Caso \u00fanico<\/h2>\n<p>O \u00fanico caso confirmado em estabelecimento comercial ocorreu h\u00e1 14 dias em uma granja localizada no munic\u00edpio ga\u00facho de Montenegro.\u00a0<strong>Caso n\u00e3o ocorra um novo caso em granja comercial nos pr\u00f3ximos 14 dias, o Brasil poder\u00e1 se declarar pa\u00eds livre da gripe avi\u00e1ria, ao final dos 28 dias de vazio sanit\u00e1rio, previstos nos protocolos internacionais.<\/strong><\/p>\n<blockquote class=\"wp-block-quote is-layout-flow wp-block-quote-is-layout-flow\">\n<p>\u201cEstamos, portanto, na metade do processo do vazio sanit\u00e1rio, sem que outras mortes ocorram nas granjas comerciais. Nossa expectativa \u00e9 de que, ao final do vazio sanit\u00e1rio, a gente possa reduzir significativamente as restri\u00e7\u00f5es comerciais, at\u00e9 a volta completa \u00e0 normalidade da comercializa\u00e7\u00e3o\u201d, destacou o ministro.<\/p>\n<\/blockquote>\n<h2 class=\"wp-block-heading\" id=\"h-transparencia\">Transpar\u00eancia<\/h2>\n<p>F\u00e1varo reiterou que o pa\u00eds manter\u00e1 o estado de emerg\u00eancia, ampliando os processos de investiga\u00e7\u00e3o e dando total transpar\u00eancia para que, ao menor ind\u00edcio, sejam investigados eventuais casos de animais silvestres, dom\u00e9sticos ou de granjas.<\/p>\n<blockquote class=\"wp-block-quote is-layout-flow wp-block-quote-is-layout-flow\">\n<p>\u201cEstamos com oito casos sendo investigados. Nenhum em granja comercial. O \u00faltimo caso de granja comercial investigado \u00e9\u00a0 Antagorda (RS), que deu negativo ontem \u00e0 tarde, como era de se esperar.<\/p>\n<\/blockquote>\n<h2 class=\"wp-block-heading\" id=\"h-zoo-de-brasilia\">Zoo de Bras\u00edlia<\/h2>\n<p>Com rela\u00e7\u00e3o ao caso das duas aves (um pombo e um marreco irer\u00ea) encontradas mortas no Zool\u00f3gico aqui de Bras\u00edlia, dia 28 de maio, tratam-se de animais silvestres que n\u00e3o faziam parte do plantel do zoo.<\/p>\n<p>Por isso, lembrou o ministro, a exemplo dos outros 168 casos de gripe avi\u00e1ria em animais silvestres, j\u00e1 ocorridos no Brasil, n\u00e3o implicar\u00e3o qualquer restri\u00e7\u00e3o.<\/p>\n<blockquote class=\"wp-block-quote is-layout-flow wp-block-quote-is-layout-flow\">\n<p>\u201cH\u00e1 dois anos n\u00e3o t\u00ednhamos casos [da gripe] em animais silvestres. Ou seja, desde 15 de maio de 2023. De l\u00e1 para c\u00e1, nunca fechou um caso. \u00c9 t\u00e3o natural que n\u00e3o h\u00e1 protocolo prevendo restri\u00e7\u00e3o\u201d, acrescentou.<\/p>\n<\/blockquote>\n<p>As aves foram recolhidas pela Secretaria de Agricultura, Abastecimento e Desenvolvimento Rural (Seagri-DF) e enviadas ao Laborat\u00f3rio Federal de Defesa Agropecu\u00e1ria do Minist\u00e9rio da Agricultura e Pecu\u00e1ria (Mapa) para an\u00e1lise de poss\u00edveis casos de gripe avi\u00e1ria, o que j\u00e1 foi confirmado.<\/p>\n<p><strong>O fechamento preventivo tamb\u00e9m seguiu os protocolos de biosseguran\u00e7a, tanto para proteger a sa\u00fade dos animais como de colaboradores e visitantes.<\/strong><\/p>\n<h2 class=\"wp-block-heading\" id=\"h-alerta\">Alerta<\/h2>\n<p>F\u00e1varo disse que, tanto o caso de ave contaminada na granja do RS como eventuais casos em aves silvestres, devem servir de alerta para que os empreendimentos comerciais e criadouros de aves fiquem atentos.<\/p>\n<p>Ele atualizou as restri\u00e7\u00f5es comerciais aplicadas contra a carne de frango brasileira. Segundo o ministro, dos 160 pa\u00edses que compram o produto brasileiro, 21 mercados est\u00e3o com restri\u00e7\u00e3o total no Brasil; 14 suspenderam apenas a importa\u00e7\u00e3o da produ\u00e7\u00e3o com origem no Rio Grande do Sul ; e quatro deixaram de comprar a carne produzida no munic\u00edpio de Montenegro.<\/p>\n<blockquote class=\"wp-block-quote is-layout-flow wp-block-quote-is-layout-flow\">\n<p>\u201cMas j\u00e1 iniciamos negocia\u00e7\u00f5es para diminuir a restri\u00e7\u00e3o total do Brasil\u201d, disse o ministro.<\/p>\n<\/blockquote>\n<p>Segundo F\u00e1varo, as restri\u00e7\u00f5es de exporta\u00e7\u00e3o resultaram em queda m\u00e9dia de 7% no pre\u00e7o da carne de frango no mercado interno brasileiro.<\/p>\n<h2 class=\"wp-block-heading\" id=\"h-emergencias-sanitarias\">Emerg\u00eancias sanit\u00e1rias<\/h2>\n<p><strong>Ainda durante a coletiva de imprensa, F\u00e1varo disse que encaminhar\u00e1, \u00e0 Casa Civil, uma proposta de Medida Provis\u00f3ria visando garantir R$ 135 milh\u00f5es em recursos para lidar com esta e outras crises sanit\u00e1rias, tanto para casos de doen\u00e7as que afetem animais como vegetais.<\/strong><\/p>\n<p>Ele disse que isso refor\u00e7ar\u00e1 ainda mais o sistema sanit\u00e1rio do pa\u00eds, evitando maiores preju\u00edzos.<\/p>\n<p>O ministro explica que h\u00e1 atualmente quatro emerg\u00eancias sanit\u00e1rias vigentes no Brasil.<\/p>\n<blockquote class=\"wp-block-quote is-layout-flow wp-block-quote-is-layout-flow\">\n<p>\u201cA da gripe avi\u00e1ria \u00e9 a mais falada, mas h\u00e1 tamb\u00e9m relativas a doen\u00e7as que atacam produ\u00e7\u00f5es de cacau, carambola e mandioca\u201d, disse o ministro.<\/p>\n<\/blockquote>\n<p><em>Siga o Acorda Cidade no<\/em><a href=\"https:\/\/news.google.com\/search?q=acorda%20cidade&amp;hl=pt-BR&amp;gl=BR&amp;ceid=BR%3Apt-419\"><strong><em> Google Not\u00edcias<\/em><\/strong><\/a><em> e receba os principais destaques do dia. Participe tamb\u00e9m dos nossos canais no <\/em><a href=\"https:\/\/whatsapp.com\/channel\/0029Va6Rb4v3WHTNnsh8WI3N\"><strong><em>WhatsApp<\/em><\/strong><\/a><em> e <\/em><a href=\"https:\/\/www.youtube.com\/@acordacidadenoticias\/videos\"><strong>Youtube<\/strong><\/a><em> e grupo de <\/em><a href=\"https:\/\/t.me\/+sSz0khrgARA0ZmRh\"><strong><em>Telegram<\/em><\/strong><\/a><em>.<\/em><\/p>\n<\/div>\n","protected":false},"excerpt":{"rendered":"<div>\n<div>\n<figure><img decoding=\"async\" src=\"https:\/\/uploads.acordacidade.com.br\/2025\/06\/ministrocarlosfavaro_foto_antoniocruz_agenciabrasil.jpg\" alt=\"Ministro da Agricultura e Pecu\u00e1ria Carlos F\u00e1varo\"><figcaption>Foto: Ant\u00f4nio Cruz\/Ag\u00eancia Brasil<\/figcaption><\/figure>\n<\/div>\n<p>Mapa enviar\u00e1 proposta para garantir recursos a crises sanit\u00e1rias<\/p><\/div>\n","protected":false},"author":1,"featured_media":88740,"comment_status":"closed","ping_status":"closed","sticky":false,"template":"","format":"gallery","meta":{"footnotes":""},"categories":[8,9,6,57,56,10],"tags":[],"class_list":["post-88739","post","type-post","status-publish","format-gallery","has-post-thumbnail","hentry","category-bahia","category-brasil","category-feira-de-santana","category-mundo","category-policia","category-politica","post_format-post-format-gallery"],"featured_image_urls":{"full":["https:\/\/noticiasbahia360.com.br\/wp-content\/uploads\/2025\/06\/ministrocarlosfavaro_foto_antoniocruz_agenciabrasil.jpg",1200,718,false],"thumbnail":["https:\/\/noticiasbahia360.com.br\/wp-content\/uploads\/2025\/06\/ministrocarlosfavaro_foto_antoniocruz_agenciabrasil-150x150.jpg",150,150,true],"medium":["https:\/\/noticiasbahia360.com.br\/wp-content\/uploads\/2025\/06\/ministrocarlosfavaro_foto_antoniocruz_agenciabrasil-300x180.jpg",300,180,true],"medium_large":["https:\/\/noticiasbahia360.com.br\/wp-content\/uploads\/2025\/06\/ministrocarlosfavaro_foto_antoniocruz_agenciabrasil-768x460.jpg",640,383,true],"large":["https:\/\/noticiasbahia360.com.br\/wp-content\/uploads\/2025\/06\/ministrocarlosfavaro_foto_antoniocruz_agenciabrasil-1024x613.jpg",640,383,true],"1536x1536":["https:\/\/noticiasbahia360.com.br\/wp-content\/uploads\/2025\/06\/ministrocarlosfavaro_foto_antoniocruz_agenciabrasil.jpg",1200,718,false],"2048x2048":["https:\/\/noticiasbahia360.com.br\/wp-content\/uploads\/2025\/06\/ministrocarlosfavaro_foto_antoniocruz_agenciabrasil.jpg",1200,718,false],"chromenews-featured":["https:\/\/noticiasbahia360.com.br\/wp-content\/uploads\/2025\/06\/ministrocarlosfavaro_foto_antoniocruz_agenciabrasil-1024x613.jpg",1024,613,true],"chromenews-large":["https:\/\/noticiasbahia360.com.br\/wp-content\/uploads\/2025\/06\/ministrocarlosfavaro_foto_antoniocruz_agenciabrasil-825x575.jpg",825,575,true],"chromenews-medium":["https:\/\/noticiasbahia360.com.br\/wp-content\/uploads\/2025\/06\/ministrocarlosfavaro_foto_antoniocruz_agenciabrasil-590x410.jpg",590,410,true]},"author_info":{"display_name":"noticiasbahia360.com.br","author_link":"https:\/\/noticiasbahia360.com.br\/?author=1"},"category_info":"<a href=\"https:\/\/noticiasbahia360.com.br\/?cat=8\" rel=\"category\">Bahia<\/a> <a href=\"https:\/\/noticiasbahia360.com.br\/?cat=9\" rel=\"category\">Brasil<\/a> <a href=\"https:\/\/noticiasbahia360.com.br\/?cat=6\" rel=\"category\">Feira de Santana<\/a> <a href=\"https:\/\/noticiasbahia360.com.br\/?cat=57\" rel=\"category\">Mundo<\/a> <a href=\"https:\/\/noticiasbahia360.com.br\/?cat=56\" rel=\"category\">Pol\u00edcia<\/a> <a href=\"https:\/\/noticiasbahia360.com.br\/?cat=10\" rel=\"category\">Pol\u00edtica<\/a>","tag_info":"Pol\u00edtica","comment_count":"0","_links":{"self":[{"href":"https:\/\/noticiasbahia360.com.br\/index.php?rest_route=\/wp\/v2\/posts\/88739","targetHints":{"allow":["GET"]}}],"collection":[{"href":"https:\/\/noticiasbahia360.com.br\/index.php?rest_route=\/wp\/v2\/posts"}],"about":[{"href":"https:\/\/noticiasbahia360.com.br\/index.php?rest_route=\/wp\/v2\/types\/post"}],"author":[{"embeddable":true,"href":"https:\/\/noticiasbahia360.com.br\/index.php?rest_route=\/wp\/v2\/users\/1"}],"replies":[{"embeddable":true,"href":"https:\/\/noticiasbahia360.com.br\/index.php?rest_route=%2Fwp%2Fv2%2Fcomments&post=88739"}],"version-history":[{"count":0,"href":"https:\/\/noticiasbahia360.com.br\/index.php?rest_route=\/wp\/v2\/posts\/88739\/revisions"}],"wp:featuredmedia":[{"embeddable":true,"href":"https:\/\/noticiasbahia360.com.br\/index.php?rest_route=\/wp\/v2\/media\/88740"}],"wp:attachment":[{"href":"https:\/\/noticiasbahia360.com.br\/index.php?rest_route=%2Fwp%2Fv2%2Fmedia&parent=88739"}],"wp:term":[{"taxonomy":"category","embeddable":true,"href":"https:\/\/noticiasbahia360.com.br\/index.php?rest_route=%2Fwp%2Fv2%2Fcategories&post=88739"},{"taxonomy":"post_tag","embeddable":true,"href":"https:\/\/noticiasbahia360.com.br\/index.php?rest_route=%2Fwp%2Fv2%2Ftags&post=88739"}],"curies":[{"name":"wp","href":"https:\/\/api.w.org\/{rel}","templated":true}]}}