{"id":88747,"date":"2025-06-04T17:40:24","date_gmt":"2025-06-04T20:40:24","guid":{"rendered":"https:\/\/noticiasbahia360.com.br\/?p=88747"},"modified":"2025-06-04T17:40:24","modified_gmt":"2025-06-04T20:40:24","slug":"igreja-assembleia-de-deus-recebe-mocao-na-camara-pelos-87-anos-em-feira-de-santana","status":"publish","type":"post","link":"https:\/\/noticiasbahia360.com.br\/?p=88747","title":{"rendered":"Igreja Assembleia de Deus recebe mo\u00e7\u00e3o na C\u00e2mara pelos 87 anos em Feira de Santana"},"content":{"rendered":"<div>\n<div>\n<figure><img decoding=\"async\" src=\"http:\/\/noticiasbahia360.com.br\/wp-content\/uploads\/2025\/06\/assembleiadedeus_foto_portalcidade-gospel.jpg\" alt=\"Igreja Assembleia de Deus\"><figcaption>Foto: Portal Cidade Gospel<\/figcaption><\/figure>\n<\/div>\n<p>A Igreja Evang\u00e9lica <a href=\"https:\/\/www.acordacidade.com.br\/tag\/assembleia-de-deus\/\">Assembleia de Deus<\/a>, com cerca de 170 unidades espalhadas pela cidade, est\u00e1 sendo alvo, na C\u00e2mara, de uma Mo\u00e7\u00e3o de Regozijo, por parte do vereador e presidente da Casa, Marcos Lima (UB). <\/p>\n<p>Fundada em 1938, sob a lideran\u00e7a pioneira do saudoso Pastor Jos\u00e9 Carlos Guimar\u00e3es, a congrega\u00e7\u00e3o, que est\u00e1 completando 87 anos neste m\u00eas, consolidou-se, segundo o vereador, como uma das mais relevantes institui\u00e7\u00f5es religiosas do Munic\u00edpio, exercendo \u201cpapel fundamental na forma\u00e7\u00e3o moral, espiritual e social de gera\u00e7\u00f5es, por meio da prega\u00e7\u00e3o do evangelho, da promo\u00e7\u00e3o da paz e da assist\u00eancia \u00e0s fam\u00edlias em situa\u00e7\u00e3o de vulnerabilidade\u201d.<\/p>\n<p>Hoje, sob a presid\u00eancia do Pastor Joeser Santana e coordena\u00e7\u00e3o de Miriam Santana, a institui\u00e7\u00e3o \u201cmant\u00e9m firme seu compromisso com a f\u00e9 crist\u00e3 e o servi\u00e7o ao pr\u00f3ximo\u201d, observa Marcos Lima. Sua vasta programa\u00e7\u00e3o comemorativa de anivers\u00e1rio inclui eventos como \u201cA Heran\u00e7a\u201d (no Teatro Crist\u00e3o) e a \u201cConsagra\u00e7\u00e3o de Novos Obreiros\u201d, que v\u00e3o ocorrer entre os dias 6 e 13 deste m\u00eas. As a\u00e7\u00f5es, observa o vereador, demonstram \u201ca constante renova\u00e7\u00e3o e vitalidade das igrejas Assembleias de Deus em Feira de Santana\u201d, cuja sede est\u00e1 situada na rua Vasco Filho, n\u00b0 114, Centro, \u201cacolhendo milhares de fi\u00e9is e irradiando luz espiritual para toda a cidade e regi\u00e3o\u201d.<\/p>\n<p><strong>MO\u00c7\u00c3O DE CONGRATULA\u00c7\u00c3O<\/strong><\/p>\n<p>Tamb\u00e9m foi lida na sess\u00e3o desta quarta (4), na C\u00e2mara Municipal, uma Mo\u00e7\u00e3o de Congratula\u00e7\u00e3o apresentada pelo vereador Jorge Oliveira (PRD) para o professor Aurelino Bento, pelo seu anivers\u00e1rio. Reconhecido como \u201cuma refer\u00eancia no ensino e na forma\u00e7\u00e3o de gera\u00e7\u00f5es em Feira de Santana\u201d, pontuou o parlamentar, sua trajet\u00f3ria como educador \u00e9 \u201cmarcada pelo compromisso com o saber, pela \u00e9tica e pela dedica\u00e7\u00e3o ao pr\u00f3ximo, o que o consagra como um verdadeiro mestre de todos nesta cidade\u201d. Com \u201csensibilidade, intelig\u00eancia e esp\u00edrito humanista\u201d, destaca Jorge Oliveira, Bento tem \u201ccontribu\u00eddo de forma not\u00e1vel para o desenvolvimento acad\u00eamico e cultural de nossa comunidade\u201d.<\/p>\n<p><em>Informa\u00e7\u00f5es da Secretaria Municipal de Comunica\u00e7\u00e3o de Feira de Santana<\/em><\/p>\n<p><em>Siga o Acorda Cidade no<\/em><a href=\"https:\/\/news.google.com\/search?q=acorda%20cidade&amp;hl=pt-BR&amp;gl=BR&amp;ceid=BR%3Apt-419\"><strong><em> Google Not\u00edcias<\/em><\/strong><\/a><em> e receba os principais destaques do dia. Participe tamb\u00e9m dos nossos canais no <\/em><a href=\"https:\/\/whatsapp.com\/channel\/0029Va6Rb4v3WHTNnsh8WI3N\"><strong><em>WhatsApp<\/em><\/strong><\/a><em> e <\/em><a href=\"https:\/\/www.youtube.com\/@acordacidadenoticias\/videos\"><strong>Youtube<\/strong><\/a><em> e grupo de <\/em><a href=\"https:\/\/t.me\/+sSz0khrgARA0ZmRh\"><strong><em>Telegram<\/em><\/strong><\/a><em>.<\/em><\/p>\n<\/div>\n","protected":false},"excerpt":{"rendered":"<div>\n<div>\n<figure><img decoding=\"async\" src=\"https:\/\/uploads.acordacidade.com.br\/2025\/06\/assembleiadedeus_foto_portalcidade-gospel.jpg\" alt=\"Igreja Assembleia de Deus\"><figcaption>Foto: Portal Cidade Gospel<\/figcaption><\/figure>\n<\/div>\n<p>A Igreja possui cerca de 170 unidades espalhadas pela cidade<\/p><\/div>\n","protected":false},"author":1,"featured_media":88748,"comment_status":"closed","ping_status":"closed","sticky":false,"template":"","format":"gallery","meta":{"footnotes":""},"categories":[8,9,6,57,56,10],"tags":[],"class_list":["post-88747","post","type-post","status-publish","format-gallery","has-post-thumbnail","hentry","category-bahia","category-brasil","category-feira-de-santana","category-mundo","category-policia","category-politica","post_format-post-format-gallery"],"featured_image_urls":{"full":["https:\/\/noticiasbahia360.com.br\/wp-content\/uploads\/2025\/06\/assembleiadedeus_foto_portalcidade-gospel.jpg",1200,674,false],"thumbnail":["https:\/\/noticiasbahia360.com.br\/wp-content\/uploads\/2025\/06\/assembleiadedeus_foto_portalcidade-gospel-150x150.jpg",150,150,true],"medium":["https:\/\/noticiasbahia360.com.br\/wp-content\/uploads\/2025\/06\/assembleiadedeus_foto_portalcidade-gospel-300x169.jpg",300,169,true],"medium_large":["https:\/\/noticiasbahia360.com.br\/wp-content\/uploads\/2025\/06\/assembleiadedeus_foto_portalcidade-gospel-768x431.jpg",640,359,true],"large":["https:\/\/noticiasbahia360.com.br\/wp-content\/uploads\/2025\/06\/assembleiadedeus_foto_portalcidade-gospel-1024x575.jpg",640,359,true],"1536x1536":["https:\/\/noticiasbahia360.com.br\/wp-content\/uploads\/2025\/06\/assembleiadedeus_foto_portalcidade-gospel.jpg",1200,674,false],"2048x2048":["https:\/\/noticiasbahia360.com.br\/wp-content\/uploads\/2025\/06\/assembleiadedeus_foto_portalcidade-gospel.jpg",1200,674,false],"chromenews-featured":["https:\/\/noticiasbahia360.com.br\/wp-content\/uploads\/2025\/06\/assembleiadedeus_foto_portalcidade-gospel-1024x575.jpg",1024,575,true],"chromenews-large":["https:\/\/noticiasbahia360.com.br\/wp-content\/uploads\/2025\/06\/assembleiadedeus_foto_portalcidade-gospel-825x575.jpg",825,575,true],"chromenews-medium":["https:\/\/noticiasbahia360.com.br\/wp-content\/uploads\/2025\/06\/assembleiadedeus_foto_portalcidade-gospel-590x410.jpg",590,410,true]},"author_info":{"display_name":"noticiasbahia360.com.br","author_link":"https:\/\/noticiasbahia360.com.br\/?author=1"},"category_info":"<a href=\"https:\/\/noticiasbahia360.com.br\/?cat=8\" rel=\"category\">Bahia<\/a> <a href=\"https:\/\/noticiasbahia360.com.br\/?cat=9\" rel=\"category\">Brasil<\/a> <a href=\"https:\/\/noticiasbahia360.com.br\/?cat=6\" rel=\"category\">Feira de Santana<\/a> <a href=\"https:\/\/noticiasbahia360.com.br\/?cat=57\" rel=\"category\">Mundo<\/a> <a href=\"https:\/\/noticiasbahia360.com.br\/?cat=56\" rel=\"category\">Pol\u00edcia<\/a> <a href=\"https:\/\/noticiasbahia360.com.br\/?cat=10\" rel=\"category\">Pol\u00edtica<\/a>","tag_info":"Pol\u00edtica","comment_count":"0","_links":{"self":[{"href":"https:\/\/noticiasbahia360.com.br\/index.php?rest_route=\/wp\/v2\/posts\/88747","targetHints":{"allow":["GET"]}}],"collection":[{"href":"https:\/\/noticiasbahia360.com.br\/index.php?rest_route=\/wp\/v2\/posts"}],"about":[{"href":"https:\/\/noticiasbahia360.com.br\/index.php?rest_route=\/wp\/v2\/types\/post"}],"author":[{"embeddable":true,"href":"https:\/\/noticiasbahia360.com.br\/index.php?rest_route=\/wp\/v2\/users\/1"}],"replies":[{"embeddable":true,"href":"https:\/\/noticiasbahia360.com.br\/index.php?rest_route=%2Fwp%2Fv2%2Fcomments&post=88747"}],"version-history":[{"count":0,"href":"https:\/\/noticiasbahia360.com.br\/index.php?rest_route=\/wp\/v2\/posts\/88747\/revisions"}],"wp:featuredmedia":[{"embeddable":true,"href":"https:\/\/noticiasbahia360.com.br\/index.php?rest_route=\/wp\/v2\/media\/88748"}],"wp:attachment":[{"href":"https:\/\/noticiasbahia360.com.br\/index.php?rest_route=%2Fwp%2Fv2%2Fmedia&parent=88747"}],"wp:term":[{"taxonomy":"category","embeddable":true,"href":"https:\/\/noticiasbahia360.com.br\/index.php?rest_route=%2Fwp%2Fv2%2Fcategories&post=88747"},{"taxonomy":"post_tag","embeddable":true,"href":"https:\/\/noticiasbahia360.com.br\/index.php?rest_route=%2Fwp%2Fv2%2Ftags&post=88747"}],"curies":[{"name":"wp","href":"https:\/\/api.w.org\/{rel}","templated":true}]}}